{"id":117419,"date":"2026-06-06T07:50:10","date_gmt":"2026-06-06T07:50:10","guid":{"rendered":"https:\/\/www.europesays.com\/si\/117419\/"},"modified":"2026-06-06T07:50:10","modified_gmt":"2026-06-06T07:50:10","slug":"z-baklado-so-se-spomnili-na-jana","status":"publish","type":"post","link":"https:\/\/www.europesays.com\/si\/117419\/","title":{"rendered":"Z baklado so se spomnili na Jana"},"content":{"rendered":"\n<p>V Doberdobu so nocoj izpeljali baklado v spomin na prerano preminulega Jana Benso. \u0160tiriindvajsetletni doma\u010din je, kot znano, izgubil \u017eivljenje prej\u0161nji petek v hudi prometni nesre\u010di, v kateri je umrl \u0161e 25-letni Gorican Lorenzo Valentini.<\/p>\n<p>Baklado sta v petek zve\u010der organizirala dru\u0161tvo Dob in doberdobska ob\u010dina. Za\u010dela se je na dvori\u0161\u010du doberdobskega \u017eupni\u0161\u010da, kjer v zadnjih letih va\u0161ka mladina gradi pustni voz. Med mladimi pustnimi mojstri je bil tudi sam Jan, ki je bil v doberdobski pustni skupini prava gonilna sila. Baklada je potekala po va\u0161kem sredi\u0161\u010du in se zaklju\u010dila pred osnovno \u0161olo, kjer stoji mlaj. Jan je v zadnjih letih v prvi osebi sodeloval tudi pri njegovem postavljanju. Letos je s svojim traktorjem prvi\u010d poskrbel za prevoz mlaja od Doberdobskega jezera do sredi\u0161\u010da vasi.<\/p>\n<p>Baklade, ob zaklju\u010dku katere je nekaj \u010dasa mo\u010dno de\u017eevalo, so se udele\u017eili \u0161tevilni doma\u010dini in doma\u010dinke, veliko je bilo mladih. Poleg doma\u010dega \u017eupana Petra Ferfoglie sta bila navzo\u010da \u0161e \u017eupana Sovodenj Luka Pisk in Ronk Mauro Benvenuto. Spominu na Jana so se pri\u0161li poklonit tudi \u0161tevilni odbojkarji in odbojkarice, saj je sam igral z ve\u010d ekipami in v vsaki je pustil neizbrisno sled. Navzo\u010di so bili tudi predstavniki raznih drugih sredin, v katerih je bil Jan aktiven, od civilne za\u0161\u010dite do \u0161portnega zdru\u017eenja Mladost in tabornikov. Njegova tragi\u010dna smrt je prizadela mnoge, tako da je bila ganjenost velika.<\/p>\n","protected":false},"excerpt":{"rendered":"V Doberdobu so nocoj izpeljali baklado v spomin na prerano preminulega Jana Benso. \u0160tiriindvajsetletni doma\u010din je, kot znano,&hellip;\n","protected":false},"author":2,"featured_media":117420,"comment_status":"","ping_status":"","sticky":false,"template":"","format":"standard","meta":{"footnotes":"","_share_on_mastodon":"0"},"categories":[8],"tags":[37,38,9717,64,63],"class_list":["post-117419","post","type-post","status-publish","format-standard","has-post-thumbnail","category-svet","tag-slovene","tag-slovenscina","tag-spomin","tag-svet","tag-world"],"share_on_mastodon":{"url":"https:\/\/pubeurope.com\/@si\/116702073627410750","error":""},"_links":{"self":[{"href":"https:\/\/www.europesays.com\/si\/wp-json\/wp\/v2\/posts\/117419","targetHints":{"allow":["GET"]}}],"collection":[{"href":"https:\/\/www.europesays.com\/si\/wp-json\/wp\/v2\/posts"}],"about":[{"href":"https:\/\/www.europesays.com\/si\/wp-json\/wp\/v2\/types\/post"}],"author":[{"embeddable":true,"href":"https:\/\/www.europesays.com\/si\/wp-json\/wp\/v2\/users\/2"}],"replies":[{"embeddable":true,"href":"https:\/\/www.europesays.com\/si\/wp-json\/wp\/v2\/comments?post=117419"}],"version-history":[{"count":0,"href":"https:\/\/www.europesays.com\/si\/wp-json\/wp\/v2\/posts\/117419\/revisions"}],"wp:featuredmedia":[{"embeddable":true,"href":"https:\/\/www.europesays.com\/si\/wp-json\/wp\/v2\/media\/117420"}],"wp:attachment":[{"href":"https:\/\/www.europesays.com\/si\/wp-json\/wp\/v2\/media?parent=117419"}],"wp:term":[{"taxonomy":"category","embeddable":true,"href":"https:\/\/www.europesays.com\/si\/wp-json\/wp\/v2\/categories?post=117419"},{"taxonomy":"post_tag","embeddable":true,"href":"https:\/\/www.europesays.com\/si\/wp-json\/wp\/v2\/tags?post=117419"}],"curies":[{"name":"wp","href":"https:\/\/api.w.org\/{rel}","templated":true}]}}