{"id":117824,"date":"2026-06-06T16:25:10","date_gmt":"2026-06-06T16:25:10","guid":{"rendered":"https:\/\/www.europesays.com\/si\/117824\/"},"modified":"2026-06-06T16:25:10","modified_gmt":"2026-06-06T16:25:10","slug":"drugi-dan-ep-ja-v-gorskem-teku-tranchand-in-wyder-do-zlata","status":"publish","type":"post","link":"https:\/\/www.europesays.com\/si\/117824\/","title":{"rendered":"Drugi dan EP-ja v gorskem teku Tranchand in Wyder do zlata"},"content":{"rendered":"<p>Na 36. mestu je bil prvi Slovenec Tine \u017di\u017emond (4:29:03). V najdalj\u0161i disciplini prvenstva je edina Slovenka Martina Klan\u010dnik Potr\u010d kon\u010dala na 44. mestu (5:33:24).<\/p>\n<p>Oglas<\/p>\n<p>\t\t\t\t\t\t\t\t<a href=\"https:\/\/www.europesays.com\/si\/wp-content\/uploads\/2026\/06\/67050291.jpg\" itemprop=\"contentUrl\" data-size=\"1200x800\" data-large=\"https:\/\/www.europesays.com\/si\/wp-content\/uploads\/2026\/06\/67050291.jpg\"><br \/>\n\t\t\t\t\t\t\t\t\t<img decoding=\"async\" src=\"https:\/\/www.europesays.com\/si\/wp-content\/uploads\/2026\/06\/67050291.jpg\" title=\"Teka\u010di na \u0161tartu. Foto: www.alesfevzer.com\" alt=\"Teka\u010di na \u0161tartu. Foto: www.alesfevzer.com\"\/><br \/>\n\t\t\t\t\t\t\t\t<\/a><\/p>\n<p>\t\t\t\t\t\t\t\t\tTeka\u010di na \u0161tartu. Foto: www.alesfevzer.com<\/p>\n<p>Najzahtevnej\u0161i del EP-ja je bila prav disciplina trail in so zato tekli le v \u010dlanski konkurenci. Za\u010deli so ob deveti uri v Kamniku, kjer je bil na Glavnem trgu tudi cilj. Skupaj so morali na 52 km dolgi trasi po Veliki planini premagati 2450 m vzponov, in enako \u0161tevilo metrov na spustih.<\/p>\n<p>Tranchand je lani zmagal na SP-ju v kratkem trailu. &#8220;Precej sem danes tvegal po spustu z vrha, ampak tam sem si pridobil prednost, ki mi je dala samozavest. Zadnji del proge je bila le \u0161e bitka za pre\u017eivetje. Obenem tudi nisem vedel, kolik\u0161no prednost imam, a sem na sre\u010do zdr\u017eal in zmagal,&#8221; je dejal Tranchand. <\/p>\n<p>\t\t\t\t\t\t\t\t<a href=\"https:\/\/www.europesays.com\/si\/wp-content\/uploads\/2026\/06\/67050347.jpg\" itemprop=\"contentUrl\" data-size=\"1200x800\" data-large=\"https:\/\/www.europesays.com\/si\/wp-content\/uploads\/2026\/06\/67050347.jpg\"><br \/>\n\t\t\t\t\t\t\t\t\t<img decoding=\"async\" src=\"https:\/\/www.europesays.com\/si\/wp-content\/uploads\/2026\/06\/67050347.jpg\" title=\"Klemen Vihar na \u010crnivcu. Foto: MMC RTV SLO\/Toma\u017e Okorn\" alt=\"Klemen Vihar na \u010crnivcu. Foto: MMC RTV SLO\/Toma\u017e Okorn\"\/><br \/>\n\t\t\t\t\t\t\t\t<\/a><\/p>\n<p>\t\t\t\t\t\t\t\t\tKlemen Vihar na \u010crnivcu. Foto: MMC RTV SLO\/Toma\u017e Okorn<\/p>\n<p>Italijan Daniel Pattis je zaostal \u0161tiri minute in 40 sekund, ve\u010d kot \u0161tiri ure pa je do cilja potreboval drugi Francoz Antoine Charvolin (4:05:13), ki je bil tretji.<\/p>\n<p>21-letni \u017di\u017emond si je pred tekmo \u017eelel te\u010di pod petimi urami, bil je ve\u010d kot pol ure hitrej\u0161i. &#8220;Prvenstvo je zelo dobro pripravljeno, vse pohvale organizatorjem. Vreme je bilo zelo lepo, ni me motilo, da je bila proga po petkovem de\u017eevju razmo\u010dena. Malo je drselo in zato si bil \u0161e hitrej\u0161i. Sam imam raje vzpone, tako da zadnjih slabih 20 km, ko je bilo skoraj ravninskih, ni bilo pisanih na mojo ko\u017eo,&#8221; je dejal \u0161tudent geologije iz okolice Nove Gorice.<\/p>\n<p>30 tekmovalcev za njim sta skupaj v cilj pritekla Jaka Boster in Marko Tratnik (4:48:58), na 79. mestu je bil Klemen Vihar (5:11:51).<\/p>\n<p>Wyder je v trailu srebro osvojila na SP-ju leta 2023. &#8220;Vesela sem zmage na tej lepi progi, ki pa je bila tudi te\u017eka. Kon\u010dno sem po kar nekaj \u010dasa spet opravila res lep nastop. Je pa res, da sem se kar priganjala na koncu, saj nisem vedela, kako veliko prednost imam,&#8221; je dejala. Za slabe \u0161tiri minute je ugnala \u0160panko Mario La Chico (4:40:24), slednja pa je za 14 sekund prehitela tretjeuvr\u0161\u010deno \u0160vedinjo Emmo Eriksson (4:40:38).<\/p>\n<p>Klan\u010dik Potr\u010d je \u017ee pred tekmo povedala, da je sama bolj vajena ultra tekov. &#8220;Zato mi je bilo kar te\u017eko, tempo je bil zelo hiter, posebej v drugem delu. Najprej sem mislila, da bom odnehala kar na Sv. Primo\u017eu, pa so me navija\u010di s klici Martina, Martina ter dr\u017eavnimi zastavami spodbudili, da sem nadaljevala. Drugi del je bil naporen, ampak sem v njem vstala od mrtvih, ker sem pa\u010d bolj vajena dalj\u0161ih razdalj,&#8221; je nastop strnila Klan\u010dnik Potr\u010d.<\/p>\n<p dir=\"ltr\" lang=\"sl\">&#8220;Trpim \u017ee vse od starta v Kamniku,&#8221; 15 km pred ciljem 52-km traila za medalje evropskega prvenstva pravi najbolj\u0161a slovenska trail teka\u010dica Martina Klan\u010dnik Potr\u010d, ki nastopa z vro\u010dino. A bo zborbala do cilja in pravi, da bo to najve\u010dja zmaga. <a href=\"https:\/\/t.co\/jgd6ywVMHo\" data-mce-href=\"https:\/\/t.co\/jgd6ywVMHo\" data-mce- rel=\"nofollow\">pic.twitter.com\/jgd6ywVMHo<\/a><\/p>\n<p>\u2014 Toma\u017e Okorn (@Tomaz_Okorn) <a href=\"https:\/\/x.com\/Tomaz_Okorn\/status\/2063225284103426178?ref_src=twsrc%5Etfw\" data-mce-href=\"https:\/\/x.com\/Tomaz_Okorn\/status\/2063225284103426178?ref_src=twsrc%5Etfw\" data-mce- rel=\"nofollow\">June 6, 2026<\/a><\/p>\n<p>V nedeljo se bo prvenstvo kon\u010dalo z disciplino gor dol, cilj bo prav tako v Kamniku. Skupaj bo v treh dnevih nastopilo 593 atletinj in atletov iz 33 dr\u017eav.<\/p>\n<p>Izidi, disciplina trail, 52 km, 2450 m vzponov, 2450 m spustov:<br \/>&#8211; \u010dlani:<br \/>1. Frederic Tranchand (Fra) 3:55:14<br \/>2. Daniel Pattis (Ita) 3:59:54<br \/>3. Antoine Charvolin (Fra) 4:05:13<br \/>&#8230;<br \/>36. Tine \u017di\u017emond (Slo) 4:29:03<br \/>66. Jaka Boster (Slo) 4:48:58<br \/>66. Marko Tratnik (Slo) 4:48:58<br \/>79. Klemen Vihar (Slo) 5:11:51<br \/>&#8211; ekipno<br \/>1. Francija<br \/>2. Poljska<br \/>3. \u0160panija<br \/>&#8230;<br \/>13. Slovenija<br \/>&#8211; \u010dlanice:<br \/>1. Judith Wyder (\u0160vi) 4:36:41<br \/>2. Mar\u00eda La Chica (\u0160pa) 4:40:24<br \/>3. Emma Eriksson (\u0160ve) 4:40:38<br \/>&#8230;<br \/>45. Martina Klan\u010dnik Potr\u010d (Slo) 5:33:24<br \/>&#8211; ekipno:<br \/>1. \u0160vica<br \/>2. Francija<br \/>3. \u0160panija<\/p>\n<p>Oglas<\/p>\n<p>\t\t\t<script async src=\"https:\/\/platform.twitter.com\/widgets.js\" charset=\"utf-8\"><\/script><\/p>\n","protected":false},"excerpt":{"rendered":"Na 36. mestu je bil prvi Slovenec Tine \u017di\u017emond (4:29:03). V najdalj\u0161i disciplini prvenstva je edina Slovenka Martina&hellip;\n","protected":false},"author":2,"featured_media":117825,"comment_status":"","ping_status":"","sticky":false,"template":"","format":"standard","meta":{"footnotes":"","_share_on_mastodon":"0"},"categories":[16],"tags":[33252,25566,62,37,58,60,38,94,93],"class_list":["post-117824","post","type-post","status-publish","format-standard","has-post-thumbnail","category-sport","tag-ep","tag-gorski-teki","tag-si","tag-slovene","tag-slovenia","tag-slovenija","tag-slovenscina","tag-sport","tag-sports"],"share_on_mastodon":{"url":"https:\/\/pubeurope.com\/@si\/116704098837032855","error":""},"_links":{"self":[{"href":"https:\/\/www.europesays.com\/si\/wp-json\/wp\/v2\/posts\/117824","targetHints":{"allow":["GET"]}}],"collection":[{"href":"https:\/\/www.europesays.com\/si\/wp-json\/wp\/v2\/posts"}],"about":[{"href":"https:\/\/www.europesays.com\/si\/wp-json\/wp\/v2\/types\/post"}],"author":[{"embeddable":true,"href":"https:\/\/www.europesays.com\/si\/wp-json\/wp\/v2\/users\/2"}],"replies":[{"embeddable":true,"href":"https:\/\/www.europesays.com\/si\/wp-json\/wp\/v2\/comments?post=117824"}],"version-history":[{"count":0,"href":"https:\/\/www.europesays.com\/si\/wp-json\/wp\/v2\/posts\/117824\/revisions"}],"wp:featuredmedia":[{"embeddable":true,"href":"https:\/\/www.europesays.com\/si\/wp-json\/wp\/v2\/media\/117825"}],"wp:attachment":[{"href":"https:\/\/www.europesays.com\/si\/wp-json\/wp\/v2\/media?parent=117824"}],"wp:term":[{"taxonomy":"category","embeddable":true,"href":"https:\/\/www.europesays.com\/si\/wp-json\/wp\/v2\/categories?post=117824"},{"taxonomy":"post_tag","embeddable":true,"href":"https:\/\/www.europesays.com\/si\/wp-json\/wp\/v2\/tags?post=117824"}],"curies":[{"name":"wp","href":"https:\/\/api.w.org\/{rel}","templated":true}]}}