{"id":117867,"date":"2026-06-06T17:35:13","date_gmt":"2026-06-06T17:35:13","guid":{"rendered":"https:\/\/www.europesays.com\/si\/117867\/"},"modified":"2026-06-06T17:35:13","modified_gmt":"2026-06-06T17:35:13","slug":"v-ljubljani-zbiralna-akcija-starega-papirja-za-pomoc-zivalim","status":"publish","type":"post","link":"https:\/\/www.europesays.com\/si\/117867\/","title":{"rendered":"V Ljubljani zbiralna akcija starega papirja za pomo\u010d \u017eivalim"},"content":{"rendered":"<p>Dru\u0161tvo za za\u0161\u010dito \u017eivali Ljubljana danes organizira \u017ee 37. tradicionalno akcijo zbiranja starega papirja in knjig za pomo\u010d \u017eivalim. Star papir, razen ve\u010djih koli\u010din kartona, sprejemajo med 8. in 18. uro na parkiri\u0161\u010du Trgovskega Centra Vi\u010d, del izkupi\u010dka pa bodo namenili Zaveti\u0161\u010du Horjul in Zavodu Skupina veterinarjev sterilizira potepuhe.<\/p>\n<p>Star papir z izjemo ve\u010djih koli\u010din kartona lahko obiskovalci oddajo v zabojnik na lokaciji, kjer jim bodo v pomo\u010d prostovoljci dru\u0161tva. V okviru akcije bo mo\u017ena tudi izmenjava \u017ee prebranih knjig.<\/p>\n<p>Poleg tega v dru\u0161tvu zbirajo \u0161e staro posteljnino, rjuhe, brisa\u010de, odeje, pleni\u010dne podloge in hrano za \u017eivali, so sporo\u010dili iz dru\u0161tva.<\/p>\n<p>Na dobrodelni stojnici Dru\u0161tva za za\u0161\u010dito \u017eivali Ljubljana bodo obiskovalci poleg predstavitvenih gradiv na\u0161li tudi darila za svoje \u0161tirino\u017ene prijatelje, delo dru\u0161tva pa bodo lahko podprli s prostovoljnim prispevkom.\u00a0<\/p>\n","protected":false},"excerpt":{"rendered":"Dru\u0161tvo za za\u0161\u010dito \u017eivali Ljubljana danes organizira \u017ee 37. tradicionalno akcijo zbiranja starega papirja in knjig za pomo\u010d&hellip;\n","protected":false},"author":2,"featured_media":117868,"comment_status":"","ping_status":"","sticky":false,"template":"","format":"standard","meta":{"footnotes":"","_share_on_mastodon":"0"},"categories":[21],"tags":[6937,25405,2038,9352,124,32736,62,37,58,60,38,16604,3794],"class_list":["post-117867","post","type-post","status-publish","format-standard","has-post-thumbnail","category-ljubljana","tag-akcija","tag-brisace","tag-hrana","tag-knjiga","tag-ljubljana","tag-papir","tag-si","tag-slovene","tag-slovenia","tag-slovenija","tag-slovenscina","tag-zavetisce","tag-zivali"],"share_on_mastodon":{"url":"https:\/\/pubeurope.com\/@si\/116704373959221133","error":""},"_links":{"self":[{"href":"https:\/\/www.europesays.com\/si\/wp-json\/wp\/v2\/posts\/117867","targetHints":{"allow":["GET"]}}],"collection":[{"href":"https:\/\/www.europesays.com\/si\/wp-json\/wp\/v2\/posts"}],"about":[{"href":"https:\/\/www.europesays.com\/si\/wp-json\/wp\/v2\/types\/post"}],"author":[{"embeddable":true,"href":"https:\/\/www.europesays.com\/si\/wp-json\/wp\/v2\/users\/2"}],"replies":[{"embeddable":true,"href":"https:\/\/www.europesays.com\/si\/wp-json\/wp\/v2\/comments?post=117867"}],"version-history":[{"count":0,"href":"https:\/\/www.europesays.com\/si\/wp-json\/wp\/v2\/posts\/117867\/revisions"}],"wp:featuredmedia":[{"embeddable":true,"href":"https:\/\/www.europesays.com\/si\/wp-json\/wp\/v2\/media\/117868"}],"wp:attachment":[{"href":"https:\/\/www.europesays.com\/si\/wp-json\/wp\/v2\/media?parent=117867"}],"wp:term":[{"taxonomy":"category","embeddable":true,"href":"https:\/\/www.europesays.com\/si\/wp-json\/wp\/v2\/categories?post=117867"},{"taxonomy":"post_tag","embeddable":true,"href":"https:\/\/www.europesays.com\/si\/wp-json\/wp\/v2\/tags?post=117867"}],"curies":[{"name":"wp","href":"https:\/\/api.w.org\/{rel}","templated":true}]}}