{"id":117943,"date":"2026-06-06T19:18:12","date_gmt":"2026-06-06T19:18:12","guid":{"rendered":"https:\/\/www.europesays.com\/si\/117943\/"},"modified":"2026-06-06T19:18:12","modified_gmt":"2026-06-06T19:18:12","slug":"spominska-slovesnost-pod-macesnovo-gorico-od-odprtih-grobov-do-odprtih-src-sredi-slovenskega-holokavsta","status":"publish","type":"post","link":"https:\/\/www.europesays.com\/si\/117943\/","title":{"rendered":"Spominska slovesnost pod Macesnovo gorico: Od odprtih grobov do odprtih src sredi &#8220;slovenskega holokavsta&#8221;"},"content":{"rendered":"<p>                        06. 06. 2026, 14:48<\/p>\n<p>                                                        <a class=\"no-ajaxy\" href=\"https:\/\/radio.ognjisce.si\/user\/profile\/marcelk\" rel=\"nofollow noopener\" target=\"_blank\"><br \/>\n                                                                                                Marcel<br \/>\n                                Krek<\/p>\n<p>                                                            <\/a><\/p>\n<p class=\"deck\">V Ko\u010devskem rogu, na prizori\u0161\u010du ene najve\u010djih tragedij slovenske zgodovine, je danes (v soboto, 6. junija 2026), potekala vsakoletna obletna sveta ma\u0161a in spominska slovesnost za \u017ertve povojnih zunajsodnih pobojev. Velika mno\u017eica romarjev in sorodnikov pobitih se je tokrat \u017ee drugo leto zapored zbrala pri jami pod Macesnovo gorico.<\/p>\n<p>                    Macesnova gorica kot simbol slovenskega trpljenja in prelom z molkom<\/p>\n<p>Ta lokacija je v zadnjih letih v javni zavesti nadomestila prej\u0161nje osrednje spominsko mesto pri breznu pod Krenom, saj so raziskave potrdile, da so bili prav pod Macesnovo gorico v juniju 1945 zunajsodno pobiti predvsem slovenski fantje in mo\u017eje.\n                    <\/p>\n<p>Leto\u0161nji spominski dan je imel poseben dru\u017ebeni in zakonodajni odmev, saj je slovesnost potekala kmalu po sprejetju novele zakona o prikritih vojnih grobi\u0161\u010dih in pokopu \u017ertev. Ta novela je slovenski dru\u017ebi vrnila 17. maj kot nacionalni spominski dan na \u017ertve komunisti\u010dnega nasilja, hkrati pa je zakonsko omogo\u010dila dolgo pri\u010dakovani prenos in pokop posmrtnih ostankov ro\u0161kih \u017ertev na osrednje ljubljansko pokopali\u0161\u010de \u017dale.\n                    <\/p>\n<p>&#13;<\/p>\n<p lang=\"sl\" dir=\"ltr\">Narod, ki ne pokoplje svojih mrtvih, ostaja ujetnik svoje preteklosti. <\/p>\n<p>Z dana\u0161njo udele\u017ebo na spominski ma\u0161i v Ko\u010devskem rogu poudarjamo pomen dostojnega pokopa vseh mrtvih. Pred kratkim sprejet zakon je korak k temu, da Slovenija poka\u017ee svojo dru\u017ebeno zrelost in spo\u0161tovanje\u2026 <a href=\"https:\/\/t.co\/j7WaFX7dpH\" rel=\"nofollow\">pic.twitter.com\/j7WaFX7dpH<\/a>\n                    <\/p>\n<p>                    &#13;<br \/>\n\u2014 NSi (@NovaSlovenija) <a href=\"https:\/\/x.com\/NovaSlovenija\/status\/2063227478429102550?ref_src=twsrc%5Etfw\" rel=\"nofollow\">June 6, 2026<\/a><\/p>\n<p>Zgodovinski okvir Macesnove gorice je pretresljiv. Arheologi so leta 2022 iz brezna izkopali posmrtne ostanke 3450 mo\u0161kih, ve\u010dinoma slovenskih domobrancev, ki so jih partizanske sile brezna pobile med 2. in 10. junijem 1945, nato pa vhod v jamo minirale, da bi zabrisale sledi. Dolgo \u010dasa so ti ostanki le\u017eali v neprimernih prostorih ko\u010devske komunale, nato pa so bili po navodilu prej\u0161nje vlade za\u010dasno preneseni v dr\u017eavno kostnico v \u0160kofji Loki, kar pa je velik del javnosti in politike prepoznal kot nepietetno re\u0161itev. Nova zakonodaja sedaj odpira pot do dostojnega pokopa v prestolnici.\n                    <\/p>\n<p>Zgodovinarji ocenjujejo, da je v celotnem Ko\u010devskem rogu v ve\u010d grobi\u0161\u010dih kon\u010dalo do 30.000 \u017ertev. \u010ce so v breznu pod Krenom ve\u010dinoma pokopane \u017ertve drugih narodnosti nekdanje skupne dr\u017eave, pa Macesnova gorica predstavlja epcenter slovenske narodne bole\u010dine. Javni in institucionalni spomin na te dogodke se je sicer za\u010del \u017ee 8. julija 1990 s prelomno spominsko ma\u0161o, ki je kon\u010dala desetletja zaukazanega in policijsko nadzorovanega molka. Vendar pa, kot ka\u017eejo dru\u017ebena dogajanja, spravni proces, ki se je takrat za\u010del, \u0161e zdale\u010d ni kon\u010dan.\n                    <\/p>\n<p>Pridiga \u0161kofa Sajeta: Pravica do groba krepi temelje zaupanja<\/p>\n<p>Sveto ma\u0161o je ob soma\u0161evanju \u0161tevilnih duhovnikov daroval novome\u0161ki \u0161kof in predsednik Slovenske \u0161kofovske konference (S\u0160K) msgr. dr. Andrej Saje. V svoji pridigi z naslovom &#8220;Blagor tistim, ki delajo za mir2 \u2013 Od odprtih grobov do odprtih src se je oprl na svetopisemske podobe preroka Ezekiela in poudaril, da je Macesnova gorica kraj, kjer se slovenska zgodovina dotika najglobljih vpra\u0161anj \u010dlovekovega dostojanstva in resnice.<\/p>\n<p>\u0160kof Saje je izrazil hvale\u017enost za sprejetje novega zakona, ki omogo\u010da pokop \u017ertev na \u017dalah, ter poudaril, da je skrb za pokojne temeljno znamenje \u010dlove\u0161ke kulture. &#8220;Vsak \u010dlovek ima pravico do imena in do groba. Kadar narod spo\u0161tljivo poskrbi za svoje pokojne, krepi temelje medsebojnega spo\u0161tovanja in zaupanja,&#8221; je dejal. Poudaril je, da kr\u0161\u010danska vera u\u010di, da prihodnosti ni mogo\u010de graditi na pozabi, ampak le na resnici.<\/p>\n<p>Sprava po Sajetovih besedah ni politi\u010dni ali zgodovinski projekt, temve\u010d duhovna pot o\u010di\u0161\u010denja spomina in ponovnega odkrivanja bratstva, kjer se morajo sre\u010dati resnica, pravi\u010dnost, usmiljenje in mir. Pokojne in tudi storilce nasilnih dejanj je izro\u010dil Bo\u017ejemu usmiljenju, narodu pa za\u017eelel modrosti in poguma za gradnjo prihodnosti.<\/p>\n<p>Ddr. Klemen Jakli\u010d: &#8220;Slovenski holokavst&#8221; in pravna realnost zlo\u010dina<\/p>\n<p>Po zaklju\u010dku liturgi\u010dnega dela je v kulturnem programu zbrane nagovoril prof. ddr. Klemen Jakli\u010d, nekdanji sodnik Ustavnega sodi\u0161\u010da Republike Slovenije. Njegov nastop je bil izjemno oster in pravno argumentiran. Jakli\u010d je povojne poboje, ki jih je izvedla komunisti\u010dna oblast, nedvoumno ozna\u010dil za zlo\u010din proti \u010dlove\u010dnosti.<\/p>\n<p>Opozoril je, da so \u017ee v \u010dasu teh dogodkov veljala jasna na\u010dela mednarodnega prava in \u017eenevskih konvencij, ki so strogo prepovedovala nasilje nad ujetniki, samovoljne usmrtitve in kolektivno krivdo. &#8220;Zato pravno gledano tu ni mogo\u010d noben izgovor. Tu pod Macesnovo gorico, na Teharjah, Hrastni\u0161kem hribu in premnogih drugih krajih se je izvajal slovenski holokavst, najtemnej\u0161i odklon slovenske zgodovine,&#8221; je bil neposreden nekdanji ustavni sodnik.<\/p>\n<p>Jakli\u010d je poudaril, da bi morala dr\u017eava uradno in jasno priznati naravo tega komunisti\u010dnega zlo\u010dina ter odlo\u010dno zavre\u010di vse totalitarizme. To bi po njegovem mnenju pomenilo dejansko potrditev svobodne in demokrati\u010dne dru\u017ebe, ki so jo dr\u017eavljani izbrali pred 35 leti ob osamosvojitvi.<\/p>\n<p>Visoka dr\u017eavna in politi\u010dna udele\u017eba ob robu brezna<\/p>\n<p>Slovesnost, ki jo je s pesmijo pospremil oktet In spiritu, je minila ob prisotnosti visokih politi\u010dnih in dru\u017ebenih predstavnikov. Med navzo\u010dimi, ki so pred brezno polo\u017eili vence, so bili predsednik vlade Janez Jan\u0161a, minister za infrastrukturo in energetiko Jernej Vrtovec, varuhinja \u010dlovekovih pravic Simona Drenik Bavdek ter zagovornik na\u010dela enakosti Miha Lobnik.<\/p>\n<p>&#13;<\/p>\n<p lang=\"sl\" dir=\"ltr\">Predsednik <a href=\"https:\/\/x.com\/vladaRS?ref_src=twsrc%5Etfw\" rel=\"nofollow\">@vladaRS<\/a> <a href=\"https:\/\/x.com\/JJansaSDS?ref_src=twsrc%5Etfw\" rel=\"nofollow\">@JJansaSDS<\/a> in delegacija Slovenske demokratske stranke so se poklonili \u017ertvam povojnih pobojev.<\/p>\n<p>Kot je v govoru na slovesnosti dejal <a href=\"https:\/\/x.com\/kjaklic?ref_src=twsrc%5Etfw\" rel=\"nofollow\">@kjaklic<\/a> se je tu dogajalo organizirano in sistemati\u010dno \u010di\u0161\u010denje druga\u010de misle\u010dih: \u010ci\u0161\u010denje se je najprej osredoto\u010dilo na\u2026 <a href=\"https:\/\/t.co\/flnV6OK6ux\" rel=\"nofollow\">pic.twitter.com\/flnV6OK6ux<\/a><\/p>\n<p>&#13;<br \/>\n\u2014 SDS (@strankaSDS) <a href=\"https:\/\/x.com\/strankaSDS\/status\/2063211170509574355?ref_src=twsrc%5Etfw\" rel=\"nofollow\">June 6, 2026<\/a><\/p>\n<p>Uradni venec v imenu predsednice republike Nata\u0161e Pirc Musar je ob najvi\u0161jih dr\u017eavnih \u010dasteh polo\u017eila Garda Slovenske vojske, s \u010dimer je bil dogodku podeljen uraden dr\u017eavni in pietetni okvir. Slovesnost pod Macesnovo gorico tako ostaja opomin in hkrati poziv slovenski javnosti, da pot do resni\u010dne sprave vodi izklju\u010dno skozi priznanje zgodovinskih dejstev, vrnitev dostojanstva zamol\u010danim \u017ertvam in zagotovitev njihovega trajnega miru v posve\u010deni zemlji.<\/p>\n<p>Aktivna vloga mladih in molitveno bdenje v ro\u0161ki temi<\/p>\n<p>Posebnost leto\u0161nje spominske slovesnosti je bila mo\u010dna anga\u017eiranost mlaj\u0161e generacije, kar ka\u017ee na to, da \u017eelijo mladi aktivno sodelovati pri celjenju narodnih ran. Na predve\u010der slovesnosti in pono\u010di so mladi v okviru pobude Bdenje v Rogu \u017ee tradicionalno bedeli in molili ob breznih. Na kraj trpljenja so prinesli Najsvetej\u0161e ter ob branju imen pobitih premi\u0161ljevali o lu\u010di sredi najgloblje teme.<\/p>\n<p>Dodaten simbolni korak je dopoldan naredila Mlada Slovenija, podmladek stranke NSi. Na poti proti Jami pod Macesnovo gorico so postavili obcestni ka\u017eipot. Kot so sporo\u010dili, gre za dejanje pietete, uravnove\u0161enosti in spo\u0161tovanja. &#8220;Mladi o te\u017ekih temah ne \u017eelimo mol\u010dati. Na\u0161 cilj je graditi kulturo konstruktivnega dialoga, ki dru\u017ebo povezuje, namesto da bi jo razdvajal,&#8221; so zapisali v izjavi za javnost ter dodali, da s tem dejanjem opozarjajo na nerazumno dolgotrajne postopke doseganja pravice.<\/p>\n<p>So\u010dasno je k molitveni povezanosti vabil tudi Kr\u0161\u010danski forum SDS, ki je vse, ki se slovesnosti niso mogli udele\u017eiti osebno, pozval, naj se ob 11. uri duhovno zdru\u017eijo z zbranimi v Rogu, pri\u017egejo sve\u010do in namenijo molitev za \u017ertve ter za blagoslov domovine. V svojem vabilu so poudarili, da lahko le narod, ki spo\u0161tuje svoje mrtve in si upa pogledati v preteklost, gradi varno prihodnost.<\/p>\n<p>                <script async src=\"https:\/\/platform.twitter.com\/widgets.js\" charset=\"utf-8\"><\/script><\/p>\n","protected":false},"excerpt":{"rendered":"06. 06. 2026, 14:48 Marcel Krek V Ko\u010devskem rogu, na prizori\u0161\u010du ene najve\u010djih tragedij slovenske zgodovine, je danes&hellip;\n","protected":false},"author":2,"featured_media":117342,"comment_status":"","ping_status":"","sticky":false,"template":"","format":"standard","meta":{"footnotes":"","_share_on_mastodon":"0"},"categories":[27],"tags":[31129,33292,2639,33291,33158,181,33290,33293,62,37,58,60,38],"class_list":["post-117943","post","type-post","status-publish","format-standard","has-post-thumbnail","category-novo-mesto","tag-domobranci","tag-jaklic","tag-jansa","tag-komunisti","tag-macesnova-gorica","tag-novo-mesto","tag-poboji","tag-saje","tag-si","tag-slovene","tag-slovenia","tag-slovenija","tag-slovenscina"],"share_on_mastodon":{"url":"https:\/\/pubeurope.com\/@si\/116704778824139183","error":""},"_links":{"self":[{"href":"https:\/\/www.europesays.com\/si\/wp-json\/wp\/v2\/posts\/117943","targetHints":{"allow":["GET"]}}],"collection":[{"href":"https:\/\/www.europesays.com\/si\/wp-json\/wp\/v2\/posts"}],"about":[{"href":"https:\/\/www.europesays.com\/si\/wp-json\/wp\/v2\/types\/post"}],"author":[{"embeddable":true,"href":"https:\/\/www.europesays.com\/si\/wp-json\/wp\/v2\/users\/2"}],"replies":[{"embeddable":true,"href":"https:\/\/www.europesays.com\/si\/wp-json\/wp\/v2\/comments?post=117943"}],"version-history":[{"count":0,"href":"https:\/\/www.europesays.com\/si\/wp-json\/wp\/v2\/posts\/117943\/revisions"}],"wp:featuredmedia":[{"embeddable":true,"href":"https:\/\/www.europesays.com\/si\/wp-json\/wp\/v2\/media\/117342"}],"wp:attachment":[{"href":"https:\/\/www.europesays.com\/si\/wp-json\/wp\/v2\/media?parent=117943"}],"wp:term":[{"taxonomy":"category","embeddable":true,"href":"https:\/\/www.europesays.com\/si\/wp-json\/wp\/v2\/categories?post=117943"},{"taxonomy":"post_tag","embeddable":true,"href":"https:\/\/www.europesays.com\/si\/wp-json\/wp\/v2\/tags?post=117943"}],"curies":[{"name":"wp","href":"https:\/\/api.w.org\/{rel}","templated":true}]}}