{"id":118023,"date":"2026-06-06T22:00:19","date_gmt":"2026-06-06T22:00:19","guid":{"rendered":"https:\/\/www.europesays.com\/si\/118023\/"},"modified":"2026-06-06T22:00:19","modified_gmt":"2026-06-06T22:00:19","slug":"tri-dni-casa-za-opravicilo-ali-tozba-snezic-nad-vodstvo-gibanja-svoboda","status":"publish","type":"post","link":"https:\/\/www.europesays.com\/si\/118023\/","title":{"rendered":"Tri dni \u010dasa za opravi\u010dilo ali to\u017eba: Sne\u017ei\u010d nad vodstvo Gibanja Svoboda"},"content":{"rendered":"<p style=\"text-align: justify;\">Dav\u010dni svetovalec ddr. Rok Sne\u017ei\u010d je poslanski skupini Gibanja Svoboda poslal zahtevek za javno opravi\u010dilo zaradi \u201cla\u017enivih in izmi\u0161ljenih izjav\u201d, ki so bile objavljene v prispevku z naslovom \u201cSne\u017ei\u010d trdi, da so bili Furs, NPU in Sova politi\u010dno zlorabljeni\u201d, objavljenem na portalu 24ur.com.<\/p>\n<p style=\"text-align: justify;\">Rok Sne\u017ei\u010d v dopisu pravi, da so predstavniki najve\u010dje vladne stranke o njem izrekli neresni\u010dne in \u017ealjive navedbe, ki predstavljajo kaznivi dejanji \u017ealjive obdol\u017eitve in obrekovanja po Kazenskem zakoniku.<\/p>\n<p> Preberite tudi:<a href=\"https:\/\/nova24tv.si\/foto-dokazi-snezic-z-eksplozivnim-pismom-zahteva-preiskavo-zlorab-furs-a-npu-ja-in-sove-v-casu-goloba\/#google_vignette\" rel=\"nofollow noopener\" target=\"_blank\"> [Foto dokazi] Sne\u017ei\u010d z eksplozivnim pismom: zahteva preiskavo zlorab FURS-a NPU-ja in Sove v \u010dasu Goloba<\/a><\/p>\n<p style=\"text-align: justify;\">Spomnimo, da je Sne\u017ei\u010d na ve\u010d predstavnikov nove koalicije naslovil poziv k ustanovitvi parlamentarne preiskovalne komisije, \u201cki bo raziskala politi\u010dne vplive in huj\u0161e zlorabe dr\u017eavnih institucij\u201d. Pismo je naslovil na predsednika vlade Janeza Jan\u0161o, predsednika dr\u017eavnega zbora Zorana Stevanovi\u0107a ter predsednika strank NSi in Demokrati, Jerneja Vrtovca in An\u017eeta Logarja.<\/p>\n<p><img fetchpriority=\"high\" decoding=\"async\" class=\"wp-image-978811 size-full\" src=\"https:\/\/www.europesays.com\/si\/wp-content\/uploads\/2026\/06\/6ZZ_4716ztr-scaled.jpg.webp\" alt=\"\" width=\"2560\" height=\"1590\"  \/>Dav\u010dni strokovnjak dr. Rok Sne\u017ei\u010d (Foto: Bobo)<\/p>\n<p style=\"text-align: justify;\">Se Gibanje Svoboda boji preiskovalne komisije?<\/p>\n<p style=\"text-align: justify;\">Pozval jih je, naj preiskovalna komisija preveri zlorabo predvsem Finan\u010dne uprave Republike Slovenije (FURS), Nacionalnega preiskovalnega urada (NPU) in Slovenske obve\u0161\u010devalno-varnostne agencije (SOVA), pri tem pa nanizal vrsto dokazov, ki si jih lahk ogledate <a href=\"https:\/\/nova24tv.si\/foto-dokazi-snezic-z-eksplozivnim-pismom-zahteva-preiskavo-zlorab-furs-a-npu-ja-in-sove-v-casu-goloba\/\" rel=\"nofollow noopener\" target=\"_blank\">tukaj.<\/a><\/p>\n<p style=\"text-align: justify;\">Sne\u017ei\u010d jim o\u010dita kaznivo dejanje \u017ealjive obdol\u017eitve\u2026<\/p>\n<p style=\"text-align: justify;\">Na Sne\u017ei\u010dev poziv se je za 24ur odzvalo Gibanje Svoboda, kjer so izjavili: \u201cNa televiziji smo lahko spremljali njegovo sprejemanje denarja v prostorih Darsa.\u201d Sne\u017ei\u010d odgovarja: \u201c.ddr.Rok Sne\u017ei\u010d ni nikdar bil v prostorih Darsa d.d.,kaj \u0161ele da bi bil posnet v prostorih Dars-a kako sprejema denar. Izjava je izmi\u0161ljena z namenom vr\u0161itve kaznivega dejanja \u017ealjive obdol\u017eitve.\u201d<\/p>\n<p style=\"text-align: justify;\">\u2026in kaznivo dejanje obrekovanja<\/p>\n<p style=\"text-align: justify;\">Sne\u017ei\u010d prav tako zavra\u010da njihovo oceno, da \u201cgre za izjemno obremenjeno javno podobo\u201d. V zahtevku za opravi\u010dilo pravi, da je tudi ta izjava je namenjena storitvi kaznivega dejanja obrekovanja, saj sem dvojni doktor prava, dav\u010dni svetovalec z licenco in lobist z licenco KPK, za katero je potrebno dokazilo o nekaznovanju.<\/p>\n<p><img loading=\"lazy\" decoding=\"async\" class=\"wp-image-981819 size-full\" src=\"https:\/\/www.europesays.com\/si\/wp-content\/uploads\/2026\/06\/Picture12.png.webp\" alt=\"\" width=\"877\" height=\"1019\"  \/>\u010clanek na portalu 24ur, v katerem je Gibanje Svoboda po trditvah Roka Sne\u017ei\u010da objavilo neresni\u010dne izjave. Foto: posnetek zaslona.<br \/>\n Gibanje Svoboda ima tri dni \u010dasa<\/p>\n<p style=\"text-align: justify\">\u201cTako da, v kolikor se javno v istem mediju, za katerega ste dali la\u017ene in \u017ealjive izjave o meni ne opravi\u010dite, bom proti vodji poslanske skupine in proti predsedniku stranke in poslancu Robertu Golobu vlo\u017eil zasebni kazenski to\u017ebi. Rok za opravi\u010dilo je 3 dni in pri\u010dne te\u010di z dana\u0161njim dnem.\u201d<\/p>\n<p>Sara Kova\u010d<\/p>\n","protected":false},"excerpt":{"rendered":"Dav\u010dni svetovalec ddr. Rok Sne\u017ei\u010d je poslanski skupini Gibanja Svoboda poslal zahtevek za javno opravi\u010dilo zaradi \u201cla\u017enivih in&hellip;\n","protected":false},"author":2,"featured_media":118024,"comment_status":"","ping_status":"","sticky":false,"template":"","format":"standard","meta":{"footnotes":"","_share_on_mastodon":"0"},"categories":[20],"tags":[53,32,35,31,34,11767,36,1154,12385,37,38,33,2269],"class_list":["post-118023","post","type-post","status-publish","format-standard","has-post-thumbnail","category-novice","tag-gibanje-svoboda","tag-headlines","tag-najpomembnejse-novice","tag-news","tag-novice","tag-opravicilo","tag-osrednje-novice","tag-politika","tag-rok-snezic","tag-slovene","tag-slovenscina","tag-top-stories","tag-tozba"],"share_on_mastodon":{"url":"https:\/\/pubeurope.com\/@si\/116705416184209770","error":""},"_links":{"self":[{"href":"https:\/\/www.europesays.com\/si\/wp-json\/wp\/v2\/posts\/118023","targetHints":{"allow":["GET"]}}],"collection":[{"href":"https:\/\/www.europesays.com\/si\/wp-json\/wp\/v2\/posts"}],"about":[{"href":"https:\/\/www.europesays.com\/si\/wp-json\/wp\/v2\/types\/post"}],"author":[{"embeddable":true,"href":"https:\/\/www.europesays.com\/si\/wp-json\/wp\/v2\/users\/2"}],"replies":[{"embeddable":true,"href":"https:\/\/www.europesays.com\/si\/wp-json\/wp\/v2\/comments?post=118023"}],"version-history":[{"count":0,"href":"https:\/\/www.europesays.com\/si\/wp-json\/wp\/v2\/posts\/118023\/revisions"}],"wp:featuredmedia":[{"embeddable":true,"href":"https:\/\/www.europesays.com\/si\/wp-json\/wp\/v2\/media\/118024"}],"wp:attachment":[{"href":"https:\/\/www.europesays.com\/si\/wp-json\/wp\/v2\/media?parent=118023"}],"wp:term":[{"taxonomy":"category","embeddable":true,"href":"https:\/\/www.europesays.com\/si\/wp-json\/wp\/v2\/categories?post=118023"},{"taxonomy":"post_tag","embeddable":true,"href":"https:\/\/www.europesays.com\/si\/wp-json\/wp\/v2\/tags?post=118023"}],"curies":[{"name":"wp","href":"https:\/\/api.w.org\/{rel}","templated":true}]}}