{"id":118868,"date":"2026-06-07T21:46:10","date_gmt":"2026-06-07T21:46:10","guid":{"rendered":"https:\/\/www.europesays.com\/si\/118868\/"},"modified":"2026-06-07T21:46:10","modified_gmt":"2026-06-07T21:46:10","slug":"slovenski-scenarij-ki-si-ga-izrael-ne-zeli","status":"publish","type":"post","link":"https:\/\/www.europesays.com\/si\/118868\/","title":{"rendered":"Slovenski scenarij, ki si ga Izrael ne \u017eeli?"},"content":{"rendered":"<p>Sionizem je bil \u017ee od samega za\u010detka evropsko narodnostno gibanje in obenem odgovor na antisemitizem v srcu \u0161tevilnih drugih evropskih narodnostnih gibanj. Svoj videz in besednjak je sionizem \u010drpal iz skupne evropske intelektualne tradicije, trdi znani britanski zgodovinar judovskega rodu Mark Mazower.<\/p>\n<p>Kot pi\u0161e Mark Mazower, je bil zgled za sioniste nem\u0161ka kolonizacijska politika na vzhodu nem\u0161kega cesarstva, kjer so ve\u010dino predstavljali Poljaki. Pri tem omenja v Nem\u010diji rojenega sionista Arthurja Ruppina. Kot pruski Jud je bil seznanjen z izku\u0161njami Pruske kolonizacijske komisije.<\/p>\n<p>Judovska naselitev v Palestino po pruskem modelu?<\/p>\n<p>Ruppin je kot prvi vodja Urada za Palestino kupoval posesti in zemljo v imenu judovskih kolonistov \u017ee leta pred prvo svetovno vojno. Ruppin je leta 1907, ko je bil dva tedna v Palestini, zapisal: &#8220;Delo Judovskega nacionalnega sklada (JNF) je zame podobno delu kolonizacijske komisije, ki deluje v Prusiji in Zahodni Poljski.\/&#8230;\/JNF bo kupoval zemljo, ki jo bodo Nejudje ponujali na prodaj, in jo ponujal v odkup Judom po delih ali v celoti.&#8221;<\/p>\n<p>Ruppin je na\u010drtoval ustanavljanje majhnih judovskih naselitvenih &#8220;otokov&#8221;, ki jih bi bilo mogo\u010de s\u010dasoma zdru\u017eiti. V Palestini pripeljal s sabo pruskega svetovalca, da mu je pomagal. Tedaj je bilo v Palestini ve\u010d kot 88 odstotkov prebivalcev Arabcev, v Prusiji pa 60 odstotkov Poljakov. Ruppin, &#8220;o\u010de sionisti\u010dne naselitve&#8221;, je umrl leta 1943. Polo\u017eil je temelje, na katerih so gradili drugi, trdi Mazower. Ruppin je bil med drugim politi\u010dni mentor Davidu Ben-Gurionu, ki je bil prvi premier dr\u017eave Izrael.<\/p>\n<p>Svarila avstrijskih sionistov<\/p>\n<p>Mazower v knjigi Hitlerjev imperij pi\u0161e tudi o avstrijskih sionistih, ki so svarili pred nevarnostjo, da bodo Jude preplavili Arabci in pri tem navajali primere nem\u0161kih manj\u0161in: &#8220;\u010ce bo \u0161lo tako naprej, bomo do\u017eiveli enako usodo kot Nemci v dolo\u010denih slovanskih de\u017eelah.&#8221;<\/p>\n<p>Glede na to, da so v Avstriji, tj. v Habsbur\u0161ki monarhiji, Nemci kot manj\u0161ina \u017eiveli zlasti v \u010de\u0161kih in slovenskih de\u017eelah, je mogo\u010de, da je mi\u0161ljena tudi usoda Nemcev v slovenskih de\u017eelah v \u010dasu slovenskega nacionalnega preporoda. Torej, da so avstrijski sionisti svarili tudi pred nekak\u0161nim slovenskim scenarijem.<\/p>\n<p>Nem\u0161ka kolonizacijska politika: etni\u010dni most do Maribora<\/p>\n<p>Vzporednice se tudi med prusko kolonizacijsko politiko na poljskem etni\u010dnem obmo\u010dju in poskusi nem\u0161kih nacionalistov v Habsbur\u0161ki monarhiji, da bi z na\u010drtno kolonizacija povezali Maribor, ki je bil tedaj ve\u010dinsko nem\u0161ko mesto s slovensko okolico (torej etni\u010dni otok oziroma enklava), s strnjenim nem\u0161kim etni\u010dnim obmo\u010djem severno od mesta.<\/p>\n<p>Glede antisemitizma, o katerem Mazower pi\u0161e, da je bil v srcu \u0161tevilnih drugih evropskih narodnostnih gibanj, je treba omeniti, da je to do dolo\u010dene mere veljalo tudi za slovensko politiko. Na slovenski katoli\u0161ki politi\u010dni tabor v \u010dasu Habsbur\u0161ke monarhije je tako zelo vplival dunajski kr\u0161\u010danskosocialni \u017eupan Karl Lueger, ki je bil znan po protijudovski retoriki. Protijudovska retorika je obstajala v slovenskem protikomunisti\u010dnem taboru tudi med drugo svetovno vojno.<\/p>\n","protected":false},"excerpt":{"rendered":"Sionizem je bil \u017ee od samega za\u010detka evropsko narodnostno gibanje in obenem odgovor na antisemitizem v srcu \u0161tevilnih&hellip;\n","protected":false},"author":2,"featured_media":118869,"comment_status":"","ping_status":"","sticky":false,"template":"","format":"standard","meta":{"footnotes":"","_share_on_mastodon":"0"},"categories":[6],"tags":[33519,33518,2006,10307,33517,4039,59,61,62,15868,37,58,60,38,1130],"class_list":["post-118868","post","type-post","status-publish","format-standard","has-post-thumbnail","category-slovenija","tag-arthur-ruppin","tag-david-ben-gurion","tag-izrael","tag-judovska-skupnost","tag-mark-mazower","tag-palestina","tag-republic-of-slovenia","tag-republika-slovenija","tag-si","tag-sionizem","tag-slovene","tag-slovenia","tag-slovenija","tag-slovenscina","tag-zgodovina"],"share_on_mastodon":{"url":"https:\/\/pubeurope.com\/@si\/116711023300403477","error":""},"_links":{"self":[{"href":"https:\/\/www.europesays.com\/si\/wp-json\/wp\/v2\/posts\/118868","targetHints":{"allow":["GET"]}}],"collection":[{"href":"https:\/\/www.europesays.com\/si\/wp-json\/wp\/v2\/posts"}],"about":[{"href":"https:\/\/www.europesays.com\/si\/wp-json\/wp\/v2\/types\/post"}],"author":[{"embeddable":true,"href":"https:\/\/www.europesays.com\/si\/wp-json\/wp\/v2\/users\/2"}],"replies":[{"embeddable":true,"href":"https:\/\/www.europesays.com\/si\/wp-json\/wp\/v2\/comments?post=118868"}],"version-history":[{"count":0,"href":"https:\/\/www.europesays.com\/si\/wp-json\/wp\/v2\/posts\/118868\/revisions"}],"wp:featuredmedia":[{"embeddable":true,"href":"https:\/\/www.europesays.com\/si\/wp-json\/wp\/v2\/media\/118869"}],"wp:attachment":[{"href":"https:\/\/www.europesays.com\/si\/wp-json\/wp\/v2\/media?parent=118868"}],"wp:term":[{"taxonomy":"category","embeddable":true,"href":"https:\/\/www.europesays.com\/si\/wp-json\/wp\/v2\/categories?post=118868"},{"taxonomy":"post_tag","embeddable":true,"href":"https:\/\/www.europesays.com\/si\/wp-json\/wp\/v2\/tags?post=118868"}],"curies":[{"name":"wp","href":"https:\/\/api.w.org\/{rel}","templated":true}]}}