{"id":119466,"date":"2026-06-08T11:26:21","date_gmt":"2026-06-08T11:26:21","guid":{"rendered":"https:\/\/www.europesays.com\/si\/119466\/"},"modified":"2026-06-08T11:26:21","modified_gmt":"2026-06-08T11:26:21","slug":"mrtvim-dolgujemo-resnico-zivim-dolgujemo-mir","status":"publish","type":"post","link":"https:\/\/www.europesays.com\/si\/119466\/","title":{"rendered":"Mrtvim dolgujemo resnico, \u017eivim dolgujemo mir"},"content":{"rendered":"<p>Marjan Kri\u017eman: \u201eTudi iz tega zbora vam sporo\u010damo, da vam ne bo uspelo umazati partizanskega boja, izni\u010diti vsega trpljenja pod okupatorjem in doma\u010dimi izdajalci in ne bomo vam dovoli Slovenije spremeniti v banano republiko.\u201c<\/p>\n<p>V organizaciji Zveza borcev za vrednote NOB Kamnik in KO NOB Tuhinj je v nedeljo, 7. 6. 2026, pri spominskem obele\u017eju v \u010ce\u0161njicah v Tuhinju potekala tradicionalna spominska slovesnost, s katero so se prisotni poklonili spominu na padle borce, med katerimi so bili tudi dr. Peter Dr\u017eaj, vodja ameri\u0161ke vojne misije, kapetan Charles Fisher, ameri\u0161ka oficirja Julius Rosenberg in Ernst Knoth ter dva britanska oficirja, major Mathews in poro\u010dnik Edward Parks, ki so padli v letih 1944 in 1945.<\/p>\n<p><a href=\"https:\/\/www.europesays.com\/si\/wp-content\/uploads\/2026\/06\/cesnjice-1-2026.jpg\"><img loading=\"lazy\" decoding=\"async\" class=\"aligncenter size-full wp-image-202503\" src=\"data:image\/svg+xml,%3Csvg%20xmlns=\" http:=\"\" alt=\"\" width=\"1024\" height=\"683\" data-lazy- data-lazy- data-lazy-src=\"https:\/\/www.europesays.com\/si\/wp-content\/uploads\/2026\/06\/cesnjice-1-2026.jpg\"\/><img loading=\"lazy\" decoding=\"async\" class=\"aligncenter size-full wp-image-202503\" src=\"https:\/\/www.europesays.com\/si\/wp-content\/uploads\/2026\/06\/cesnjice-1-2026.jpg\" alt=\"\" width=\"1024\" height=\"683\"  \/><\/a><\/p>\n<p>Ob prisotnosti prapor\u0161\u010dakov je zbrane na spominski slovesnosti, ki jo je povezoval Igor \u017davbi, v imenu gostiteljev prireditve, najprej nagovoril predsednik Zveze borcev za vrednote NOB Kamnik Igor Kani\u017ear:<\/p>\n<p><a href=\"https:\/\/www.europesays.com\/si\/wp-content\/uploads\/2026\/06\/cesnjice-10-2026.jpg\"><img loading=\"lazy\" decoding=\"async\" class=\"aligncenter size-full wp-image-202504\" src=\"data:image\/svg+xml,%3Csvg%20xmlns=\" http:=\"\" alt=\"\" width=\"1024\" height=\"683\" data-lazy- data-lazy- data-lazy-src=\"https:\/\/www.europesays.com\/si\/wp-content\/uploads\/2026\/06\/cesnjice-10-2026.jpg\"\/><img loading=\"lazy\" decoding=\"async\" class=\"aligncenter size-full wp-image-202504\" src=\"https:\/\/www.europesays.com\/si\/wp-content\/uploads\/2026\/06\/cesnjice-10-2026.jpg\" alt=\"\" width=\"1024\" height=\"683\"  \/><\/a><\/p>\n<p>\u201ePozdravljeni vsi, ki ste se zbrali ob spomeniku padlim partizanom ter zavezni\u0161kim vojakom Zdru\u017eenih dr\u017eav Amerike in Velike Britanije, ki so v \u010dasu druge svetovne vojne \u017ertvovali svoja \u017eivljenja v boju proti nacizmu in fa\u0161izmu na na\u0161em obmo\u010dju,\u201c ter nadaljeval: \u201eNe zbiramo se zato, da bi obujali stare zamere ali iskali nove razloge za delitve. Zbiramo se zato, da ohranimo spomin na ljudi, ki so v enem najte\u017ejih obdobij na\u0161e zgodovine verjeli, da je svoboda vrednota, za katero se je vredno \u017ertvovati. Spominjamo se njihovega poguma, njihovega trpljenja in njihove \u017ertve.\u201c<\/p>\n<p>V svojem kratkem nagovoru je Igor Kani\u017ear posebno spo\u0161tovanje izrekel tudi zavezni\u0161kim vojakom Zdru\u017eenih dr\u017eav Amerike,Velike Britanije in Sovjetske zveze, ki so na celotnem slovenskem ozemlju \u017ertvovali svoja \u017eivljenja v skupnem boju proti nacizmu in fa\u0161izmu, njihov prispevek k zmagi nad nacizmom in fa\u0161izmom pa je neizbrisen, saj so skupaj s partizanskim odporni\u0161kim gibanjem pomagali tlakovati pot do osvoboditve in svobode.<\/p>\n<p>Odzval pa se je tudi na \u0161tevilne spletne odzive, pove\u010dini anonimnih spletnih komentatorjev, ki so se obregnili ob vabilo na tradicionalno prireditev in dejal: \u201eV zadnjih dneh sem ob objavi vabila na to slovesnost prebral tudi \u0161tevilne odzive in komentarje. Nekateri med njimi so bili spo\u0161tljivi, drugi pa \u017ealjivi, polni zani\u010devanja in medsebojnega obto\u017eevanja. To me \u017ealosti. Ne zato, ker bi se morali vsi strinjati o vseh vpra\u0161anjih na\u0161e zgodovine, ampak zato, ker se tudi ve\u010d kot osemdeset let po vojni \u0161e vedno prepogosto pogovarjamo drug o drugem namesto drug z drugim.<\/p>\n<p><a href=\"https:\/\/www.europesays.com\/si\/wp-content\/uploads\/2026\/06\/cesnjice-5-2026.jpg\"><img loading=\"lazy\" decoding=\"async\" class=\"aligncenter size-full wp-image-202505\" src=\"data:image\/svg+xml,%3Csvg%20xmlns=\" http:=\"\" alt=\"\" width=\"1024\" height=\"683\" data-lazy- data-lazy- data-lazy-src=\"https:\/\/www.europesays.com\/si\/wp-content\/uploads\/2026\/06\/cesnjice-5-2026.jpg\"\/><img loading=\"lazy\" decoding=\"async\" class=\"aligncenter size-full wp-image-202505\" src=\"https:\/\/www.europesays.com\/si\/wp-content\/uploads\/2026\/06\/cesnjice-5-2026.jpg\" alt=\"\" width=\"1024\" height=\"683\"  \/><\/a><\/p>\n<p>Zgodovina ni \u010drno-bela. Nih\u010de razumen ne zanika, da so se po vojni zgodile tudi krivice, nezakonitosti in tragi\u010dna dejanja, ki si zaslu\u017eijo resnico, spo\u0161tljiv spomin in obsodbo. Toda prav tako ne moremo pristati na to, da bi celoten partizanski boj prikazovali kot zlo\u010dinski projekt. Slovenski partizani so bili del velikega evropskega odpora proti nacizmu in fa\u0161izmu. Njihov boj je bil tudi boj za obstoj slovenskega naroda, jezika in kulture. To je zgodovinsko dejstvo.\u201c<\/p>\n<p>\u201ePrav tako ne moremo sprejeti poskusov, da bi sodelovanje z okupatorjem predstavljali kot najvi\u0161jo obliko domoljubja ali edini branik slovenstva. Zgodovina je bila zapletena in pogosto tragi\u010dna, vendar ostaja dejstvo, da je bila osvoboditev Evrope dose\u017eena z bojem proti nacizmu in fa\u0161izmu, ne pa s sodelovanjem z njima.<\/p>\n<p>Ko se danes klanjamo spominu padlih partizanov in zavezni\u0161kih vojakov, se ne poklanjamo ideologijam, temve\u010d ljudem. Ljudem, ki so verjeli, da je svoboda vrednota, za katero je vredno tvegati in tudi dati \u017eivljenje. Njim dolgujemo spo\u0161tovanje, hvale\u017enost in ohranjanje zgodovinskega spomina.<\/p>\n<p><a href=\"https:\/\/www.europesays.com\/si\/wp-content\/uploads\/2026\/06\/cesnjice-9-2026.jpg\"><img loading=\"lazy\" decoding=\"async\" class=\"aligncenter size-full wp-image-202506\" src=\"data:image\/svg+xml,%3Csvg%20xmlns=\" http:=\"\" alt=\"\" width=\"1024\" height=\"683\" data-lazy- data-lazy- data-lazy-src=\"https:\/\/www.europesays.com\/si\/wp-content\/uploads\/2026\/06\/cesnjice-9-2026.jpg\"\/><img loading=\"lazy\" decoding=\"async\" class=\"aligncenter size-full wp-image-202506\" src=\"https:\/\/www.europesays.com\/si\/wp-content\/uploads\/2026\/06\/cesnjice-9-2026.jpg\" alt=\"\" width=\"1024\" height=\"683\"  \/><\/a><\/p>\n<p>\u010ce \u017eelimo biti kot narod zreli, moramo znati sprejeti celotno zgodovino \u2013 njene svetle in temne strani. Spomin ne sme biti oro\u017eje v dana\u0161njih politi\u010dnih sporih. Spomin mora biti most med ljudmi.<\/p>\n<p>Zato naj bo dana\u0161nja slovesnost tudi prilo\u017enost za razmislek o prihodnosti. O Sloveniji, v kateri se ne bomo najprej spra\u0161evali, kdo je lev in kdo desen, kdo pripada eni ali drugi strani, ampak kako lahko skupaj ustvarjamo dru\u017ebo spo\u0161tovanja, dialoga in medsebojnega razumevanja,\u201c je \u0161e dejal in zaklju\u010dil z mislijo: \u201eMrtvim dolgujemo resnico, \u017eivim pa dolgujemo mir. Naj bo na\u0161 poklon padlim predvsem izraz hvale\u017enosti in opomin, da svoboda, mir in \u010dlove\u0161ko dostojanstvo nikoli niso samoumevni. Naj bo tudi sporo\u010dilo, da lahko Slovenci, ne glede na razli\u010dne poglede na preteklost, skupaj gradimo prihodnost v medsebojnem spo\u0161tovanju, miru in slogi.\u201c<\/p>\n<p><a href=\"https:\/\/www.europesays.com\/si\/wp-content\/uploads\/2026\/06\/cesnjice-14-2026.jpg\"><img loading=\"lazy\" decoding=\"async\" class=\"aligncenter size-full wp-image-202507\" src=\"data:image\/svg+xml,%3Csvg%20xmlns=\" http:=\"\" alt=\"\" width=\"1024\" height=\"683\" data-lazy- data-lazy- data-lazy-src=\"https:\/\/www.europesays.com\/si\/wp-content\/uploads\/2026\/06\/cesnjice-14-2026.jpg\"\/><img loading=\"lazy\" decoding=\"async\" class=\"aligncenter size-full wp-image-202507\" src=\"https:\/\/www.europesays.com\/si\/wp-content\/uploads\/2026\/06\/cesnjice-14-2026.jpg\" alt=\"\" width=\"1024\" height=\"683\"  \/><\/a><\/p>\n<p>Slavnostni govornik spominske tokratne spominske slovesnosti v \u010ce\u0161njicah je bil Marijan Kri\u017eman, predsednik ZZB za vrednote NOB Slovenije, ki se je v svojem nagovoru poklonil predvsem \u017eivljenju in vlogi dr. Petra Dr\u017eaja in povedal:<\/p>\n<p>\u201eZbrali smo se, da se poklonimo spominu padlim borcem, ki so izgubili svoja \u017eivljenja na tem kraju in so njihova imena izpisana na spomeniku postavljenemu v spomin in opomin na \u010dase, ko so se ljudje odlo\u010dno uprli okupatorju in stopili v partizanske vrste, da bi ohranili dostojanstvo, slovenski jezik, zamenjali kruti kapitalisti\u010dni re\u017eim, ki je de\u017eelo pa ne samo to, osiroma\u0161il do take meje, da je zastal razvoj, napredek ter bodo\u010dnost takratnih in novih prihajajo\u010dih rodov. <\/p>\n<p>Tukaj so padli: zdravnik dr. Peter Dr\u017eaj in 17 tovari\u0161ev. V tem boju so \u017eivljenje izgubili tudi vodja vojne misije ZDA pri IV. Operativni coni NOB in borcev zavezni\u0161kih misij ZDA, \u010dastnik Julius Rosenberg in Ernest Knoth ter \u010dastnika britanske misije major Mathews in poro\u010dnik Edward Parks, tudi njim je posve\u010den ta spomenik. <\/p>\n<p><a href=\"https:\/\/www.europesays.com\/si\/wp-content\/uploads\/2026\/06\/cesnjice-8-2026.jpg\"><img loading=\"lazy\" decoding=\"async\" class=\"aligncenter size-full wp-image-202508\" src=\"data:image\/svg+xml,%3Csvg%20xmlns=\" http:=\"\" alt=\"\" width=\"1024\" height=\"683\" data-lazy- data-lazy- data-lazy-src=\"https:\/\/www.europesays.com\/si\/wp-content\/uploads\/2026\/06\/cesnjice-8-2026.jpg\"\/><img loading=\"lazy\" decoding=\"async\" class=\"aligncenter size-full wp-image-202508\" src=\"https:\/\/www.europesays.com\/si\/wp-content\/uploads\/2026\/06\/cesnjice-8-2026.jpg\" alt=\"\" width=\"1024\" height=\"683\"  \/><\/a><\/p>\n<p>Spo\u0161tovani, \u017eelim povedati nekaj ve\u010d o partizanskemu zdravniku dr. Petru Dr\u017eaju, ki je simbol etike in morale druge svetovne vojne. Rodil se je leta 1913 v Sti\u010dni. Po srednji \u0161oli je vpisal \u0161tudij medicine na nepopolni Medicinski fakulteti Univerze v Ljubljani za\u010del ter leta 1931. Nadaljeval ga je v Beogradu in Zagrebu, kjer je 1938 diplomiral. Po tem je opravil slu\u017eenje voja\u0161kega roka in se oktobra 1939 zaposlil kot sekundarij v bolnici za du\u0161evne bolezni v tedanjem dvorcu Novo Celje, kjer je deloval do do konca 1940, ko je bil vpoklican na oro\u017ene vaje jugoslovanske vojske v \u0160kofjo Loko. Na za\u010detku druge svetovne vojne na Slovenskem in ob kapitulaciji jugoslovanske vojske aprila 1941 je od\u0161el v Ljubljano, kjer je kot praktikant deloval v Bolnici za du\u0161evne bolezni Ljubljana Studenec. Kmalu se je pridru\u017eil skupini zdravnikov, ki so se odlo\u010dili za odpor proti okupatorju in so v Ljubljani v okviru OF oblikovali Zdravni\u0161ki mati\u010dni odbor OF. Kasneje so ga Italijani aretirali in obsodili na leto dni konfinacije v Italiji. Po padcu fa\u0161izma je dr. Peter Dr\u017eaj od\u0161el v partizane in bil eden klju\u010dnih ustanoviteljev partizanskega zdravstva na slovenskem. \u017dal se je njegova pot zdravnika in partizana kon\u010dala tu v \u010ce\u0161njicah, kjer kot \u017ee re\u010deno stoji spomenik, pomnik herojem slavnih \u010dasov in zgodovine slovenskega naroda. <\/p>\n<p>V vasi je nekaj \u010dasa pou\u010devala tudi partizanska u\u010diteljica in kasnej\u0161a \u0161ifrantka v operativnem \u0161tabu \u0160landrove in Zidan\u0161kove brigade pri komandantu Franti in komaj 16 let stara Valerija Skrinjar Tvrz \u2013 Val\u010di. Naj spomnim, da so se v bli\u017eini vasi na Menini planini 13.3.1945 prebili borci \u0160landrove in Zidan\u0161kove brigade pod poveljstvom Frante, v tej bitki- preboju je bila udele\u017eena tudi Val\u010di. <\/p>\n<p><a href=\"https:\/\/www.europesays.com\/si\/wp-content\/uploads\/2026\/06\/cesnjice-12-2026.jpg\"><img loading=\"lazy\" decoding=\"async\" class=\"aligncenter size-full wp-image-202509\" src=\"data:image\/svg+xml,%3Csvg%20xmlns=\" http:=\"\" alt=\"\" width=\"1024\" height=\"683\" data-lazy- data-lazy- data-lazy-src=\"https:\/\/www.europesays.com\/si\/wp-content\/uploads\/2026\/06\/cesnjice-12-2026.jpg\"\/><img loading=\"lazy\" decoding=\"async\" class=\"aligncenter size-full wp-image-202509\" src=\"https:\/\/www.europesays.com\/si\/wp-content\/uploads\/2026\/06\/cesnjice-12-2026.jpg\" alt=\"\" width=\"1024\" height=\"683\"  \/><\/a><\/p>\n<p>Spo\u0161tovani, vsi na\u0161teti zaslu\u017eijo pietetno spo\u0161tovanje in na\u0161 globok poklon saj so med ostalimi tudi vsi omenjeni bili borci za svobodo slovenskega naroda in so zaslu\u017eni za tisto stran zgodovine, ki je Slovencem prinesla svobodo, mir, medsebojno spo\u0161tovanje in ne nazadnje temelj za osamosvojitev Slovenije. <\/p>\n<p>Prav zaradi slednjega se nam zdi nezasli\u0161ano in razumsko nesprejemljivo ena\u010diti zmagovalce in izdajalce druge svetovne vojne na slovenskem. Domobranci so pobijali partizane in njihove svojce, izdajali so Nemcem svojce aktivistov in podpornikov, zverinsko so mu\u010dili in pobijali aktiviste in partizane na Sv. Urhu. Sv. Urh je bil le vrh ledene gore morilcev, ki so dvignili roko nad slovenski narod in Nemcem prisegli, da je te\u017eko verjeti, da \u010dlovek tako nizko pade. <\/p>\n<p><a href=\"https:\/\/www.europesays.com\/si\/wp-content\/uploads\/2026\/06\/cesnjice-2-2026.jpg\"><img loading=\"lazy\" decoding=\"async\" class=\"aligncenter size-full wp-image-202522\" src=\"data:image\/svg+xml,%3Csvg%20xmlns=\" http:=\"\" alt=\"\" width=\"1024\" height=\"683\" data-lazy- data-lazy- data-lazy-src=\"https:\/\/www.europesays.com\/si\/wp-content\/uploads\/2026\/06\/cesnjice-2-2026.jpg\"\/><img loading=\"lazy\" decoding=\"async\" class=\"aligncenter size-full wp-image-202522\" src=\"https:\/\/www.europesays.com\/si\/wp-content\/uploads\/2026\/06\/cesnjice-2-2026.jpg\" alt=\"\" width=\"1024\" height=\"683\"  \/><\/a><\/p>\n<p>\u017dal so \u0161li domobranci \u0161e ni\u017eje, prisegli so vpri\u010do \u0161kofa Ro\u017emana, ki je ob tem za cerkev pomembnem dogodku daroval sveto ma\u0161o. Klerofa\u0161izem brez primere, tako kot danes sprenevedanje, da so bili domobranci slovenska vojska in njihova rehabilitacija bi oprala greh izdajstva prav ljubljansko nad\u0161kofijo. <\/p>\n<p><a href=\"https:\/\/www.europesays.com\/si\/wp-content\/uploads\/2026\/06\/cesnjice-18-2026.jpg\"><img loading=\"lazy\" decoding=\"async\" class=\"aligncenter size-full wp-image-202510\" src=\"data:image\/svg+xml,%3Csvg%20xmlns=\" http:=\"\" alt=\"\" width=\"1024\" height=\"683\" data-lazy- data-lazy- data-lazy-src=\"https:\/\/www.europesays.com\/si\/wp-content\/uploads\/2026\/06\/cesnjice-18-2026.jpg\"\/><img loading=\"lazy\" decoding=\"async\" class=\"aligncenter size-full wp-image-202510\" src=\"https:\/\/www.europesays.com\/si\/wp-content\/uploads\/2026\/06\/cesnjice-18-2026.jpg\" alt=\"\" width=\"1024\" height=\"683\"  \/><\/a><\/p>\n<p>Primorska in \u0161tajerska cerkev sta v drugi svetovni vojni odigrali diametralno nasprotno vlogo in odnos do ljudi. Vendar zgodovina ne bo prizanesla nikomur, ki je zagre\u0161il tako hude grehe, kot je izdajstvo lastnega naroda. \u017divimo v Sloveniji, za katero so se borili General Maister, Tigrovci, partizani in osamosvojitelji in to je zgodovinski lok slovenskega naroda in ne domislice posameznih strank, ki mislijo, da bo dovolj obrniti zgodovino na glavo in bodo vladali kot v pravljicah, do konca svojih dni. <\/p>\n<p><a href=\"https:\/\/www.europesays.com\/si\/wp-content\/uploads\/2026\/06\/cesnjice-11-2026.jpg\"><img loading=\"lazy\" decoding=\"async\" class=\"aligncenter size-full wp-image-202523\" src=\"data:image\/svg+xml,%3Csvg%20xmlns=\" http:=\"\" alt=\"\" width=\"1024\" height=\"683\" data-lazy- data-lazy- data-lazy-src=\"https:\/\/www.europesays.com\/si\/wp-content\/uploads\/2026\/06\/cesnjice-11-2026.jpg\"\/><img loading=\"lazy\" decoding=\"async\" class=\"aligncenter size-full wp-image-202523\" src=\"https:\/\/www.europesays.com\/si\/wp-content\/uploads\/2026\/06\/cesnjice-11-2026.jpg\" alt=\"\" width=\"1024\" height=\"683\"  \/><\/a><\/p>\n<p>Tudi iz tega zbora vam sporo\u010damo, da vam ne bo uspelo umazati partizanskega boja, izni\u010diti vso trpljenje pod okupatorjem in doma\u010dimi izdajalci in ne bomo vam dovoli Slovenijo spremeniti v banano republiko. <\/p>\n<p>Tudi Mala Gora ne bo nadomestila OF slovenskega naroda; 27. Aprila 1941 se je v Vidmarjevi vili v Ro\u017eni dolini ustanovila osvobodilna Fronta slovenskega naroda, ki je vse domoljube povedla v boj proti \u0161tirim okupatorjem, Nemcem, Italijanom, Mad\u017earom in Hrvatom. V tem boju in ob boku zaveznikov so slovenski partizani osvobodili svoj doma\u010di prag. To, da je na\u0161 \u010dastni predsednik Janez Stanovnik bil povabljen v Normandijo in sedel med zavezniki pove vse, kdo je bil na pravi in kdo na napa\u010dni strani zgodovine. <\/p>\n<p><a href=\"https:\/\/www.europesays.com\/si\/wp-content\/uploads\/2026\/06\/cesnjice-21-2026.jpg\"><img loading=\"lazy\" decoding=\"async\" class=\"aligncenter size-full wp-image-202511\" src=\"data:image\/svg+xml,%3Csvg%20xmlns=\" http:=\"\" alt=\"\" width=\"1024\" height=\"683\" data-lazy- data-lazy- data-lazy-src=\"https:\/\/www.europesays.com\/si\/wp-content\/uploads\/2026\/06\/cesnjice-21-2026.jpg\"\/><img loading=\"lazy\" decoding=\"async\" class=\"aligncenter size-full wp-image-202511\" src=\"https:\/\/www.europesays.com\/si\/wp-content\/uploads\/2026\/06\/cesnjice-21-2026.jpg\" alt=\"\" width=\"1024\" height=\"683\"  \/><\/a><\/p>\n<p>Na nas je, spo\u0161tovani prisotni, da vrednote NOB ohranimo in prenesemo na naslednje rodove. Slovenija je svobodna in demokrati\u010dna dr\u017eava, ki temelji na zmagi nad nacizmom, fa\u0161izmom in doma\u010dimi izdajalci, tega ne more spremeniti nih\u010de, \u0161e najmanj pa politika razdora, sovra\u0161tva in revan\u0161izma.<\/p>\n<p>Smo za dostojen pokop po vojni pobitih, vendar ostajajo narodni izdajalci in pripadniki SS-ovcev, ki so bili kot zlo\u010dinska organizacija obsojeni v Nurembergu. Od tu dalje je vse kristalno jasno, le kak posnetek je treba kdaj pa kdaj predvajat snovalcem nove zgodovine.<\/p>\n<p><a href=\"https:\/\/www.europesays.com\/si\/wp-content\/uploads\/2026\/06\/cesnjice-20-2026.jpg\"><img loading=\"lazy\" decoding=\"async\" class=\"aligncenter size-full wp-image-202512\" src=\"data:image\/svg+xml,%3Csvg%20xmlns=\" http:=\"\" alt=\"\" width=\"1024\" height=\"683\" data-lazy- data-lazy- data-lazy-src=\"https:\/\/www.europesays.com\/si\/wp-content\/uploads\/2026\/06\/cesnjice-20-2026.jpg\"\/><img loading=\"lazy\" decoding=\"async\" class=\"aligncenter size-full wp-image-202512\" src=\"https:\/\/www.europesays.com\/si\/wp-content\/uploads\/2026\/06\/cesnjice-20-2026.jpg\" alt=\"\" width=\"1024\" height=\"683\"  \/><\/a><\/p>\n<p>Tovari\u0161ice in tovari\u0161i, hvala, da ste mi zaupali besede pozdrava na tako zgodovinsko pomembnem dogodku druge svetovne vojne na slovenskem.<\/p>\n<p>Ostajamo ponosni nosilci vrednot narodnoosvobodilnega boja, ki je temelj vsega kar danes imamo in \u017eivimo in prav zato ne bomo dopustili nikomur, da te priborjene vrednote blati, spreminja in izrablja za dnevno politiko in ugajanje tistim, ki se morajo greha izdajstva zavedati in se slovenskemu narodu za ta zlo\u010din opravi\u010diti.\u201c<\/p>\n<p><a href=\"https:\/\/www.europesays.com\/si\/wp-content\/uploads\/2026\/06\/cesnjice-16-2026.jpg\"><img loading=\"lazy\" decoding=\"async\" class=\"aligncenter size-full wp-image-202499\" src=\"data:image\/svg+xml,%3Csvg%20xmlns=\" http:=\"\" alt=\"\" width=\"1024\" height=\"683\" data-lazy- data-lazy- data-lazy-src=\"https:\/\/www.europesays.com\/si\/wp-content\/uploads\/2026\/06\/cesnjice-16-2026.jpg\"\/><img loading=\"lazy\" decoding=\"async\" class=\"aligncenter size-full wp-image-202499\" src=\"https:\/\/www.europesays.com\/si\/wp-content\/uploads\/2026\/06\/cesnjice-16-2026.jpg\" alt=\"\" width=\"1024\" height=\"683\"  \/><\/a><\/p>\n<p>Oba govorca in predsednik Krajevnega odbora NOB Tuhinj so se spominu na padle poklonili s polo\u017eitvijo venca.<\/p>\n<p><a href=\"https:\/\/www.europesays.com\/si\/wp-content\/uploads\/2026\/06\/cesnjice-22-2026.jpg\"><img loading=\"lazy\" decoding=\"async\" class=\"aligncenter size-full wp-image-202500\" src=\"data:image\/svg+xml,%3Csvg%20xmlns=\" http:=\"\" alt=\"\" width=\"1024\" height=\"683\" data-lazy- data-lazy- data-lazy-src=\"https:\/\/www.europesays.com\/si\/wp-content\/uploads\/2026\/06\/cesnjice-22-2026.jpg\"\/><img loading=\"lazy\" decoding=\"async\" class=\"aligncenter size-full wp-image-202500\" src=\"https:\/\/www.europesays.com\/si\/wp-content\/uploads\/2026\/06\/cesnjice-22-2026.jpg\" alt=\"\" width=\"1024\" height=\"683\"  \/><\/a><\/p>\n<p>Slovesnost pa se je nadaljevala s kratkim kulturnim programom, v katerem so slovesnost popestrili u\u010denci podru\u017eni\u010dne \u0161ole Zgornji Tuhinj, pod mentorskim vodstvom Vladke Bu\u010devec in recitator Goran Per\u0161in.<\/p>\n<p><a href=\"https:\/\/www.europesays.com\/si\/wp-content\/uploads\/2026\/06\/cesnjice-25-2026-1.jpg\"><img loading=\"lazy\" decoding=\"async\" class=\"aligncenter size-full wp-image-202513\" src=\"data:image\/svg+xml,%3Csvg%20xmlns=\" http:=\"\" alt=\"\" width=\"1024\" height=\"683\" data-lazy- data-lazy- data-lazy-src=\"https:\/\/www.europesays.com\/si\/wp-content\/uploads\/2026\/06\/cesnjice-25-2026-1.jpg\"\/><img loading=\"lazy\" decoding=\"async\" class=\"aligncenter size-full wp-image-202513\" src=\"https:\/\/www.europesays.com\/si\/wp-content\/uploads\/2026\/06\/cesnjice-25-2026-1.jpg\" alt=\"\" width=\"1024\" height=\"683\"  \/><\/a><\/p>\n<p>\u00a0<\/p>\n<p>Spo\u0161tljivo in prijetno nedeljsko dru\u017eenje pod Menino planino se je, v gostoljubni maniri vsakoletnih gostiteljev tradicionalne spominske slovesnosti v \u010ce\u0161njicah, zaklju\u010dilo z manj\u0161o pogostitvijo na krajevnem \u0161portnem igri\u0161\u010du.<\/p>\n","protected":false},"excerpt":{"rendered":"Marjan Kri\u017eman: \u201eTudi iz tega zbora vam sporo\u010damo, da vam ne bo uspelo umazati partizanskega boja, izni\u010diti vsega&hellip;\n","protected":false},"author":2,"featured_media":119467,"comment_status":"","ping_status":"","sticky":false,"template":"","format":"standard","meta":{"footnotes":"","_share_on_mastodon":"0"},"categories":[30],"tags":[33636,164,14960,62,37,58,60,38,33157,1637],"class_list":["post-119466","post","type-post","status-publish","format-standard","has-post-thumbnail","category-kamnik","tag-cesnjice-v-tuhinju","tag-kamnik","tag-nob","tag-si","tag-slovene","tag-slovenia","tag-slovenija","tag-slovenscina","tag-spominska-slovesnost","tag-tuhinjska-dolina"],"share_on_mastodon":{"url":"https:\/\/pubeurope.com\/@si\/116714247566490007","error":""},"_links":{"self":[{"href":"https:\/\/www.europesays.com\/si\/wp-json\/wp\/v2\/posts\/119466","targetHints":{"allow":["GET"]}}],"collection":[{"href":"https:\/\/www.europesays.com\/si\/wp-json\/wp\/v2\/posts"}],"about":[{"href":"https:\/\/www.europesays.com\/si\/wp-json\/wp\/v2\/types\/post"}],"author":[{"embeddable":true,"href":"https:\/\/www.europesays.com\/si\/wp-json\/wp\/v2\/users\/2"}],"replies":[{"embeddable":true,"href":"https:\/\/www.europesays.com\/si\/wp-json\/wp\/v2\/comments?post=119466"}],"version-history":[{"count":0,"href":"https:\/\/www.europesays.com\/si\/wp-json\/wp\/v2\/posts\/119466\/revisions"}],"wp:featuredmedia":[{"embeddable":true,"href":"https:\/\/www.europesays.com\/si\/wp-json\/wp\/v2\/media\/119467"}],"wp:attachment":[{"href":"https:\/\/www.europesays.com\/si\/wp-json\/wp\/v2\/media?parent=119466"}],"wp:term":[{"taxonomy":"category","embeddable":true,"href":"https:\/\/www.europesays.com\/si\/wp-json\/wp\/v2\/categories?post=119466"},{"taxonomy":"post_tag","embeddable":true,"href":"https:\/\/www.europesays.com\/si\/wp-json\/wp\/v2\/tags?post=119466"}],"curies":[{"name":"wp","href":"https:\/\/api.w.org\/{rel}","templated":true}]}}