{"id":119679,"date":"2026-06-08T14:29:09","date_gmt":"2026-06-08T14:29:09","guid":{"rendered":"https:\/\/www.europesays.com\/si\/119679\/"},"modified":"2026-06-08T14:29:09","modified_gmt":"2026-06-08T14:29:09","slug":"ramaphosa-napovedal-spremembo-migrantske-zakonodaje-in-boj-proti-protipriseljenskim-skupinam","status":"publish","type":"post","link":"https:\/\/www.europesays.com\/si\/119679\/","title":{"rendered":"Ramaphosa napovedal spremembo migrantske zakonodaje in boj proti protipriseljenskim skupinam"},"content":{"rendered":"<p>\t\t\t\t\t\t\t\t<a href=\"https:\/\/www.europesays.com\/si\/wp-content\/uploads\/2026\/06\/67051051.jpg\" itemprop=\"contentUrl\" data-size=\"1200x800\" data-large=\"https:\/\/www.europesays.com\/si\/wp-content\/uploads\/2026\/06\/67051051.jpg\"><br \/>\n\t\t\t\t\t\t\t\t\t<img decoding=\"async\" src=\"https:\/\/www.europesays.com\/si\/wp-content\/uploads\/2026\/06\/67051051.jpg\" title=\"Protestniki v mestu Benoni pri Johannesburgu zahtevajo deportacijo priseljencev brez dokumentacije. Foto: Reuters\" alt=\"Protestniki v mestu Benoni pri Johannesburgu zahtevajo deportacijo priseljencev brez dokumentacije. Foto: Reuters\"\/><br \/>\n\t\t\t\t\t\t\t\t<\/a><\/p>\n<p>\t\t\t\t\t\t\t\t\tProtestniki v mestu Benoni pri Johannesburgu zahtevajo deportacijo priseljencev brez dokumentacije. Foto: Reuters<\/p>\n<p>Ukrepi vklju\u010dujejo zaporno kazen za delodajalce, ki zaposlujejo delavce brez veljavnih dokumentov, ustanovitev posebnih sodi\u0161\u010d za pospe\u0161itev izgona migrantov brez veljavnih dokumentov in vzpostavitev registra z biometri\u010dnimi podatki &#8220;vsakega \u010dloveka v dr\u017eavi&#8221;, da bi s tem lahko prepre\u010dili krajo identitete, poro\u010da BBC.<\/p>\n<p>Oglas<\/p>\n<p>Ramaphosa pa je ob tem \u0161e opozoril na nasilje protipriseljenskih skupin. Te namre\u010d zahtevajo, da morajo nedokumentirani priseljenci zapustiti dr\u017eavo, ob tem pa so jim postavile rok do 30 junija.<\/p>\n<p>Pretekli konec tedna je zaradi ustrahovanja sto afri\u0161kih priseljencev pobegnilo s svojih domov v pokrajini Overberg v ju\u017enoafri\u0161ki provinci Western Cape, vzniknila pa je tudi novica o smrti dveh Mozambi\u010danov v Mossel Bayu. Nekateri so se odlo\u010dili, da se vrnejo domov, konec tedna se je tako \u0161e ena skupina z okoli 140 ljudmi vkrcala na avtobuse za Malavi in Mozambik. V Durbanu ve\u010d tujcev \u017ee ve\u010d tednov \u0161otori pred oddelkom ministrstva za notranje zadeve in pravi, da se bojijo za svoje \u017eivljenje.<\/p>\n<p>Gana, Nigerija, Malavi in Mozambik so \u017ee za\u010deli repatriacijo nekaterih svojih dr\u017eavljanov iz Ju\u017ene Afrike, ki so se zna\u0161li v nasilnih protestih. Mozambik je sporo\u010dil, da je bilo ubitih pet njegovih dr\u017eavljanov.<\/p>\n<p>\t\t\t\t\t\t\t\t<a href=\"https:\/\/www.europesays.com\/si\/wp-content\/uploads\/2026\/06\/67051052.jpg\" itemprop=\"contentUrl\" data-size=\"1200x800\" data-large=\"https:\/\/www.europesays.com\/si\/wp-content\/uploads\/2026\/06\/67051052.jpg\"><br \/>\n\t\t\t\t\t\t\t\t\t<img decoding=\"async\" src=\"https:\/\/www.europesays.com\/si\/wp-content\/uploads\/2026\/06\/67051052.jpg\" title=\"Malavijski priseljenec zapu\u0161\u010da Ju\u017eno Afriko. Foto: Reuters\" alt=\"Malavijski priseljenec zapu\u0161\u010da Ju\u017eno Afriko. Foto: Reuters\"\/><br \/>\n\t\t\t\t\t\t\t\t<\/a><\/p>\n<p>\t\t\t\t\t\t\t\t\tMalavijski priseljenec zapu\u0161\u010da Ju\u017eno Afriko. Foto: Reuters<\/p>\n<p>\t\t\t\t\t\t\tRamaphosa opozarja pred ksenofobijo<\/p>\n<p>Ramaphosa je priznal, da nezakonito priseljevanje obremenjuje javne storitve v Ju\u017eni Afriki in da mora njegova vlada to te\u017eavo obvladati. V ta namen je predstavil strategijo, ki predvideva ostre ukrepe proti kr\u0161ilcem zakonodaje o priseljevanju, krepitev nadzora na mejah, izkoreninjenje korupcije znotraj sistema priseljevanja, spremembo zakonodaje in sodelovanje z drugimi afri\u0161kimi dr\u017eavami.<\/p>\n<p>Ob tem pa je tudi opozoril Ju\u017enoafri\u010dane, da ne smejo vzeti pravice v svoje roke, saj protipriseljenske skupine izkori\u0161\u010dajo javno nezadovoljstvo za svoje politi\u010dne cilje.<\/p>\n<p> &#8220;Poudariti moram, da lahko proti kr\u0161itvam zakona o priseljevanju ukrepajo le poobla\u0161\u010deni vladni uradniki,&#8221; je Ramaphosa dejal v televizijskem nagovoru. &#8220;Ukrepali bomo proti silam, ki izkori\u0161\u010dajo zaskrbljenost na\u0161ih ljudi glede nezakonitega priseljevanja za doseganje lastnih politi\u010dnih, osebnih in kriminalnih ciljev,&#8221; je dodal. &#8220;Ne smemo dopustiti, da skupine izkori\u0161\u010dajo upravi\u010dene skrbi Ju\u017enoafri\u010danov za destabilizacijo na\u0161e dr\u017eave s spodbujanjem brezpravja in nasilja,&#8221; je dejal.<\/p>\n<p>Dr\u017eavljane je posvaril, naj ne ustavljajo ljudi na ulicah in od njih zahtevajo osebnih podatkov, in dejal, da je izvajanje zakonov o priseljevanju izklju\u010dno v pristojnosti dr\u017eave. V Ju\u017eni Afriki po njegovem mnenju &#8220;ni prostora za ksenofobijo, rasizem, seksizem, afrofobijo ali kakr\u0161ne koli druge oblike nestrpnosti&#8221;. &#8220;Na\u0161a dr\u017eava je \u2013 tako kot \u0161tevilne druge skozi zgodovino \u2013 plod migracij. To je razlog za na\u0161o raznolikost,&#8221; je dejal.<\/p>\n<p>Ramaphosa je pojasnil, kako delodajalci nezakonitim priseljencem pla\u010dujejo precej manj od minimalne pla\u010de, v primeru odkritja kr\u0161itve pa le pla\u010dajo globo. Zato na\u010drtuje dodatnih 10.000 in\u0161pektorjev in stro\u017eje kazni za kr\u0161ilce, &#8220;tudi zaporne&#8221;. Ob tem je \u0161e dejal, da je samo lani uradu za upravljanje meja uspelo prestre\u010di in zadr\u017eati ve\u010d kot 450.000 ljudi, ki so posku\u0161ali nezakonito vstopiti v Ju\u017eno Afriko.<\/p>\n<p>Ksenofobni napadi so pogosta te\u017eava v Ju\u017eni Afriki, kjer priseljence pogosto krivijo za gospodarske te\u017eave, kot sta visoka stopnja brezposelnosti in kriminal. V Ju\u017eni Afriki \u017eivijo ve\u010d kot trije milijoni tujcev, kar po uradnih podatkih zna\u0161a okoli pet odstotkov prebivalstva, vendar domnevajo, da jih brez dokumentov v dr\u017eavi \u017eivi \u0161e veliko.<\/p>\n<p>Oglas<\/p>\n","protected":false},"excerpt":{"rendered":"Protestniki v mestu Benoni pri Johannesburgu zahtevajo deportacijo priseljencev brez dokumentacije. Foto: Reuters Ukrepi vklju\u010dujejo zaporno kazen za&hellip;\n","protected":false},"author":2,"featured_media":119680,"comment_status":"","ping_status":"","sticky":false,"template":"","format":"standard","meta":{"footnotes":"","_share_on_mastodon":"0"},"categories":[8],"tags":[1067,33663,1012,13218,33664,37,38,64,63],"class_list":["post-119679","post","type-post","status-publish","format-standard","has-post-thumbnail","category-svet","tag-juzna-afrika","tag-ksenofobija","tag-migranti","tag-priseljevanje","tag-ramaphosa","tag-slovene","tag-slovenscina","tag-svet","tag-world"],"share_on_mastodon":{"url":"https:\/\/pubeurope.com\/@si\/116714967448973524","error":""},"_links":{"self":[{"href":"https:\/\/www.europesays.com\/si\/wp-json\/wp\/v2\/posts\/119679","targetHints":{"allow":["GET"]}}],"collection":[{"href":"https:\/\/www.europesays.com\/si\/wp-json\/wp\/v2\/posts"}],"about":[{"href":"https:\/\/www.europesays.com\/si\/wp-json\/wp\/v2\/types\/post"}],"author":[{"embeddable":true,"href":"https:\/\/www.europesays.com\/si\/wp-json\/wp\/v2\/users\/2"}],"replies":[{"embeddable":true,"href":"https:\/\/www.europesays.com\/si\/wp-json\/wp\/v2\/comments?post=119679"}],"version-history":[{"count":0,"href":"https:\/\/www.europesays.com\/si\/wp-json\/wp\/v2\/posts\/119679\/revisions"}],"wp:featuredmedia":[{"embeddable":true,"href":"https:\/\/www.europesays.com\/si\/wp-json\/wp\/v2\/media\/119680"}],"wp:attachment":[{"href":"https:\/\/www.europesays.com\/si\/wp-json\/wp\/v2\/media?parent=119679"}],"wp:term":[{"taxonomy":"category","embeddable":true,"href":"https:\/\/www.europesays.com\/si\/wp-json\/wp\/v2\/categories?post=119679"},{"taxonomy":"post_tag","embeddable":true,"href":"https:\/\/www.europesays.com\/si\/wp-json\/wp\/v2\/tags?post=119679"}],"curies":[{"name":"wp","href":"https:\/\/api.w.org\/{rel}","templated":true}]}}