{"id":119913,"date":"2026-06-08T18:17:09","date_gmt":"2026-06-08T18:17:09","guid":{"rendered":"https:\/\/www.europesays.com\/si\/119913\/"},"modified":"2026-06-08T18:17:09","modified_gmt":"2026-06-08T18:17:09","slug":"stanje-je-nevzdrzno-domacini-se-zapirajo-v-hise","status":"publish","type":"post","link":"https:\/\/www.europesays.com\/si\/119913\/","title":{"rendered":"Stanje je nevzdr\u017eno, doma\u010dini se zapirajo v hi\u0161e"},"content":{"rendered":"<p>Nekateri prebivalci trdijo, da se morajo zaradi gne\u010de zapirati v svoje domove, saj je gibanje po kraju skoraj nemogo\u010de.<\/p>\n<p><a href=\"https:\/\/www.zurnal24.si\/galleries\/gallery-125735\/?page=7\" rel=\"nofollow noopener\" target=\"_blank\">Amalfska obala <\/a>na jugu Italije se tudi letos soo\u010da z <a href=\"https:\/\/www.zurnal24.si\/kljucne-besede\/mnozicni-turizem-129192\/articles\" rel=\"nofollow noopener\" target=\"_blank\">mno\u017ei\u010dnim navalom turistov<\/a>. Ozke ulice slikovitih krajev, kot je Positano, so bile med prazni\u010dnim koncem tedna povsem zasi\u010dene z obiskovalci, zaradi \u010desar so doma\u010dini znova opozorili na nevzdr\u017ene razmere.<\/p>\n<p>Posnetki, ki kro\u017eijo po dru\u017ebenih omre\u017ejih, prikazujejo nepregledne mno\u017eice turistov, ki se gnetejo po ozkih prehodih. Nekateri prebivalci trdijo, da se morajo zaradi gne\u010de zapirati v svoje domove, saj je gibanje po kraju skoraj nemogo\u010de.<\/p>\n<p dir=\"ltr\" lang=\"en\">Overtourism Armageddon in Italy 2026 \ud83c\uddee\ud83c\uddf9\ud83d\ude48<\/p>\n<p>Amalfi Coast edition <a href=\"https:\/\/t.co\/Pd1Z9rWEYd\" rel=\"nofollow\">pic.twitter.com\/Pd1Z9rWEYd<\/a><\/p>\n<p>\u2014 Mambo Italiano (@mamboitaliano__) <a href=\"https:\/\/x.com\/mamboitaliano__\/status\/2063175447303647695?ref_src=twsrc%5Etfw\" rel=\"nofollow\">June 6, 2026<\/a><\/p>\n<p>Po njihovem mnenju te\u017eave \u017ee leta povzro\u010da predvsem mno\u017ei\u010dni dnevni turizem, dodatno pa k obremenitvam prispevajo tudi potniki z velikih kri\u017eark. Nekdanji \u017eupan kraja Praiano Salvatore Gagliano opozarja, da so poleg pe\u0161poti pogosto blokirane tudi ozke obalne ceste, kar povzro\u010da prometni kaos.<\/p>\n<p>&#8220;Dosegli smo mejo&#8221;<\/p>\n<p>&#8220;Dosegli smo mejo,&#8221; je na dru\u017ebenih omre\u017ejih zapisal eden od doma\u010dinov. \u0160tevilni zahtevajo stro\u017eje ukrepe za omejevanje \u0161tevila obiskovalcev in bolj\u0161i nadzor organiziranih turisti\u010dnih skupin.<\/p>\n<p>Sedanji \u017eupan\u00a0Daniele Milano priznava, da je jeza prebivalcev upravi\u010dena, vendar poudarja, da lokalne oblasti ne morejo prepovedati prihoda kri\u017eark ali izkrcanja njihovih potnikov. Napovedal je prizadevanja za dodatne ukrepe, s katerimi bi zmanj\u0161ali posledice pretiranega turizma in za\u0161\u010ditili kakovost \u017eivljenja doma\u010dinov.<\/p>\n<p><a href=\"https:\/\/www.zurnal24.si\/popotnik\/se-ena-priljubljena-italijanska-destinacija-bi-zaracunavala-vstopnino-440634\" rel=\"nofollow noopener\" target=\"_blank\">Te\u017eava prekomernega turizma<\/a> sicer ni omejena le na Amalfsko obalo. Vse ve\u010d priljubljenih evropskih destinacij se soo\u010da z vpra\u0161anjem, kako uskladiti gospodarske koristi turizma z \u017eivljenjem lokalnega prebivalstva, Slovenija ni izjema. A \u010deprav je zaradi mno\u017ei\u010dnega turizma po drugih delih dr\u017eave to te\u017eko verjeti, Slovenija \u0161e vedno premore <a href=\"https:\/\/www.zurnal24.si\/popotnik\/oaza-miru-ki-se-je-mnozicni-turizem-se-ni-dotaknil-423771\" rel=\"nofollow noopener\" target=\"_blank\">skrite koti\u010dke, kamor turisti le redko zaidejo<\/a>.\u00a0<\/p>\n<p><a href=\"https:\/\/www.zurnal24.si\/popotnik\/mailto:dezurni@styria-media.si\" rel=\"nofollow noopener\" target=\"_blank\">dezurni@styria-media.si<\/a><\/p>\n<p>                                            <script async src=\"https:\/\/platform.twitter.com\/widgets.js\" charset=\"utf-8\"><\/script><\/p>\n","protected":false},"excerpt":{"rendered":"Nekateri prebivalci trdijo, da se morajo zaradi gne\u010de zapirati v svoje domove, saj je gibanje po kraju skoraj&hellip;\n","protected":false},"author":2,"featured_media":119914,"comment_status":"","ping_status":"","sticky":false,"template":"","format":"standard","meta":{"footnotes":"","_share_on_mastodon":"0"},"categories":[6],"tags":[1018,20683,33723,59,61,62,37,58,60,38],"class_list":["post-119913","post","type-post","status-publish","format-standard","has-post-thumbnail","category-slovenija","tag-italija","tag-mnozicni-turizem","tag-positano","tag-republic-of-slovenia","tag-republika-slovenija","tag-si","tag-slovene","tag-slovenia","tag-slovenija","tag-slovenscina"],"share_on_mastodon":{"url":"https:\/\/pubeurope.com\/@si\/116715863887225518","error":""},"_links":{"self":[{"href":"https:\/\/www.europesays.com\/si\/wp-json\/wp\/v2\/posts\/119913","targetHints":{"allow":["GET"]}}],"collection":[{"href":"https:\/\/www.europesays.com\/si\/wp-json\/wp\/v2\/posts"}],"about":[{"href":"https:\/\/www.europesays.com\/si\/wp-json\/wp\/v2\/types\/post"}],"author":[{"embeddable":true,"href":"https:\/\/www.europesays.com\/si\/wp-json\/wp\/v2\/users\/2"}],"replies":[{"embeddable":true,"href":"https:\/\/www.europesays.com\/si\/wp-json\/wp\/v2\/comments?post=119913"}],"version-history":[{"count":0,"href":"https:\/\/www.europesays.com\/si\/wp-json\/wp\/v2\/posts\/119913\/revisions"}],"wp:featuredmedia":[{"embeddable":true,"href":"https:\/\/www.europesays.com\/si\/wp-json\/wp\/v2\/media\/119914"}],"wp:attachment":[{"href":"https:\/\/www.europesays.com\/si\/wp-json\/wp\/v2\/media?parent=119913"}],"wp:term":[{"taxonomy":"category","embeddable":true,"href":"https:\/\/www.europesays.com\/si\/wp-json\/wp\/v2\/categories?post=119913"},{"taxonomy":"post_tag","embeddable":true,"href":"https:\/\/www.europesays.com\/si\/wp-json\/wp\/v2\/tags?post=119913"}],"curies":[{"name":"wp","href":"https:\/\/api.w.org\/{rel}","templated":true}]}}