{"id":120698,"date":"2026-06-09T12:04:06","date_gmt":"2026-06-09T12:04:06","guid":{"rendered":"https:\/\/www.europesays.com\/si\/120698\/"},"modified":"2026-06-09T12:04:06","modified_gmt":"2026-06-09T12:04:06","slug":"znani-slovenec-isce-partnerko-za-resno-zvezo-da-mi-bo-prala-likala-pospravljala-in-skuhala-video","status":"publish","type":"post","link":"https:\/\/www.europesays.com\/si\/120698\/","title":{"rendered":"Znani Slovenec i\u0161\u010de partnerko za resno zvezo: \u00bbDa mi bo prala, likala, pospravljala in skuhala\u00a0&#8230;\u00ab (VIDEO)"},"content":{"rendered":"<p>Slovenski popotnik, bloger, podjetnik in Youtuber Toma\u017e Gorec, ki je javnosti znan po svojih potovanjih, odkritih izjavah in pogosto nekonvencionalnih pogledih na \u017eivljenje, je znova poskrbel za odzive na dru\u017ebenih omre\u017ejih. Tokrat je na TikToku objavil videoposnetek, v katerem javno i\u0161\u010de \u017eensko za resno zvezo.<\/p>\n<p>V svojem zna\u010dilnem, \u0161aljivo obarvanem slogu je sledilcem predstavil, kak\u0161no partnerico si \u017eeli. \u00bbDa mi bo maj\u010dkeno pomagala pri opravilih, kot je ko\u0161nja trave, pa tudi, da mi bo prala, likala, pospravljala, skuhala,\u00ab je dejal v posnetku. Ob tem je morebitni izbranki predstavil tudi prednosti \u017eivljenja z njim. \u00bb\u017divela bo\u0161 takole fino v naravi, tukaj so\u00a0fini razgledi, vse v Topol\u0161ici, bolj\u0161e ne more biti. Pa \u0161e rad te bom imel,\u00ab je povedal.\u00a0<\/p>\n<p>V preteklosti pomagal drugim\u00a0<\/p>\n<p>Gorec, ki je v preteklosti \u017ee ve\u010dkrat javno govoril o samskem \u017eivljenju, odnosih in iskanju partnerice, je svoje sledilce pozval, naj mu pri iskanju pomagajo. \u00bb\u010ce poznate kak\u0161no tako \u017eensko, dajte jo tukaj ozna\u010diti v komentarju, da bo videla tole mojo objavo in da se mi javi,\u00ab je dejal. Ob koncu videa je priznal, da partnerico\u00a0i\u0161\u010de \u017ee dlje \u010dasa, vendar pri tem za zdaj ni najbolj uspe\u0161en. \u00bbNobena se ne javi. Ne vem, kaj je s temi \u017eenskami danes. A so \u010disto brez okusa, da ne zagrabijo take prilo\u017enosti pa takega \u010dednega fanta,\u00ab se je po\u0161alil.<\/p>\n<p>Svoj nagovor je zaklju\u010dil z vpra\u0161anjem, ki je med sledilci spro\u017eilo \u0161tevilne komentarje: \u00bbDajte vi povedati meni, \u010de je z mano kaj narobe, ali je z dana\u0161njimi \u017eenskami kaj narobe.\u00ab Gorec sicer \u017ee vrsto let ustvarja vsebine o potovanjih, podjetni\u0161tvu in osebnih izku\u0161njah, v zadnjem \u010dasu pa pogosto odpira tudi teme partnerskih odnosov in samskega \u017eivljenja. Na svoji spletni strani je pred kratkim celo objavil zapis, v katerem brezpla\u010dno ponuja pomo\u010d samskim mo\u0161kim, ki imajo te\u017eave pri spoznavanju \u017eensk.<\/p>\n","protected":false},"excerpt":{"rendered":"Slovenski popotnik, bloger, podjetnik in Youtuber Toma\u017e Gorec, ki je javnosti znan po svojih potovanjih, odkritih izjavah in&hellip;\n","protected":false},"author":2,"featured_media":120699,"comment_status":"","ping_status":"","sticky":false,"template":"","format":"standard","meta":{"footnotes":"","_share_on_mastodon":"0"},"categories":[20],"tags":[1398,32,1047,35,31,34,36,4349,37,38,24135,33],"class_list":["post-120698","post","type-post","status-publish","format-standard","has-post-thumbnail","category-novice","tag-druzbena-omrezja","tag-headlines","tag-ljubezen","tag-najpomembnejse-novice","tag-news","tag-novice","tag-osrednje-novice","tag-partnerstvo","tag-slovene","tag-slovenscina","tag-tomaz-gorec","tag-top-stories"],"share_on_mastodon":{"url":"https:\/\/pubeurope.com\/@si\/116720059597103879","error":""},"_links":{"self":[{"href":"https:\/\/www.europesays.com\/si\/wp-json\/wp\/v2\/posts\/120698","targetHints":{"allow":["GET"]}}],"collection":[{"href":"https:\/\/www.europesays.com\/si\/wp-json\/wp\/v2\/posts"}],"about":[{"href":"https:\/\/www.europesays.com\/si\/wp-json\/wp\/v2\/types\/post"}],"author":[{"embeddable":true,"href":"https:\/\/www.europesays.com\/si\/wp-json\/wp\/v2\/users\/2"}],"replies":[{"embeddable":true,"href":"https:\/\/www.europesays.com\/si\/wp-json\/wp\/v2\/comments?post=120698"}],"version-history":[{"count":0,"href":"https:\/\/www.europesays.com\/si\/wp-json\/wp\/v2\/posts\/120698\/revisions"}],"wp:featuredmedia":[{"embeddable":true,"href":"https:\/\/www.europesays.com\/si\/wp-json\/wp\/v2\/media\/120699"}],"wp:attachment":[{"href":"https:\/\/www.europesays.com\/si\/wp-json\/wp\/v2\/media?parent=120698"}],"wp:term":[{"taxonomy":"category","embeddable":true,"href":"https:\/\/www.europesays.com\/si\/wp-json\/wp\/v2\/categories?post=120698"},{"taxonomy":"post_tag","embeddable":true,"href":"https:\/\/www.europesays.com\/si\/wp-json\/wp\/v2\/tags?post=120698"}],"curies":[{"name":"wp","href":"https:\/\/api.w.org\/{rel}","templated":true}]}}