{"id":121117,"date":"2026-06-09T18:11:12","date_gmt":"2026-06-09T18:11:12","guid":{"rendered":"https:\/\/www.europesays.com\/si\/121117\/"},"modified":"2026-06-09T18:11:12","modified_gmt":"2026-06-09T18:11:12","slug":"trener-biatloncev-armin-auchentaller-imamo-dobro-mesanico-izkusenj-in-mladosti","status":"publish","type":"post","link":"https:\/\/www.europesays.com\/si\/121117\/","title":{"rendered":"Trener biatloncev Armin Auchentaller: &#8220;Imamo dobro me\u0161anico izku\u0161enj in mladosti&#8221;"},"content":{"rendered":"<p>\t\t\t\t\t\t\t\t<a href=\"https:\/\/www.europesays.com\/si\/wp-content\/uploads\/2026\/06\/67051343.jpg\" itemprop=\"contentUrl\" data-size=\"1200x800\" data-large=\"https:\/\/www.europesays.com\/si\/wp-content\/uploads\/2026\/06\/67051343.jpg\"><br \/>\n\t\t\t\t\t\t\t\t\t<img decoding=\"async\" src=\"https:\/\/www.europesays.com\/si\/wp-content\/uploads\/2026\/06\/67051343.jpg\" title=\"Novosti je slovenski tabor letos dele\u017een tako med tekmovalci kot na vrhu stroke, kjer je glavnega trenerja Janeza Mari\u010da zamenjal Italijan Armin Auchentaller, novi pomo\u010dnik pa je nekdanji reprezentant Rok Tr\u0161an. Foto: www.alesfevzer.com\" alt=\"Novosti je slovenski tabor letos dele\u017een tako med tekmovalci kot na vrhu stroke, kjer je glavnega trenerja Janeza Mari\u010da zamenjal Italijan Armin Auchentaller, novi pomo\u010dnik pa je nekdanji reprezentant Rok Tr\u0161an. Foto: www.alesfevzer.com\"\/><br \/>\n\t\t\t\t\t\t\t\t<\/a><\/p>\n<p>\t\t\t\t\t\t\t\t\tNovosti je slovenski tabor letos dele\u017een tako med tekmovalci kot na vrhu stroke, kjer je glavnega trenerja Janeza Mari\u010da zamenjal Italijan Armin Auchentaller, novi pomo\u010dnik pa je nekdanji reprezentant Rok Tr\u0161an. Foto: www.alesfevzer.com<\/p>\n<p>&#8220;Za\u010denjamo nov olimpijski cikel. Vesel sem, da se je Armin Auchentaller odlo\u010dil za Slovenijo. Z njim smo dobili novo sve\u017eino,&#8221; je novega glavnega trenerja na Pokljuki danes pozdravil vodja biatlonske panoge pri Smu\u010darski zvezi Slovenije Tomas Globo\u010dnik.<\/p>\n<p>Oglas<\/p>\n<p>&#8220;Janez O\u017ebolt in Tomas Globo\u010dnik sta bila zelo prepri\u010dljiva in Slovenijo prikazala v izjemni lu\u010di. Po mesecu dni pa lahko re\u010dem, da delam s fantasti\u010dno skupino \u0161portnikov, z motiviranimi in \u010dudovitimi osebnostmi,&#8221; pa je novinarjem na Pokljuki prve vtise v Sloveniji strnil Auchentaller, ki je nazadnje delal z reprezentanco ZDA, pred tem pa tudi \u017ee z Italijo.<\/p>\n<p>&#8220;Na vrsti so bazi\u010dne priprave in za nekatere mlaj\u0161e to pomeni veliko spremembo, pri drugih pa se posve\u010damo manj\u0161im, a \u0161e kako pomembnim podrobnostim. Mislim, da imamo dobro me\u0161anico izku\u0161enj in mladosti,&#8221; je \u0161e dejal 54-letni Ju\u017eni Tirolec.<\/p>\n<p>\t\t\t\t\t\t\t\t<a href=\"https:\/\/www.europesays.com\/si\/wp-content\/uploads\/2026\/06\/67051342.jpg\" itemprop=\"contentUrl\" data-size=\"1200x800\" data-large=\"https:\/\/www.europesays.com\/si\/wp-content\/uploads\/2026\/06\/67051342.jpg\"><br \/>\n\t\t\t\t\t\t\t\t\t<img decoding=\"async\" src=\"https:\/\/www.europesays.com\/si\/wp-content\/uploads\/2026\/06\/67051342.jpg\" title=\"Biatlonska reprezentanca. Foto: www.alesfevzer.com\" alt=\"Biatlonska reprezentanca. Foto: www.alesfevzer.com\"\/><br \/>\n\t\t\t\t\t\t\t\t<\/a><\/p>\n<p>\t\t\t\t\t\t\t\t\tBiatlonska reprezentanca. Foto: www.alesfevzer.com<\/p>\n<p>Lena Repinc se bo poleti preizkusila v cestnem kolesarstvu<br \/>V ekipi A v \u017eenski konkurenci ostajajo lani najbolj\u0161a Polona Klemen\u010di\u010d, Anamarija Lampi\u010d in Lena Repinc, pridru\u017eili pa sta se jim mladi Manca Caserman in Ela Sever, ki se bosta vsaj v pripravljalnem obdobju borili za \u010detrto prosto mesto na tekmah svetovnega pokala, kolikor je slovenska kvota.<\/p>\n<p>V biatlonskem taboru upajo, da bo z njimi ostala tudi Repinc, ki se namerava v poletni sezoni preizkusiti tudi v cestnem kolesarstvu. Sama je s podrobnostmi \u0161e zelo skrivnostna, na vpra\u0161anje, ali bi se ob dobrih kolesarskih nastopih odlo\u010dila za menjavo \u0161porta, pa odgovarja: &#8220;Nobenih vrat si ne zapiram.&#8221;<\/p>\n<p>\t\t\t\t\t\t\t\t<a href=\"https:\/\/www.europesays.com\/si\/wp-content\/uploads\/2026\/06\/67051340.jpg\" itemprop=\"contentUrl\" data-size=\"1200x800\" data-large=\"https:\/\/www.europesays.com\/si\/wp-content\/uploads\/2026\/06\/67051340.jpg\"><br \/>\n\t\t\t\t\t\t\t\t\t<img decoding=\"async\" src=\"https:\/\/www.europesays.com\/si\/wp-content\/uploads\/2026\/06\/67051340.jpg\" title=\"Jakov Fak se \u0161e ne namerava upokojiti. Foto: www.alesfevzer.com\" alt=\"Jakov Fak se \u0161e ne namerava upokojiti. Foto: www.alesfevzer.com\"\/><br \/>\n\t\t\t\t\t\t\t\t<\/a><\/p>\n<p>\t\t\t\t\t\t\t\t\tJakov Fak se \u0161e ne namerava upokojiti. Foto: www.alesfevzer.com<\/p>\n<p>Jakov Fak in Miha Dov\u017ean nadaljujeta kariero<br \/>Mo\u0161ki tabor ima sre\u010do z vztrajnostjo veteranov. \u017de pred leti je ekipo zapustil obetavni Alex Cisar, po lanski sezoni pa sta se za konec kariere odlo\u010dila \u0161e Toni Vidmar in rezervist na olimpijskih igrah Matic Repnik.<\/p>\n<p>Na sre\u010do slovenske vrste je preklicana upokojitev Jakova Faka, ki se je v sezoni 2024\/25 \u017ee poslovil od navija\u010dev na Pokljuki, pa tudi Miha Dov\u017ean je potrdil, da bo kariero nadaljeval vsaj \u0161e eno leto, \u010deprav je imel na\u010drte druga\u010dne. &#8220;Tako kot Jakov pa bom zaradi mlade dru\u017eine velik del priprav opravil sam,&#8221; je potrdil Dov\u017ean in prikimal ideji, da je dru\u017einam te\u017eko, ker so \u0161portniki tako pogosto in dolgo zdoma.<\/p>\n<p>\t\t\t\t\t\t\t\t<a href=\"https:\/\/www.europesays.com\/si\/wp-content\/uploads\/2026\/06\/67051341.jpg\" itemprop=\"contentUrl\" data-size=\"1200x800\" data-large=\"https:\/\/www.europesays.com\/si\/wp-content\/uploads\/2026\/06\/67051341.jpg\"><br \/>\n\t\t\t\t\t\t\t\t\t<img decoding=\"async\" src=\"https:\/\/www.europesays.com\/si\/wp-content\/uploads\/2026\/06\/67051341.jpg\" title=\"Anamarija Lampi\u010d. Foto: www.alesfevzer.com\" alt=\"Anamarija Lampi\u010d. Foto: www.alesfevzer.com\"\/><br \/>\n\t\t\t\t\t\t\t\t<\/a><\/p>\n<p>\t\t\t\t\t\t\t\t\tAnamarija Lampi\u010d. Foto: www.alesfevzer.com<\/p>\n<p>Fak je zdru\u017eevanja \u0161porta in dru\u017einskega \u017eivljenja vajen, pred novo sezono pa ima v resnici samo eno veliko \u017eeljo: &#8220;Po\u0161kodba kolena \u0161e ni 100-odstotno sanirana. Upam, da bo do konca poletja,&#8221; je dejal Fak. In v \u0161ali dodal: &#8220;Upam, da bo po\u0161kodovano koleno bolj\u0161e od zdravega.&#8221; O novem trenerju pa dodaja: &#8220;Moja kariera je zelo dolga, vedno pa se je dobrodo\u0161lo spopasti s kak\u0161no spremembo in se nau\u010diti kak\u0161en nov prijem.&#8221;<\/p>\n<p>V mo\u0161ki vrsti, kjer ima Slovenija kvoto petih tekmovalcev, z ekipo A trenutno trenirata mlada Alja\u017e Omejc in Rui Simi\u010d Gro\u0161elj, ki se bosta do jeseni potegovala tudi za mesto v za\u010detni postavi slovenske mo\u0161ke \u0161tafete, \u0161e ve\u010dji pomen pa bo imel \u0161tafetni nastop v novem novoletnem terminu svetovnega pokala, ko bodo tekme 2. in 3. decembra na Pokljuki.<\/p>\n<p>Oglas<\/p>\n","protected":false},"excerpt":{"rendered":"Novosti je slovenski tabor letos dele\u017een tako med tekmovalci kot na vrhu stroke, kjer je glavnega trenerja Janeza&hellip;\n","protected":false},"author":2,"featured_media":121118,"comment_status":"","ping_status":"","sticky":false,"template":"","format":"standard","meta":{"footnotes":"","_share_on_mastodon":"0"},"categories":[16],"tags":[34004,562,16632,62,37,58,60,38,94,93],"class_list":["post-121117","post","type-post","status-publish","format-standard","has-post-thumbnail","category-sport","tag-armin-auchentaller","tag-biatlon","tag-priprave","tag-si","tag-slovene","tag-slovenia","tag-slovenija","tag-slovenscina","tag-sport","tag-sports"],"share_on_mastodon":{"url":"https:\/\/pubeurope.com\/@si\/116721502418239031","error":""},"_links":{"self":[{"href":"https:\/\/www.europesays.com\/si\/wp-json\/wp\/v2\/posts\/121117","targetHints":{"allow":["GET"]}}],"collection":[{"href":"https:\/\/www.europesays.com\/si\/wp-json\/wp\/v2\/posts"}],"about":[{"href":"https:\/\/www.europesays.com\/si\/wp-json\/wp\/v2\/types\/post"}],"author":[{"embeddable":true,"href":"https:\/\/www.europesays.com\/si\/wp-json\/wp\/v2\/users\/2"}],"replies":[{"embeddable":true,"href":"https:\/\/www.europesays.com\/si\/wp-json\/wp\/v2\/comments?post=121117"}],"version-history":[{"count":0,"href":"https:\/\/www.europesays.com\/si\/wp-json\/wp\/v2\/posts\/121117\/revisions"}],"wp:featuredmedia":[{"embeddable":true,"href":"https:\/\/www.europesays.com\/si\/wp-json\/wp\/v2\/media\/121118"}],"wp:attachment":[{"href":"https:\/\/www.europesays.com\/si\/wp-json\/wp\/v2\/media?parent=121117"}],"wp:term":[{"taxonomy":"category","embeddable":true,"href":"https:\/\/www.europesays.com\/si\/wp-json\/wp\/v2\/categories?post=121117"},{"taxonomy":"post_tag","embeddable":true,"href":"https:\/\/www.europesays.com\/si\/wp-json\/wp\/v2\/tags?post=121117"}],"curies":[{"name":"wp","href":"https:\/\/api.w.org\/{rel}","templated":true}]}}