{"id":121375,"date":"2026-06-09T23:23:10","date_gmt":"2026-06-09T23:23:10","guid":{"rendered":"https:\/\/www.europesays.com\/si\/121375\/"},"modified":"2026-06-09T23:23:10","modified_gmt":"2026-06-09T23:23:10","slug":"nov-glavni-trener-slovo-tonija-vidmarja-kaj-pa-jakov-fak-in-anamarija-lampic","status":"publish","type":"post","link":"https:\/\/www.europesays.com\/si\/121375\/","title":{"rendered":"Nov glavni trener, slovo Tonija Vidmarja, kaj pa Jakov Fak in Anamarija Lampi\u010d?"},"content":{"rendered":"<p>Slovenska biatlonska reprezentanca je v nov olimpijski ciklus vstopila spremenjena. Vlogo glavnega trenerja je prevzel Ju\u017eni Tirolec Armin Auchentaller, njegov pomo\u010dnik je Rok Tr\u0161an, ki je s seboj iz mladinske vrste pripeljal nekaj obetavnih tekmovalk in tekmovalcev. S \u0161portno kariero je po sezoni razo\u010daranj kon\u010dal 26-letni Toni Vidmar, medtem ko Anamarija Lampi\u010d in Jakov Fak ostajata zelo motivirana za nadaljnje delo. Lampi\u010d pravi, da bo biatlonka vsaj \u0161e do naslednjih olimpijskih iger, 38-letni Fak o koncu kariere sploh ne razmi\u0161lja. &#8220;Bomo videli,&#8221; pravi.<\/p>\n<p>Slovenska biatlonska reprezentanca je \u0161tiriletno obdobje, katerega vrhunec so bile leto\u0161nje olimpijske igre Milano Cortina zaklju\u010dila z me\u0161animi ob\u010dutki. &#8220;Bilo je veliko dobrega, po opravljenih analizah pa tudi nekaj tistega, kar bi si \u017eeleli bolje,&#8221; pravi vodja panoge biatlon pri Smu\u010darski zvezi Slovenije Tomas Globo\u010dnik.<\/p>\n<p>V nov olimpijski cikel s sve\u017eino, novimi idejami in novimi ljudmi<\/p>\n<p>V zadnji olimpijski ciklus se je slovenski biatlon podal ambiciozno, za glavnega trenerja je vodstvo anga\u017eiralo slovitega Nemca Ricca Grossa, ekipo je okrepila zvezdnica smu\u010darskega teka Anamarija Lampi\u010d, vidnej\u0161e vloge je prevzemal mladi val tekmovalcev, ob Lovru Planku \u0161e Toni Vidmar in v \u017eenski vrsti ob Poloni Klemen\u010di\u010d tudi Lena Repinc. \u017de po dveh letih je Gross izgubil zaupanje vodstva, reprezentanco je na olimpijske igre odpeljal Janez Mari\u010d, rezultati pa so bili dale\u010d pod pri\u010dakovanji.<\/p>\n<p><img decoding=\"async\" alt=\"Vodja biatlonskih reprezentanc Janez O\u017ebolt in vodja panoge pri SZS Tomas Globo\u010dnik sta za mesto glavnega trenerja slovenske vrste prepri\u010dala Italijana Armina Auchentallerja. | Foto: Ale\u0161 Fev\u017eer\" class=\"article_content__inline_image js_imageLightbox is-clickable\" data-author=\"Ale\u0161 Fev\u017eer\" data-caption=\"Vodja biatlonskih reprezentanc Janez O\u017ebolt in vodja panoge pri SZS Tomas Globo\u010dnik sta za mesto glavnega trenerja slovenske vrste prepri\u010dala Italijana Armina Auchentallerja.\" data-height=\"2971\" data-href=\"https:\/\/siol.net\/media\/img\/b5\/64\/3022c228fcfaddbaa332-slovenska-biatlonska-reprezentanca.jpeg\" data-width=\"4450\" loading=\"lazy\" src=\"\/media\/img\/ff\/3a\/8e09cc1a9a7a68f34937-slovenska-biatlonska-reprezentanca.jpeg\" title=\"Slovenska biatlonska reprezentanca\"\/><\/p>\n<p> Vodja biatlonskih reprezentanc Janez O\u017ebolt in vodja panoge pri SZS Tomas Globo\u010dnik sta za mesto glavnega trenerja slovenske vrste prepri\u010dala Italijana Armina Auchentallerja.<br \/>\n Foto: Ale\u0161 Fev\u017eer <\/p>\n<p>&#8220;V nov olimpijski cikel smo si \u017eeleli z nekaj sve\u017eine in novimi idejami in seveda tudi novimi ljudmi, novim kadrom. Armin je bil tisti, ki smo ga vsi \u017eeleli, in na na\u0161e veselje se je odlo\u010dil za sodelovanje z nami,&#8221; je o novi usmeritvi povedal Globo\u010dnik. V reprezentanco A so pri\u0161li mladi \u010dlani Manca Caserman, Ela Sever, Rui Simi\u010d Gro\u0161elj in Alja\u017e Omejc, da bo njihov prestop v \u010dlansko vrsto kar se da teko\u010d, pa bo skrbel nekdanji trener slovenske mladinske vrste Rok Tr\u0161an, ki je zdaj Auchentallerjev pomo\u010dnik.<\/p>\n<p>V slovo pomahala Vidmar in Repnik<\/p>\n<p>Po upokojitvi Alexa Cisarja in zdaj \u0161e Tonija Vidmarja ostaja Lovro Planko \u0161e zadnji \u010dlan obetavne generacije biatloncev, ki je leta 2019 na mladinskem svetovnem prvenstvu v Oserblieju na Slova\u0161kem s kopico osvojenih odli\u010dij napovedovala svetlo prihodnost slovenskega biatlona. Trojico je tedaj vodil Janez Mari\u010d. &#8220;Toni je bil vrsto let pomemben \u010dlan slovenske biatlonske reprezentance, zdaj pa si je zastavil nove cilje. Ob tej prilo\u017enosti se mu zahvaljujemo za vse, kar je prispeval slovenskemu biatlonu, in mu \u017eelimo veliko uspeha na novi poti,&#8221; je Vidmarju za\u017eelelo vodstvo panoge.<\/p>\n<p><img decoding=\"async\" alt=\"54-letni Ju\u017eni Tirolec je \u017ee poprijel za delo. V reprezentanci ostaja 38-letni Jakov Fak, ki o koncu \u0161portne kariere \u0161e ne razmi\u0161lja. | Foto: Ale\u0161 Fev\u017eer\" class=\"article_content__inline_image js_imageLightbox is-clickable\" data-author=\"Ale\u0161 Fev\u017eer\" data-caption=\"54-letni Ju\u017eni Tirolec je \u017ee poprijel za delo. V reprezentanci ostaja 38-letni Jakov Fak, ki o koncu \u0161portne kariere \u0161e ne razmi\u0161lja.\" data-height=\"3668\" data-href=\"https:\/\/siol.net\/media\/img\/0c\/a0\/9a4ed1a2e56716eee225-slovenska-biatlonska-reprezentanca.jpeg\" data-width=\"5502\" loading=\"lazy\" src=\"\/media\/img\/77\/e9\/48531a2fe988d0053d1e-slovenska-biatlonska-reprezentanca.jpeg\" title=\"Slovenska biatlonska reprezentanca\"\/><\/p>\n<p> 54-letni Ju\u017eni Tirolec je \u017ee poprijel za delo. V reprezentanci ostaja 38-letni Jakov Fak, ki o koncu \u0161portne kariere \u0161e ne razmi\u0161lja.<br \/>\n Foto: Ale\u0161 Fev\u017eer <\/p>\n<p>Biatlon je opustil tudi Matic Repnik, tako Planko zdaj v nov ciklus vstopa kot eden bolj izku\u0161enih slovenskih tekmovalcev, a\u00a0\u0161e vedno domala zelenec proti starosti na\u0161e izbrane vrste Jakovu Faku, pa tudi Mihi Dov\u017eanu, ki se je pri 32 letih \u017ee spogledoval s koncem kariere, a se odlo\u010dil, da vsaj eno leto \u0161e vztraja. &#8220;Veseli me sodelovanje z novim trenerjem, da vidim\u00a0\u0161e ta del in poskusimo nekaj novega,&#8221; pravi Gorjan. \u00a0<\/p>\n<p>Leno Repinc mika kolesarstvo<\/p>\n<p>Fak, Planko, Dov\u017ean, Omejc in Simi\u010d Gro\u0161elj so torej tekmovalci, ki bodo zapolnili slovensko kvoto v svetovnem pokalu, obenem pa se bodo borili za mesta v \u0161tafetah. V \u017eenski konkurenci ima Slovenija kvoto \u0161tirih tekmovalk, zanje pa pet kandidatk, Polono Klemen\u010di\u010d, Anamarijo Lampi\u010d, Leno Repinc, Manco Caserman in Elo Sever. Repinc se sicer spogleduje tudi s cestnim kolesarstvom, a za zdaj biatlon ostaja njen primarni \u0161port.\u00a0<\/p>\n<p>A je reprezentanca A odprta tudi za morebitne nove nadarjene kandidate, \u010de se bodo izkazali v ni\u017ejih kategorijah. &#8220;Na\u0161 cilj je tudi nadgradnja regijskih centrov, kjer imamo \u0161tiri trenerje, ki sodelujejo s klubi. S tem smo pripravili tudi nek bolj strokoven, nadgrajen sistem treninga kot pomo\u010d klubom. Da nekako to bazo, ki jo imamo zdaj, torej dobrih 200 registriranih tekmovalcev v Sloveniji, \u010dimbolj kakovostno peljemo do reprezentan\u010dne ravni,&#8221; pravi Globo\u010dnik.<\/p>\n<p><img decoding=\"async\" alt=\"Vlogo Auchentallerjevega pomo\u010dnika je prevzel Rok Tr\u0161an.  | Foto: Ale\u0161 Fev\u017eer\" class=\"article_content__inline_image js_imageLightbox is-clickable\" data-author=\"Ale\u0161 Fev\u017eer\" data-caption=\"Vlogo Auchentallerjevega pomo\u010dnika je prevzel Rok Tr\u0161an. \" data-height=\"2878\" data-href=\"https:\/\/siol.net\/media\/img\/29\/59\/82bfe1544e98a506ef58-slovenska-biatlonska-reprezentanca.jpeg\" data-width=\"4312\" loading=\"lazy\" src=\"\/media\/img\/c6\/bd\/8f3590e8baa6db568581-slovenska-biatlonska-reprezentanca.jpeg\" title=\"Slovenska biatlonska reprezentanca\"\/><\/p>\n<p> Vlogo Auchentallerjevega pomo\u010dnika je prevzel Rok Tr\u0161an.<br \/>\n Foto: Ale\u0161 Fev\u017eer <\/p>\n<p>Italijana prepri\u010dala vizija slovenskega biatlona<\/p>\n<p>Armin Auchentaller je \u017ee dobro zavihal rokave in poprijel za delo. &#8220;Kot trener sem deloval v Italiji in v ZDA v dveh obdobjih, bil sem tudi v \u0160vici. S trenerstvom v biatlonu se ukvarjam 33 let, pred prihodom v Slovenijo sem imel nekaj zelo dobrih pogovorov s Tomasom in Janezom (O\u017eboltom, op. p.). Govorili smo predvsem o viziji biatlona tukaj in o tekmovalcih. Vse skupaj me je prepri\u010dalo, da sem sprejel izziv. Do sedaj lahko re\u010dem, da vidim izjemno skupino odli\u010dnih tekmovalcev, ki so zelo motivirani. Vsi so tudi odli\u010dni ljudje. Prvi ob\u010dutki so odli\u010dni in \u010de so prvi ob\u010dutki dobri, se navadno zgodijo odli\u010dne stvari,&#8221; je povedal 54-letnik iz Antholza.<\/p>\n<p>Preberite \u0161e:<\/p>\n","protected":false},"excerpt":{"rendered":"Slovenska biatlonska reprezentanca je v nov olimpijski ciklus vstopila spremenjena. Vlogo glavnega trenerja je prevzel Ju\u017eni Tirolec Armin&hellip;\n","protected":false},"author":2,"featured_media":121376,"comment_status":"","ping_status":"","sticky":false,"template":"","format":"standard","meta":{"footnotes":"","_share_on_mastodon":"0"},"categories":[16],"tags":[4583,34004,562,7527,8214,7163,62,37,58,60,38,34075,94,93,34076,12364],"class_list":["post-121375","post","type-post","status-publish","format-standard","has-post-thumbnail","category-sport","tag-anamarija-lampic","tag-armin-auchentaller","tag-biatlon","tag-jakov-fak","tag-lena-repinc","tag-polona-klemencic","tag-si","tag-slovene","tag-slovenia","tag-slovenija","tag-slovenscina","tag-slovenska-biatlonska-reprezentanca","tag-sport","tag-sports","tag-tomas-globocnik","tag-toni-vidmar"],"share_on_mastodon":{"url":"https:\/\/pubeurope.com\/@si\/116722729542070038","error":""},"_links":{"self":[{"href":"https:\/\/www.europesays.com\/si\/wp-json\/wp\/v2\/posts\/121375","targetHints":{"allow":["GET"]}}],"collection":[{"href":"https:\/\/www.europesays.com\/si\/wp-json\/wp\/v2\/posts"}],"about":[{"href":"https:\/\/www.europesays.com\/si\/wp-json\/wp\/v2\/types\/post"}],"author":[{"embeddable":true,"href":"https:\/\/www.europesays.com\/si\/wp-json\/wp\/v2\/users\/2"}],"replies":[{"embeddable":true,"href":"https:\/\/www.europesays.com\/si\/wp-json\/wp\/v2\/comments?post=121375"}],"version-history":[{"count":0,"href":"https:\/\/www.europesays.com\/si\/wp-json\/wp\/v2\/posts\/121375\/revisions"}],"wp:featuredmedia":[{"embeddable":true,"href":"https:\/\/www.europesays.com\/si\/wp-json\/wp\/v2\/media\/121376"}],"wp:attachment":[{"href":"https:\/\/www.europesays.com\/si\/wp-json\/wp\/v2\/media?parent=121375"}],"wp:term":[{"taxonomy":"category","embeddable":true,"href":"https:\/\/www.europesays.com\/si\/wp-json\/wp\/v2\/categories?post=121375"},{"taxonomy":"post_tag","embeddable":true,"href":"https:\/\/www.europesays.com\/si\/wp-json\/wp\/v2\/tags?post=121375"}],"curies":[{"name":"wp","href":"https:\/\/api.w.org\/{rel}","templated":true}]}}