{"id":121402,"date":"2026-06-10T00:14:12","date_gmt":"2026-06-10T00:14:12","guid":{"rendered":"https:\/\/www.europesays.com\/si\/121402\/"},"modified":"2026-06-10T00:14:12","modified_gmt":"2026-06-10T00:14:12","slug":"medeja-na-mednarodnem-festivalu-infant-v-novem-sadu","status":"publish","type":"post","link":"https:\/\/www.europesays.com\/si\/121402\/","title":{"rendered":"Medeja na mednarodnem festivalu INFANT v Novem Sadu"},"content":{"rendered":"<p>    <a href=\"https:\/\/iasstorage.vecer.com\/cdn-cgi\/image\/width=1920,quality=75\/data\/Resources\/00\/00\/00\/00\/00\/00\/32\/75\/88\/77\/32758877q83FBD496BBE803FFED0BB96A9E454528_1920.jpg\" data-fancybox=\"gallery\" rel=\"nofollow noopener\" target=\"_blank\"><br \/>\n    <img decoding=\"async\" src=\"https:\/\/www.europesays.com\/si\/wp-content\/uploads\/2026\/06\/32758877q83FBD496BBE803FFED0BB96A9E454528_1200.jpg\" class=\"object-cover w-full\" alt=\"Helena Mini\u0107 Matani\u0107 kot\u00a0Medeja \" width=\"775\" fetchpriority=\"high\" loading=\"eager\"\/><br \/>\n    <\/a><\/p>\n<p>Helena Mini\u0107 Matani\u0107 kot\u00a0Medeja <\/p>\n<p>Marko Ercegovi\u0107<\/p>\n<p>\n                            Datum 9. junij 2026 13:56\n                        <\/p>\n<p>\n                            \u010cas branja 2 min\n                        <\/p>\n<p>Leto\u0161nji festival poteka pod naslovom Med mitom in prihodnostjo in v ospredje postavlja uprizoritve, ki skozi razli\u010dne gledali\u0161ke poetike raziskujejo \u010dlovekovo identiteto, svobodo, mo\u010d, ljubezen in prihodnost. Festival bo v tekmovalnem programu gostil pet izbranih predstav iz Slovenije, Srbije, \u010crne gore in z Mad\u017earske.<\/p>\n<p>V predstavitvi organizatorji poudarjajo, da Medeja ni zgolj zgodba o anti\u010dnem ma\u0161\u010devanju, temve\u010d &#8220;brutalno iskrena disekcija sodobnih med\u010dlove\u0161kih odnosov in polo\u017eaja posameznika v dru\u017ebi, ki ne odpu\u0161\u010da&#8221;. Festivalsko vodstvo jo je izpostavilo kot eno najpomembnej\u0161ih sodobnih reinterpretacij anti\u010dnega mita. Simon Stone s svojo Medejo enaindvajsetega stoletja ustvarja prepoznavno sodobno zgodbo o uspe\u0161ni znanstvenici Ani, katere \u017eivljenje se pod pritiskom dru\u017einskih in dru\u017ebenih mehanizmov za\u010dne nepovratno ru\u0161iti. Pod navidezno vsakdanjostjo sodobnega sveta se razkrivajo temeljna vpra\u0161anja \u010dlove\u0161ke narave, ljubezni, nasilja in mo\u010di, stara toliko kot \u010dlove\u0161tvo samo.<\/p>\n<p>Medeja je nastala kot koprodukcija Drame SNG Maribor, festivala Dubrovni\u0161ke poletne igre in Hrva\u0161kega narodnega gledali\u0161\u010da v Vara\u017edinu. Uprizoritev temelji na besedilih Simona Stona in Heinerja M\u00fcllerja, re\u017eijo pa podpisuje Martin Ku\u0161ej.<\/p>\n<p>V Medeji igrajo Helena Mini\u0107 Matani\u0107, Uliks Fehmiu, Julija Klav\u017ear, Ma\u0161a \u017dilavec, Vladimir Vla\u0161kali\u0107, aktualni prejemnik Bor\u0161tnikovega prstana Ale\u0161 Vali\u010d, Tvrtko Kolar in Jan Rendi\u0107. Prevod in dramaturgijo je pripravila Vesna \u0110ikanovi\u0107, scenografijo Annette Murschetz, kostumografijo Ana Savi\u0107 Gecan, glasbo Aki Traar, video Tobias Jonas, oblikovanje svetlobe Vesna Kolarec. Asistent re\u017eiserja je Herbert St\u00f6ger, lektorica za hrva\u0161ki jezik pa Ines Carovi\u0107.<\/p>\n<p>Predstava je od premiere na festivalu Dubrovni\u0161ke poletne igre do\u017eivela izjemen odziv ob\u010dinstva in kritike. Helena Mini\u0107 Matani\u0107 je za vlogo Medeje prejela presti\u017eno festivalsko nagrado orlando za najuspe\u0161nej\u0161o dramsko stvaritev, pozneje pa \u0161e hrva\u0161ko medijsko nagrado zlatni studio za najbolj\u0161o gledali\u0161ko igralko.<\/p>\n<p>Gostovanje na festivalu INFANT (mednarodni festival alternativnega in novega gledali\u0161\u010da) predstavlja novo pomembno mednarodno priznanje za ustvarjalno ekipo in nadaljevanje uspe\u0161ne poti predstave, ki je po premierah v Dubrovniku, Mariboru in Vara\u017edinu \u017ee gostovala tudi na\u00a0Reki ter utrjuje svoj polo\u017eaj ene najodmevnej\u0161ih regionalnih gledali\u0161kih produkcij zadnjih sezon, so zapisali v sporo\u010dilu za javnost v mariborski Drami.<\/p>\n","protected":false},"excerpt":{"rendered":"Helena Mini\u0107 Matani\u0107 kot\u00a0Medeja Marko Ercegovi\u0107 Datum 9. junij 2026 13:56 \u010cas branja 2 min Leto\u0161nji festival poteka&hellip;\n","protected":false},"author":2,"featured_media":121403,"comment_status":"","ping_status":"","sticky":false,"template":"","format":"standard","meta":{"footnotes":"","_share_on_mastodon":"0"},"categories":[22],"tags":[17523,34083,34087,34084,150,34085,34086,952,62,37,58,60,38],"class_list":["post-121402","post","type-post","status-publish","format-standard","has-post-thumbnail","category-maribor","tag-drama-sng-maribor","tag-gledaliski-festival","tag-gostovanje-predstave","tag-infant","tag-maribor","tag-martin-kusej","tag-medeja","tag-novi-sad","tag-si","tag-slovene","tag-slovenia","tag-slovenija","tag-slovenscina"],"share_on_mastodon":{"url":"https:\/\/pubeurope.com\/@si\/116722929997895854","error":""},"_links":{"self":[{"href":"https:\/\/www.europesays.com\/si\/wp-json\/wp\/v2\/posts\/121402","targetHints":{"allow":["GET"]}}],"collection":[{"href":"https:\/\/www.europesays.com\/si\/wp-json\/wp\/v2\/posts"}],"about":[{"href":"https:\/\/www.europesays.com\/si\/wp-json\/wp\/v2\/types\/post"}],"author":[{"embeddable":true,"href":"https:\/\/www.europesays.com\/si\/wp-json\/wp\/v2\/users\/2"}],"replies":[{"embeddable":true,"href":"https:\/\/www.europesays.com\/si\/wp-json\/wp\/v2\/comments?post=121402"}],"version-history":[{"count":0,"href":"https:\/\/www.europesays.com\/si\/wp-json\/wp\/v2\/posts\/121402\/revisions"}],"wp:featuredmedia":[{"embeddable":true,"href":"https:\/\/www.europesays.com\/si\/wp-json\/wp\/v2\/media\/121403"}],"wp:attachment":[{"href":"https:\/\/www.europesays.com\/si\/wp-json\/wp\/v2\/media?parent=121402"}],"wp:term":[{"taxonomy":"category","embeddable":true,"href":"https:\/\/www.europesays.com\/si\/wp-json\/wp\/v2\/categories?post=121402"},{"taxonomy":"post_tag","embeddable":true,"href":"https:\/\/www.europesays.com\/si\/wp-json\/wp\/v2\/tags?post=121402"}],"curies":[{"name":"wp","href":"https:\/\/api.w.org\/{rel}","templated":true}]}}