{"id":121545,"date":"2026-06-10T04:51:15","date_gmt":"2026-06-10T04:51:15","guid":{"rendered":"https:\/\/www.europesays.com\/si\/121545\/"},"modified":"2026-06-10T04:51:15","modified_gmt":"2026-06-10T04:51:15","slug":"medeja-mariborske-drame-odpira-tekmovalni-program-festivala-v-novem-sadu","status":"publish","type":"post","link":"https:\/\/www.europesays.com\/si\/121545\/","title":{"rendered":"Medeja mariborske Drame odpira tekmovalni program festivala v Novem Sadu"},"content":{"rendered":"<p>\t\t\t\t\t\t\t\t<a href=\"https:\/\/www.europesays.com\/si\/wp-content\/uploads\/2026\/06\/66907449.jpg\" itemprop=\"contentUrl\" data-size=\"1200x800\" data-large=\"https:\/\/www.europesays.com\/si\/wp-content\/uploads\/2026\/06\/66907449.jpg\"><br \/>\n\t\t\t\t\t\t\t\t\t<img decoding=\"async\" src=\"https:\/\/www.europesays.com\/si\/wp-content\/uploads\/2026\/06\/66907449.jpg\" title=\"Leto\u0161nji festival INFANT poteka pod naslovom Med mitom in prihodnostjo ter v ospredje postavlja uprizoritve, ki skozi razli\u010dne gledali\u0161ke poetike raziskujejo \u010dlovekovo identiteto, svobodo, mo\u010d, ljubezen in prihodnost. Festival se bo sklenil 13. junija. Foto: SNG Drama Maribor\/Marko Ercegovi\u0107\" alt=\"Leto\u0161nji festival INFANT poteka pod naslovom Med mitom in prihodnostjo ter v ospredje postavlja uprizoritve, ki skozi razli\u010dne gledali\u0161ke poetike raziskujejo \u010dlovekovo identiteto, svobodo, mo\u010d, ljubezen in prihodnost. Festival se bo sklenil 13. junija. Foto: SNG Drama Maribor\/Marko Ercegovi\u0107\"\/><br \/>\n\t\t\t\t\t\t\t\t<\/a><\/p>\n<p>\t\t\t\t\t\t\t\t\tLeto\u0161nji festival INFANT poteka pod naslovom Med mitom in prihodnostjo ter v ospredje postavlja uprizoritve, ki skozi razli\u010dne gledali\u0161ke poetike raziskujejo \u010dlovekovo identiteto, svobodo, mo\u010d, ljubezen in prihodnost. Festival se bo sklenil 13. junija. Foto: SNG Drama Maribor\/Marko Ercegovi\u0107<\/p>\n<p>Drama SNG-ja Maribor s koprodukcijsko predstavo Medeja v re\u017eiji Martina Ku\u0161eja gostuje v Novem Sadu, kjer odpira tekmovalni program 53. mednarodnega gledali\u0161kega festivala INFANT. Festival bo v tekmovalnem programu gostil pet izbranih predstav iz Slovenije, Srbije, \u010crne gore in Mad\u017earske, so sporo\u010dili iz mariborskega gledali\u0161\u010da.<\/p>\n<p>Oglas<\/p>\n<p>\t\t\t\t\t\t\t\t\t<a href=\"https:\/\/www.rtvslo.si\/n\/764693\" class=\"image-link image-heading image-container container-16-9\" data-large=\"https:\/\/img.rtvcdn.si\/_up\/upload\/2025\/10\/24\/66989057.jpg\" rel=\"nofollow noopener\" target=\"_blank\"><br \/>\n\t\t\t\t\t\t\t\t\t\t<img decoding=\"async\" src=\"https:\/\/www.europesays.com\/si\/wp-content\/uploads\/2026\/06\/66989057_thumb.jpg\" class=\"image-preview\"\/><br \/>\n\t\t\t\t\t\t\t\t\t<\/a><\/p>\n<p>\t\t\t\t\t\t\t\t\t\tSorodna novica<br \/>\n\t\t\t\t\t\t\t\t\t\t<a href=\"https:\/\/www.rtvslo.si\/n\/764693\" rel=\"nofollow noopener\" target=\"_blank\">Dva vrhunska evropska re\u017eiserja o Medeji: Martin Ku\u0161ej in Milo Rau<\/a><\/p>\n<p>Pohvale festivalskega vodstva<br \/>Kot so v predstavitvi uprizoritve poudarili organizatorji, Medeja ni zgolj zgodba o anti\u010dnem ma\u0161\u010devanju, temve\u010d &#8220;brutalno iskrena disekcija sodobnih med\u010dlove\u0161kih odnosov in polo\u017eaja posameznika v dru\u017ebi, ki ne odpu\u0161\u010da&#8221;. Festivalsko vodstvo jo je poudarilo kot eno najpomembnej\u0161ih sodobnih reinterpretacij anti\u010dnega mita.<\/p>\n<p>Medeja je nastala kot koprodukcija Drame SNG-ja Maribor, festivala Dubrovni\u0161ke poletne igre in Hrva\u0161kega narodnega gledali\u0161\u010da v Vara\u017edinu. Temelji na besedilih Simona Stona in Heinerja M\u00fcllerja, re\u017eijo pa podpisuje eden najvidnej\u0161ih evropskih gledali\u0161kih ustvarjalcev Ku\u0161ej. Stone s svojo Medejo enaindvajsetega stoletja ustvarja prepoznavno sodobno zgodbo o uspe\u0161ni znanstvenici Ani, katere \u017eivljenje se pod pritiskom dru\u017einskih in dru\u017ebenih mehanizmov za\u010dne nepovratno ru\u0161iti. Pod navidezno vsakdanjostjo sodobnega sveta se razkrivajo temeljna vpra\u0161anja \u010dlove\u0161ke narave, ljubezni, nasilja in mo\u010di, stara toliko kot \u010dlove\u0161tvo samo.<\/p>\n<p>V uprizoritvi igrajo Helena Mini\u0107 Matani\u0107, Uliks Fehmiu, Julija Klav\u017ear, Ma\u0161a \u017dilavec, Vladimir Vla\u0161kali\u0107, aktualni prejemnik Bor\u0161tnikovega prstana Ale\u0161 Vali\u010d, Tvrtko Kolar in Jan Rendi\u0107. Prevod in dramaturgijo je pripravila Vesna \u0110ikanovi\u0107, scenografinja je Annette Murschetz, kostumografinja Ana Savi\u0107 Gecan, za glasbo je poskrbel Aki Traar, za video Tobias Jonas in oblikovanje svetlobe Vesna Kolarec.<\/p>\n<p>\t\t\t\t\t\t\t\t\t<a href=\"https:\/\/www.rtvslo.si\/n\/753050\" class=\"image-link image-heading image-container container-16-9\" data-large=\"https:\/\/img.rtvcdn.si\/_up\/upload\/2025\/07\/27\/66907451.jpg\" rel=\"nofollow noopener\" target=\"_blank\"><br \/>\n\t\t\t\t\t\t\t\t\t\t<img decoding=\"async\" src=\"https:\/\/www.europesays.com\/si\/wp-content\/uploads\/2026\/06\/66907451_thumb.jpg\" class=\"image-preview\"\/><br \/>\n\t\t\t\t\t\t\t\t\t<\/a><\/p>\n<p>\t\t\t\t\t\t\t\t\t\tSorodna novica<br \/>\n\t\t\t\t\t\t\t\t\t\t<a href=\"https:\/\/www.rtvslo.si\/n\/753050\" rel=\"nofollow noopener\" target=\"_blank\">Sodobna tragedija o \u017eenskah, ki nimajo \u010desa izgubiti: premiera Ku\u0161ejeve Medeje v Dubrovniku<\/a><\/p>\n<p>Preplet sodobne realnosti z anti\u010dnim mitom<br \/>Predstava je bila premierno uprizorjena na festivalu Dubrovni\u0161ke poletne igre, na katerem je Mini\u0107 Matani\u0107 za vlogo Medeje prejela festivalsko nagrado orlando za najuspe\u0161nej\u0161o dramsko stvaritev, pozneje pa \u0161e hrva\u0161ko medijsko nagrado zlatni studio za najbolj\u0161o gledali\u0161ko igralko.<\/p>\n<p>Kot so \u0161e zapisali v mariborskem gledali\u0161\u010du, gostovanje na festivalu INFANT \u2013 Mednarodnem festivalu alternativnega in novega teatra predstavlja novo pomembno mednarodno priznanje za ustvarjalno ekipo in nadaljevanje uspe\u0161ne poti predstave, ki je po premierah v Dubrovniku, Mariboru in Vara\u017edinu \u017ee gostovala tudi na Reki ter utrjuje svoj polo\u017eaj ene najodmevnej\u0161ih regionalnih gledali\u0161kih produkcij zadnjih sezon.<\/p>\n<p>Oglas<\/p>\n","protected":false},"excerpt":{"rendered":"Leto\u0161nji festival INFANT poteka pod naslovom Med mitom in prihodnostjo ter v ospredje postavlja uprizoritve, ki skozi razli\u010dne&hellip;\n","protected":false},"author":2,"featured_media":121546,"comment_status":"","ping_status":"","sticky":false,"template":"","format":"standard","meta":{"footnotes":"","_share_on_mastodon":"0"},"categories":[22],"tags":[17523,34084,22531,150,34086,952,62,37,58,60,38],"class_list":["post-121545","post","type-post","status-publish","format-standard","has-post-thumbnail","category-maribor","tag-drama-sng-maribor","tag-infant","tag-koprodukcija","tag-maribor","tag-medeja","tag-novi-sad","tag-si","tag-slovene","tag-slovenia","tag-slovenija","tag-slovenscina"],"share_on_mastodon":{"url":"https:\/\/pubeurope.com\/@si\/116724019269303889","error":""},"_links":{"self":[{"href":"https:\/\/www.europesays.com\/si\/wp-json\/wp\/v2\/posts\/121545","targetHints":{"allow":["GET"]}}],"collection":[{"href":"https:\/\/www.europesays.com\/si\/wp-json\/wp\/v2\/posts"}],"about":[{"href":"https:\/\/www.europesays.com\/si\/wp-json\/wp\/v2\/types\/post"}],"author":[{"embeddable":true,"href":"https:\/\/www.europesays.com\/si\/wp-json\/wp\/v2\/users\/2"}],"replies":[{"embeddable":true,"href":"https:\/\/www.europesays.com\/si\/wp-json\/wp\/v2\/comments?post=121545"}],"version-history":[{"count":0,"href":"https:\/\/www.europesays.com\/si\/wp-json\/wp\/v2\/posts\/121545\/revisions"}],"wp:featuredmedia":[{"embeddable":true,"href":"https:\/\/www.europesays.com\/si\/wp-json\/wp\/v2\/media\/121546"}],"wp:attachment":[{"href":"https:\/\/www.europesays.com\/si\/wp-json\/wp\/v2\/media?parent=121545"}],"wp:term":[{"taxonomy":"category","embeddable":true,"href":"https:\/\/www.europesays.com\/si\/wp-json\/wp\/v2\/categories?post=121545"},{"taxonomy":"post_tag","embeddable":true,"href":"https:\/\/www.europesays.com\/si\/wp-json\/wp\/v2\/tags?post=121545"}],"curies":[{"name":"wp","href":"https:\/\/api.w.org\/{rel}","templated":true}]}}