{"id":122831,"date":"2026-06-11T04:40:12","date_gmt":"2026-06-11T04:40:12","guid":{"rendered":"https:\/\/www.europesays.com\/si\/122831\/"},"modified":"2026-06-11T04:40:12","modified_gmt":"2026-06-11T04:40:12","slug":"vincic-bo-na-sp-ju-najprej-sodil-brazilcem-in-marocanom","status":"publish","type":"post","link":"https:\/\/www.europesays.com\/si\/122831\/","title":{"rendered":"Vin\u010di\u0107 bo na SP-ju najprej sodil Brazilcem in Maro\u010danom"},"content":{"rendered":"<p>\t\t\t\t\t\t\t\t<a href=\"https:\/\/www.europesays.com\/si\/wp-content\/uploads\/2026\/06\/67021485.jpg\" itemprop=\"contentUrl\" data-size=\"1200x800\" data-large=\"https:\/\/www.europesays.com\/si\/wp-content\/uploads\/2026\/06\/67021485.jpg\"><br \/>\n\t\t\t\t\t\t\t\t\t<img decoding=\"async\" src=\"https:\/\/www.europesays.com\/si\/wp-content\/uploads\/2026\/06\/67021485.jpg\" title=\"Slavko Vin\u010di\u0107. Foto: EPA\" alt=\"Slavko Vin\u010di\u0107. Foto: EPA\"\/><br \/>\n\t\t\t\t\t\t\t\t<\/a><\/p>\n<p>\t\t\t\t\t\t\t\t\tSlavko Vin\u010di\u0107. Foto: EPA<\/p>\n<p>Te prva naloga \u010daka v no\u010di s sobote na nedeljo. Glavni sodnik Slavko Vin\u010di\u0107 in njegova pomo\u010dnika Toma\u017e Klan\u010dnik ter Andra\u017e Kova\u010di\u010d bodo sodili tekmo med Brazilijo in Marokom. <\/p>\n<p>Oglas<\/p>\n<p>Obra\u010dun Brazilcev in Maro\u010danov bo opolno\u010di s sobote na nedeljo po slovenskem \u010dasu v East Rutherfordu oziroma New Jerseyju, prizori\u0161\u010du finala SP-ja.<\/p>\n<p>Druga tekma skupine C bo tri ure pozneje v Foxboroughu, merila se bosta Haiti in \u0160kotska, tekmo pa bo sodil Al\u017eirec Mustafa Ghorbal.<\/p>\n<p>Oglas<\/p>\n","protected":false},"excerpt":{"rendered":"Slavko Vin\u010di\u0107. Foto: EPA Te prva naloga \u010daka v no\u010di s sobote na nedeljo. Glavni sodnik Slavko Vin\u010di\u0107&hellip;\n","protected":false},"author":2,"featured_media":53168,"comment_status":"","ping_status":"","sticky":false,"template":"","format":"standard","meta":{"footnotes":"","_share_on_mastodon":"0"},"categories":[16],"tags":[264,62,2324,37,58,60,38,9308,28617,94,93,34393],"class_list":["post-122831","post","type-post","status-publish","format-standard","has-post-thumbnail","category-sport","tag-nogomet","tag-si","tag-slavko-vincic","tag-slovene","tag-slovenia","tag-slovenija","tag-slovenscina","tag-sp-v-nogometu","tag-sp-v-nogometu-2026","tag-sport","tag-sports","tag-vincic"],"share_on_mastodon":{"url":"https:\/\/pubeurope.com\/@si\/116729638071052065","error":""},"_links":{"self":[{"href":"https:\/\/www.europesays.com\/si\/wp-json\/wp\/v2\/posts\/122831","targetHints":{"allow":["GET"]}}],"collection":[{"href":"https:\/\/www.europesays.com\/si\/wp-json\/wp\/v2\/posts"}],"about":[{"href":"https:\/\/www.europesays.com\/si\/wp-json\/wp\/v2\/types\/post"}],"author":[{"embeddable":true,"href":"https:\/\/www.europesays.com\/si\/wp-json\/wp\/v2\/users\/2"}],"replies":[{"embeddable":true,"href":"https:\/\/www.europesays.com\/si\/wp-json\/wp\/v2\/comments?post=122831"}],"version-history":[{"count":0,"href":"https:\/\/www.europesays.com\/si\/wp-json\/wp\/v2\/posts\/122831\/revisions"}],"wp:featuredmedia":[{"embeddable":true,"href":"https:\/\/www.europesays.com\/si\/wp-json\/wp\/v2\/media\/53168"}],"wp:attachment":[{"href":"https:\/\/www.europesays.com\/si\/wp-json\/wp\/v2\/media?parent=122831"}],"wp:term":[{"taxonomy":"category","embeddable":true,"href":"https:\/\/www.europesays.com\/si\/wp-json\/wp\/v2\/categories?post=122831"},{"taxonomy":"post_tag","embeddable":true,"href":"https:\/\/www.europesays.com\/si\/wp-json\/wp\/v2\/tags?post=122831"}],"curies":[{"name":"wp","href":"https:\/\/api.w.org\/{rel}","templated":true}]}}