{"id":122931,"date":"2026-06-11T06:40:11","date_gmt":"2026-06-11T06:40:11","guid":{"rendered":"https:\/\/www.europesays.com\/si\/122931\/"},"modified":"2026-06-11T06:40:11","modified_gmt":"2026-06-11T06:40:11","slug":"celje-gledaliscniki-v-novo-sezono-s-klasiko","status":"publish","type":"post","link":"https:\/\/www.europesays.com\/si\/122931\/","title":{"rendered":"CELJE Gledali\u0161\u010dniki v novo sezono s klasiko"},"content":{"rendered":"<p>&#13;<br \/>\n        &#13;<br \/>\n&#13;<br \/>\n        &#13;<br \/>\n&#13;<\/p>\n<p>S terminom Klasika v Celju so celjski gledali\u0161\u010dniki poimenovali prihajajo\u010do sezono, katere <img fetchpriority=\"high\" decoding=\"async\" class=\"size-medium wp-image-154218 alignleft\" src=\"https:\/\/www.europesays.com\/si\/wp-content\/uploads\/2026\/06\/Golob-Miha-3-300x225.jpg\" alt=\"\" width=\"300\" height=\"225\"  \/>glavne poudarke so javnosti predstavili v\u010deraj.<\/p>\n<p>Kot \u017ee pove ime, bo sezona posve\u010dena klasiki in njenemu pomenu v sodobnem svetu. V na\u010drtih imajo \u0161est premiernih uprizoritev svetovno znanih avtorjev in del, za\u010den\u0161i z Orwellovo klasiko 1984 v re\u017eiji Toma\u017ea Kranjca.<\/p>\n<p>V SLG Celje so pripravili \u0161e pet predstav za otroke in dru\u017eine, ki jim bodo namenjeni sobotni dopoldnevi.<\/p>\n<p>Na sliki: direktor in umetni\u0161ki vodja SLG Celje Miha Golob.<\/p>\n<p>Ve\u010d preberite v Celjanu.<\/p>\n<p>RSP, foto arhiv Novic<\/p>\n<p>\u00a0<\/p>\n<p>\u00a0<\/p>\n<p>\u00a0<\/p>\n<p>        &#13;<br \/>\n&#13;<br \/>\n&#13;<br \/>\n        &#13;<br \/>\n                        &#13;<br \/>\n            &#13;<br \/>\n&#13;<br \/>\n                                    \t                &#13;<br \/>\n&#13;<\/p>\n","protected":false},"excerpt":{"rendered":"&#13; &#13; &#13; &#13; &#13; S terminom Klasika v Celju so celjski gledali\u0161\u010dniki poimenovali prihajajo\u010do sezono, katere glavne&hellip;\n","protected":false},"author":2,"featured_media":122932,"comment_status":"","ping_status":"","sticky":false,"template":"","format":"standard","meta":{"footnotes":"","_share_on_mastodon":"0"},"categories":[23],"tags":[34411,162,24580,34412,861,62,968,37,58,60,38,34413],"class_list":["post-122931","post","type-post","status-publish","format-standard","has-post-thumbnail","category-celje","tag-34411","tag-celje","tag-klasika","tag-miha-golob","tag-nova-sezona","tag-si","tag-slg-celje","tag-slovene","tag-slovenia","tag-slovenija","tag-slovenscina","tag-tomaz-kranjc"],"share_on_mastodon":{"url":"https:\/\/pubeurope.com\/@si\/116730110011216864","error":""},"_links":{"self":[{"href":"https:\/\/www.europesays.com\/si\/wp-json\/wp\/v2\/posts\/122931","targetHints":{"allow":["GET"]}}],"collection":[{"href":"https:\/\/www.europesays.com\/si\/wp-json\/wp\/v2\/posts"}],"about":[{"href":"https:\/\/www.europesays.com\/si\/wp-json\/wp\/v2\/types\/post"}],"author":[{"embeddable":true,"href":"https:\/\/www.europesays.com\/si\/wp-json\/wp\/v2\/users\/2"}],"replies":[{"embeddable":true,"href":"https:\/\/www.europesays.com\/si\/wp-json\/wp\/v2\/comments?post=122931"}],"version-history":[{"count":0,"href":"https:\/\/www.europesays.com\/si\/wp-json\/wp\/v2\/posts\/122931\/revisions"}],"wp:featuredmedia":[{"embeddable":true,"href":"https:\/\/www.europesays.com\/si\/wp-json\/wp\/v2\/media\/122932"}],"wp:attachment":[{"href":"https:\/\/www.europesays.com\/si\/wp-json\/wp\/v2\/media?parent=122931"}],"wp:term":[{"taxonomy":"category","embeddable":true,"href":"https:\/\/www.europesays.com\/si\/wp-json\/wp\/v2\/categories?post=122931"},{"taxonomy":"post_tag","embeddable":true,"href":"https:\/\/www.europesays.com\/si\/wp-json\/wp\/v2\/tags?post=122931"}],"curies":[{"name":"wp","href":"https:\/\/api.w.org\/{rel}","templated":true}]}}