{"id":123192,"date":"2026-06-11T10:17:07","date_gmt":"2026-06-11T10:17:07","guid":{"rendered":"https:\/\/www.europesays.com\/si\/123192\/"},"modified":"2026-06-11T10:17:07","modified_gmt":"2026-06-11T10:17:07","slug":"tanja-fajon-se-je-usedla-na-motor-in-odpotovala-v-nove-izzive","status":"publish","type":"post","link":"https:\/\/www.europesays.com\/si\/123192\/","title":{"rendered":"Tanja Fajon se je usedla na motor in odpotovala: \u00bbV nove izzive \u00ab"},"content":{"rendered":"<p>Nekdanja ministrica za zunanje zadeve Tanja Fajon je po koncu mandata objavila fotografijo izpred Ministrstva za zunanje zadeve in ob tem zapisala: \u00bbPrvi dan po primopredaji.\u00a0Nepozabni spomini, lepih 17 let aktivne politike, zdaj pa tudi nekaj ve\u010d \u010dasa zase in za prijatelje. Z mirnimi mislimi in varno vo\u017enjo na cesti. \u00a0V nove izzive \u2026\u00ab<\/p>\n<p>Na fotografiji je nasmejana Fajon, oble\u010dena v\u00a0motoristi\u010dno\u00a0opremo, s \u010delado in o\u010dali, pripravljena na vo\u017enjo. U\u017eiva v trenutku, v slu\u017ebo pa se ji, kot ka\u017ee, ne mudi. Biv\u0161a ministrica, predsednica SD in evroposlanka namre\u010d\u00a0na dr\u017eavnozborskih volitvah ni bila izvoljena v parlament,\u00a0hkrati pa ima po slovenski zakonodaji pravico do nadomestila in prehodnega obdobja, v katerem lahko prejema nadomestilo v vi\u0161ini 80\u202f% svoje pla\u010de do najve\u010d treh mesecev, \u010de ne najde druge zaposlitve. To ji omogo\u010da, da si v tem \u010dasu vzame ve\u010d \u010dasa zase, za dru\u017eino in prijatelje, ne da bi takoj sprejela novo delovno mesto.<\/p>\n<p>Kje bo nadaljevala svojo poklicno pot, Fajon \u0161e ne razkriva. Po poro\u010danju Dela naj bi se dogovarjala za vrnitev na RTV Slovenija, kjer jo \u010daka delovno mesto na tretjem programu Radia Slovenija ARS, kjer je bila zaposlena pred svojim prvim izvoljenim mandatom za evropsko poslanko pred 17 leti. Tega pa Tanja Fajon \u0161e ni potrdila. V medijih so se pojavila tudi namigovanja o mo\u017enem delu v Zdru\u017eenih narodih v New Yorku, a tudi tega \u0161e ni komentirala.<\/p>\n","protected":false},"excerpt":{"rendered":"Nekdanja ministrica za zunanje zadeve Tanja Fajon je po koncu mandata objavila fotografijo izpred Ministrstva za zunanje zadeve&hellip;\n","protected":false},"author":2,"featured_media":123193,"comment_status":"","ping_status":"","sticky":false,"template":"","format":"standard","meta":{"footnotes":"","_share_on_mastodon":"0"},"categories":[6],"tags":[21288,59,61,62,37,58,60,38,1199],"class_list":["post-123192","post","type-post","status-publish","format-standard","has-post-thumbnail","category-slovenija","tag-prosti-cas","tag-republic-of-slovenia","tag-republika-slovenija","tag-si","tag-slovene","tag-slovenia","tag-slovenija","tag-slovenscina","tag-tanja-fajon"],"share_on_mastodon":{"url":"https:\/\/pubeurope.com\/@si\/116730963159457460","error":""},"_links":{"self":[{"href":"https:\/\/www.europesays.com\/si\/wp-json\/wp\/v2\/posts\/123192","targetHints":{"allow":["GET"]}}],"collection":[{"href":"https:\/\/www.europesays.com\/si\/wp-json\/wp\/v2\/posts"}],"about":[{"href":"https:\/\/www.europesays.com\/si\/wp-json\/wp\/v2\/types\/post"}],"author":[{"embeddable":true,"href":"https:\/\/www.europesays.com\/si\/wp-json\/wp\/v2\/users\/2"}],"replies":[{"embeddable":true,"href":"https:\/\/www.europesays.com\/si\/wp-json\/wp\/v2\/comments?post=123192"}],"version-history":[{"count":0,"href":"https:\/\/www.europesays.com\/si\/wp-json\/wp\/v2\/posts\/123192\/revisions"}],"wp:featuredmedia":[{"embeddable":true,"href":"https:\/\/www.europesays.com\/si\/wp-json\/wp\/v2\/media\/123193"}],"wp:attachment":[{"href":"https:\/\/www.europesays.com\/si\/wp-json\/wp\/v2\/media?parent=123192"}],"wp:term":[{"taxonomy":"category","embeddable":true,"href":"https:\/\/www.europesays.com\/si\/wp-json\/wp\/v2\/categories?post=123192"},{"taxonomy":"post_tag","embeddable":true,"href":"https:\/\/www.europesays.com\/si\/wp-json\/wp\/v2\/tags?post=123192"}],"curies":[{"name":"wp","href":"https:\/\/api.w.org\/{rel}","templated":true}]}}