{"id":124009,"date":"2026-06-12T01:16:12","date_gmt":"2026-06-12T01:16:12","guid":{"rendered":"https:\/\/www.europesays.com\/si\/124009\/"},"modified":"2026-06-12T01:16:12","modified_gmt":"2026-06-12T01:16:12","slug":"trump-pravkar-smo-dosegli-izjemen-dogovor-z-iranom-glede-vojne","status":"publish","type":"post","link":"https:\/\/www.europesays.com\/si\/124009\/","title":{"rendered":"Trump: Pravkar smo dosegli izjemen dogovor z Iranom glede vojne"},"content":{"rendered":"<p>\t\t\t\t\t\t\t\t<a href=\"https:\/\/www.europesays.com\/si\/wp-content\/uploads\/2026\/06\/67052093.jpg\" itemprop=\"contentUrl\" data-size=\"1200x800\" data-large=\"https:\/\/www.europesays.com\/si\/wp-content\/uploads\/2026\/06\/67052093.jpg\"><br \/>\n\t\t\t\t\t\t\t\t\t<img decoding=\"async\" src=\"https:\/\/www.europesays.com\/si\/wp-content\/uploads\/2026\/06\/67052093.jpg\" title=\"Donald Trump. Foto: EPA\" alt=\"Donald Trump. Foto: EPA\"\/><br \/>\n\t\t\t\t\t\t\t\t<\/a><\/p>\n<p>\t\t\t\t\t\t\t\t\tDonald Trump. Foto: EPA<\/p>\n<p>&#8220;Pravkar smo dosegli izjemen dogovor z Iranom glede vojne,&#8221; je Trump povedal novinarjem v ovalni pisarni. Kot je dodal, bi morali biti dokumenti pripravljeni v nekaj dneh, nato bodo dogovor podpisali.<\/p>\n<p>Oglas<\/p>\n<p>Trump je pred tem le nekaj ur po gro\u017enji z novim bombardiranjem Irana in celo zavzetjem iranskega otoka Harg z naftno infrastrukturo odpovedal nove napade na Iran, saj so se, kot je zapisal v objavi na svojem dru\u017ebenem omre\u017eju Truth Social, pogovori s Teheranom &#8220;prenesli na najvi\u0161jo raven iranskega vodstva in so bili tudi odobreni&#8221;.<\/p>\n<p>&#8220;Pogovore in kon\u010dne to\u010dke so tako konceptualno kot tudi podrobno odobrile vse vpletene strani, vklju\u010dno z ZDA, Izraelom, Savdsko Arabijo, Zdru\u017eenimi arabskimi emirati, Katarjem, Tur\u010dijo, Pakistanom, Bahrajnom, Kuvajtom, Jordanijo, Egiptom in drugimi,&#8221; je navedel Trump in nakazal, da je sklenitev morebitnega dogovora z Iranom blizu.<\/p>\n<p>Ameri\u0161ka pomorska zapora iranskih pristani\u0161\u010d ostaja v veljavi, dokler &#8220;ta transakcija&#8221;, kot je ob odpovedi napadov zapisal Trump, ne bo dokon\u010dana.<\/p>\n<p>Iranska tiskovna agencija Fars je po Trumpovem preklicu napadov ob sklicevanju na vir poro\u010dala, da Teheran \u0161e ni odobril besedila nobenega morebitnega dogovora z ZDA.<\/p>\n<p>Pred tem je Trump grozil z novimi napadi. Kot je zapisal na dru\u017ebenem omre\u017eju Truth Social, bodo zve\u010der &#8220;zelo mo\u010dno&#8221; udarili po islamski republiki in v kratkem prevzeli popoln nadzor nad njeno naftno infrastrukturo.<\/p>\n<p>&#8220;ZDA bodo NOCOJ ZELO MO\u010cNO udarile po Iranu (katerega mornarice, letalskih sil, radarjev, protiletalske in vseh drugih oblik obrambe, skupaj z ve\u010dino njegovih ofenzivnih zmogljivosti, NI VE\u010c!),&#8221; je zapisal ameri\u0161ki predsednik.<\/p>\n<p>V objavi je napovedal, da bodo ZDA v bli\u017enji prihodnosti zavzele otok Harg in druge lokacije z iransko naftno infrastrukturo ter tako &#8220;prevzele popoln nadzor nad iranskimi trgi nafte in plina&#8221;, podobno kot so to storile na primeru Venezuele, kar se je izkazalo za odli\u010dno potezo.<\/p>\n<p>V pogovoru za Fox News je Trump medtem danes na vpra\u0161anje, ali bodo ZDA za\u010dele napadati iransko civilno infrastrukturo, med njimi mostove in elektrarne, odvrnil: &#8220;Da, ampak tega raje ne bi storil, ker ko to stori\u0161, trpijo ljudje.&#8221;<\/p>\n<p>\t\t\t\t\t\t\t\t<a href=\"https:\/\/www.europesays.com\/si\/wp-content\/uploads\/2026\/06\/1781226970_515_67051968.jpg\" itemprop=\"contentUrl\" data-size=\"1200x800\" data-large=\"https:\/\/www.europesays.com\/si\/wp-content\/uploads\/2026\/06\/1781226970_515_67051968.jpg\"><br \/>\n\t\t\t\t\t\t\t\t\t<img decoding=\"async\" src=\"https:\/\/www.europesays.com\/si\/wp-content\/uploads\/2026\/06\/1781226970_515_67051968.jpg\" title=\"Iranski otok Harg z naftno infrastrukturo. Foto: Reuters\" alt=\"Iranski otok Harg z naftno infrastrukturo. Foto: Reuters\"\/><br \/>\n\t\t\t\t\t\t\t\t<\/a><\/p>\n<p>\t\t\t\t\t\t\t\t\tIranski otok Harg z naftno infrastrukturo. Foto: Reuters<\/p>\n<p>\t\t\t\t\t\t\tIran svari ZDA<\/p>\n<p>Predsednik iranskega parlamenta in glavni pogajalec Mohamad Bager Galibaf je medtem Washington pozval, naj skrbno premisli o svojem naslednjem koraku. Pri tem je opozoril, da bi napa\u010dna poteza v konfliktu na Bli\u017enjem vzhodu vodila v dolgoletne nemire in strmo nara\u0161\u010dajo\u010de cene nafte ter plina.<\/p>\n<p>&#8220;Napa\u010dne strategije in impulzivne odlo\u010ditve bodo celotno situacijo poslab\u0161ale, uni\u010dile energetsko infrastrukturo in trge ter ustvarile neskon\u010dno brezizhodno situacijo, v kateri boste obti\u010dali ve\u010d let,&#8221; je v objavi na dru\u017ebenih omre\u017ejih zapisal Galibaf.<\/p>\n<p>Vodja iranskega voja\u0161kega osrednjega poveljni\u0161tva Ali Abdolahi pa je opozoril, da bodo morebitni ponovni napadi ZDA na Iran spro\u017eili ostrej\u0161i odziv Teherana in celotno regijo pahnili v novo obdobje nestabilnosti.<\/p>\n<p>Odziv na ameri\u0161ke napade<\/p>\n<p>Iranska vojska se je na nove ameri\u0161ke napade na jugu dr\u017eave \u017ee pred tem odzvala z napovedjo popolne zapore Hormu\u0161ke o\u017eine. Iranska revolucionarna garda je v izjavi, ki jo je objavila iranska tiskovna agencija Fars, sporo\u010dila, da je v napadih na ameri\u0161ke letalske baze v Kuvajtu in Bahrajnu zadela 18 ciljev.<\/p>\n<p>Pozneje je sporo\u010dila, da je \u017ee drugo no\u010d zapored napadla tudi letalsko bazo Al Azrak v Jordaniji, kjer je na ameri\u0161ko voja\u0161ko opori\u0161\u010de izstrelila 12 balisti\u010dnih izstrelkov. Iz Kuvajta in Bahrajna so sporo\u010dili, da so aktivirali protizra\u010dno obrambo.<\/p>\n<p>Iranska revolucionarna garda je \u0161e sporo\u010dila, da je balisti\u010dne rakete izstrelila tudi proti ameri\u0161kemu poveljni\u0161kemu centru v Jordaniji. Tar\u010da je bilo po iranskih navedbah letalsko opori\u0161\u010de Muvafak Salti, ki gosti ameri\u0161ke sile. Pri tem naj bi Iran uni\u010dil &#8220;veliko \u0161tevilo&#8221; ameri\u0161kih bojnih letal in zmogljivosti.<\/p>\n<p>Medtem ko je garda navedla, da je izstrelila 12 raket, je Jordanija poro\u010dala, da jih je prestregla 20, ob tem pa potrdila, da so letele proti omenjenemu voja\u0161kemu opori\u0161\u010du. \u017drtev ali \u0161kode naj pri tem ne bi bilo.<\/p>\n<p>\t\t\t\t\t\t\t\t<a href=\"https:\/\/www.europesays.com\/si\/wp-content\/uploads\/2026\/06\/1781226970_911_67051716.jpg\" itemprop=\"contentUrl\" data-size=\"1200x800\" data-large=\"https:\/\/www.europesays.com\/si\/wp-content\/uploads\/2026\/06\/1781226970_911_67051716.jpg\"><br \/>\n\t\t\t\t\t\t\t\t\t<img decoding=\"async\" src=\"https:\/\/www.europesays.com\/si\/wp-content\/uploads\/2026\/06\/1781226970_911_67051716.jpg\" title=\"Izstrelitev rakete tomahawk iz ru\u0161ilca USS Michael Murphy na neznani lokaciji. Foto: Reuters\" alt=\"Izstrelitev rakete tomahawk iz ru\u0161ilca USS Michael Murphy na neznani lokaciji. Foto: Reuters\"\/><br \/>\n\t\t\t\t\t\t\t\t<\/a><\/p>\n<p>\t\t\t\t\t\t\t\t\tIzstrelitev rakete tomahawk iz ru\u0161ilca USS Michael Murphy na neznani lokaciji. Foto: Reuters<\/p>\n<p>\t\t\t\t\t\t\tZDA napade opisale kot &#8220;obrambne&#8221;<\/p>\n<p>Ameri\u0161ko osrednje poveljstvo (Centcom) je pred tem sporo\u010dilo, da je kon\u010dalo drugi zaporedni dan napadov, ki jih je ozna\u010dilo za samoobrambne in ki so se za\u010deli v sredo slabo uro pred polno\u010djo po srednjeevropskem \u010dasu.<\/p>\n<p>Iranske tiskovne agencije so poro\u010dale o eksplozijah v ve\u010d mestih po vsej dr\u017eavi, vklju\u010dno s Sirikom, Karganom, Bandar Abasom, Minabom in Karajem v bli\u017eini preliva, pa tudi Varaminom na severu pri Kaspijskem morju.<\/p>\n<p>Trump je v sredo napovedal, da bodo ZDA napadle Iran kljub premirju, ki velja od aprila, in njegovim prizadevanjem za sklenitev sporazuma o kon\u010danju vojne. &#8220;V\u010deraj smo jih silovito napadli in tudi danes jih bomo znova napadli,&#8221; je Trump povedal novinarjem v Beli hi\u0161i.<\/p>\n<p>Ameri\u0161ki obrambni minister Pete Hegseth je napade predstavil kot korak k temu, da bi Iran prisilili v sprejetje sporazuma o koncu vojne. Napadi bi &#8220;pospe\u0161ili na\u0161e voja\u0161ke interese in tudi okrepili na\u0161 diplomatski polo\u017eaj&#8221;, je povedal novinarjem med obiskom Centcoma na Floridi. &#8220;Danes zve\u010der jih bomo mo\u010dno napadli in upajmo, da bo Iran sprejel pravo odlo\u010ditev,&#8221; je dejal. &#8220;\u010ce bo treba, se bomo pogajali z bombami.&#8221;<\/p>\n<p>Teheran je v odgovor na napade sporo\u010dil, da je Hormu\u0161ko o\u017eino popolnoma zaprl za ladijski promet. Voja\u0161ko poveljstvo Irana je prav tako opozorilo, da bo streljalo na vsako plovilo, ki bo posku\u0161alo pre\u010dkati Hormu\u0161ko o\u017eino, ki je \u017ee ve\u010d mesecev ve\u010dinoma zaprta. Iranski mediji so poro\u010dali, da sta bili v o\u017eini napadeni dve ladji.<\/p>\n<p>Centcom je iranske trditve zanikal: &#8220;Komercialne ladje \u0161e naprej plujejo v Hormu\u0161ko o\u017eino in iz nje.&#8221;<\/p>\n<p>V Iranu in Bahrajnu poro\u010dajo o ranjenih<\/p>\n<p>Iranski mediji so poro\u010dali, da so bili v ameri\u0161kih napadih na Iran preteklo no\u010d ranjeni trije ljudje v provinci Teheran. Po besedah vodje teheranske slu\u017ebe za nujne primere Mohamada Esmaila Tavakolija so bili trije ljudje ranjeni &#8220;v incidentih, povezanih z brutalnimi ameri\u0161kimi napadi v provinci Teheran&#8221;, je poro\u010dala iranska tiskovna agencija Fars.<\/p>\n<p>Ameri\u0161ki napadi so bili osredoto\u010deni predvsem na ju\u017eni Iran, vendar so bila prizadeta tudi obmo\u010dja v bli\u017eini prestolnice Teheran, vklju\u010dno s Karad\u017eem, Nazarabadom in Pi\u0161vo, je sporo\u010dila iranska revolucionarna garda. V bli\u017eini Teherana je bilo pono\u010di sli\u0161ati ve\u010d eksplozij.<\/p>\n<p>\t\t\t\t\t\t\t\t<a href=\"https:\/\/www.europesays.com\/si\/wp-content\/uploads\/2026\/06\/1781226971_186_67051803.jpg\" itemprop=\"contentUrl\" data-size=\"1200x800\" data-large=\"https:\/\/www.europesays.com\/si\/wp-content\/uploads\/2026\/06\/1781226971_186_67051803.jpg\"><br \/>\n\t\t\t\t\t\t\t\t\t<img decoding=\"async\" src=\"https:\/\/www.europesays.com\/si\/wp-content\/uploads\/2026\/06\/1781226971_186_67051803.jpg\" title=\"Posledice iranskega napada na Bahrajn. Foto: Reuters\" alt=\"Posledice iranskega napada na Bahrajn. Foto: Reuters\"\/><br \/>\n\t\t\t\t\t\t\t\t<\/a><\/p>\n<p>\t\t\t\t\t\t\t\t\tPosledice iranskega napada na Bahrajn. Foto: Reuters<\/p>\n<p>Medtem je bila v iranskih napadih na Bahrajn la\u017eje po\u0161kodovana enajstletna deklica, so sporo\u010dile tamkaj\u0161nje oblasti. Bahrajnsko notranje ministrstvo je to opisalo kot iranski &#8220;zlo\u010dinski&#8221; napad.<\/p>\n<p>V mestu Hamad na severu dr\u017eave in v prestolnici Manama je zaradi padajo\u010dih razbitin, potem ko so bili prestre\u017eeni in uni\u010deni brezpilotni letalniki, zagorelo ve\u010d vozil, po\u0161kodovane so bile stanovanjske stavbe.<\/p>\n<p>Trump Iran obto\u017eil ve\u010dkratne kr\u0161itve premirja<\/p>\n<p>Trump je v pogovoru za ameri\u0161ko televizijo Fox News dejal, da se je med napadi pogovarjal z visokimi iranskimi voja\u0161kimi predstavniki, ki so ga prosili, naj prekine napade. Iranska revolucionarna garda je po poro\u010danju iranske tiskovne agencije Irna kmalu zatem Trumpove navedbe odlo\u010dno zanikala.<\/p>\n<p>Nove ameri\u0161ke voja\u0161ke operacije v Iranu ob vnovi\u010dnem zaostrovanju spora po navedbah Trumpa niso bile usklajene z Izraelom, kot je to veljalo v prej\u0161njih napadih.<\/p>\n<p>Vodstvo Irana je obto\u017eil, da je ve\u010dkrat kr\u0161ilo prekinitev ognja, ki je za\u010dela veljati aprila, in jo ozna\u010dil za &#8220;najve\u010dkrat kr\u0161eno premirje v zgodovini&#8221;.<\/p>\n<p>Washington pravi, da bodo iranska sredstva poravnala \u0161kodo<\/p>\n<p>Iranska sredstva bodo poravnala \u0161kodo, ki jo Teheran povzro\u010da zaveznikom ZDA v Perzijskem zalivu, je medtem na dru\u017ebenem omre\u017eju X napovedal ameri\u0161ki finan\u010dni minister Scott Bessent. Dodal je, da bo vsak nov iranski napad \u0161e dodatno poglobil gospodarske in finan\u010dne posledice, s katerimi se spoprijema Iran.<\/p>\n<p>&#8220;Vsaka \u0161koda, ki jo bo (Iran) povzro\u010dil na\u0161im zaveznikom v Perzijskem zalivu, bo poravnana s sredstvi, pridobljenimi z iranskih ra\u010dunov,&#8221; je zapisal Bessent, ki pa ni navedel, za natanko katere iranske ban\u010dne ra\u010dune gre.<\/p>\n<p>Bessent je dodal, da bodo z iranskih ra\u010dunov povrnili tudi denar za vsa morebitna pla\u010dila novoustanovljenemu iranskemu organu za zara\u010dunavanje pristojbin ladjam, ki \u017eelijo pre\u010dkati Hormu\u0161ko o\u017eino.<\/p>\n<p>\t\t\t\t\t\t\t\t<a href=\"https:\/\/www.europesays.com\/si\/wp-content\/uploads\/2026\/06\/1781226972_495_67051892.jpg\" itemprop=\"contentUrl\" data-size=\"1200x800\" data-large=\"https:\/\/www.europesays.com\/si\/wp-content\/uploads\/2026\/06\/1781226972_495_67051892.jpg\"><br \/>\n\t\t\t\t\t\t\t\t\t<img decoding=\"async\" src=\"https:\/\/www.europesays.com\/si\/wp-content\/uploads\/2026\/06\/1781226972_495_67051892.jpg\" title=\"Modeli raket v Teheranu. Foto: Reuters\" alt=\"Modeli raket v Teheranu. Foto: Reuters\"\/><br \/>\n\t\t\t\t\t\t\t\t<\/a><\/p>\n<p>\t\t\t\t\t\t\t\t\tModeli raket v Teheranu. Foto: Reuters<\/p>\n<p>\t\t\t\t\t\t\tIndija po smrti mornarjev zahteva konec ameri\u0161kih napadov<\/p>\n<p>Indija je sporo\u010dila, da so bili v ameri\u0161kem srednem napadu na tanker Settebello ob obali Omana ubiti trije indijski mornarji. ZDA pravijo, da je tanker preva\u017eal nafto iz Irana, napad pa je bil del ameri\u0161kih prizadevanj blokirati Hormu\u0161ko o\u017eino za prevoz, povezan z Iranom. New Delhi od Washingtona zahteva konec tak\u0161nih napadov.<\/p>\n<p>V okviru zapore, ki so jo uvedle 13. aprila, so ameri\u0161ke sile onesposobile osem ladij, 134 ladjam so prepre\u010dile nadaljnjo plovbo in so jih obrnile, ameri\u0161ka vojska pa je dodala, da je 42 ladjam, ki so sodelovale v dobavi humanitarne pomo\u010di dovolila plovbo.<\/p>\n<p>Ta teden je ameri\u0161ka mornarica napadla tri ladje z indijsko posadko, je sporo\u010dil tiskovni predstavnik indijskega zunanjega ministrstva. Na ministrstvu so pozvali &#8220;k dialogu in diplomaciji, da bi se lahko \u010dim prej vrnili k miru in stabilnosti v regiji&#8221;.<\/p>\n<p>Pozivi k pogajanjem<\/p>\n<p>Ve\u010d dr\u017eav po vnovi\u010dni zaostritvi med Iranom in ZDA poziva strani, naj vztrajata pri pogajanjih, pri katerih posreduje Pakistan. Ta je zagotovil, da nadaljujejo prizadevanja za mediacijo in pozivajo k dogovoru.<\/p>\n<p>Iran je ostro obsodil napade, ki jih je ameri\u0161ka vojska proti dr\u017eavi za\u010dela v sredo. Po navedbah zunanjega ministrstva ti pomenijo ne le kr\u0161itev premirja, temve\u010d temu tudi odvzemajo skoraj ves pomen. Odgovornost za posledice je Teheran pripisal ZDA.<\/p>\n<p>Kljub vnovi\u010dni zaostritvi pogovori o kon\u010danju vojne, pri katerih posreduje Pakistan, \u0161e vedno te\u010dejo, je za ameri\u0161ki CNN zatrdil diplomatski vir. Da njegovi voditelji \u0161e naprej sodelujejo v prizadevanjih za posredovanje med ZDA in Iranom, je zatrdil tudi Islamabad. &#8220;Ob novih sovra\u017enostih je te\u017eko biti optimist. Nismo izgubili upanja, ostajamo vpleteni,&#8221; je dejal tiskovni predstavnik zunanjega ministrstva.<\/p>\n<p>Dodal je, da se je njihov notranji minister ravno vrnil z obiska v Teheranu. Tam se je v \u010dasu novih napadov mudila tudi katarska delegacija, ki se je po navedbah vira z iranskimi predstavniki sestala na pogovorih, usklajenih z ZDA.<\/p>\n<p>Z vseh strani so se danes vrstili pozivi, naj dr\u017eavi vendarle nadaljujeta pogajanja.<\/p>\n<p>Savdska Arabija je pozvala strani, naj se \u0161e naprej pogovarjata v okviru pogajanj pod vodstvom Pakistana, pozdravila pa je tudi vlogo Katarja pri podpori pogovorom.<\/p>\n<p>Naj strani ustavita napade in obnovita pogajanja, je danes pozval tudi tur\u0161ki zunanji minister Hakan Fidan.<\/p>\n<p>Kremelj je v podobnem pozivu izpostavil \u0161e negativne posledice, ki jih ima vojna na svetovno gospodarstvo. K vrnitvi v dialogu in \u010dimprej\u0161njemu celovitemu in trajnemu premirju je pozvala tudi Kitajska.<\/p>\n<p>Oglas<\/p>\n","protected":false},"excerpt":{"rendered":"Donald Trump. Foto: EPA &#8220;Pravkar smo dosegli izjemen dogovor z Iranom glede vojne,&#8221; je Trump povedal novinarjem v&hellip;\n","protected":false},"author":2,"featured_media":124010,"comment_status":"","ping_status":"","sticky":false,"template":"","format":"standard","meta":{"footnotes":"","_share_on_mastodon":"0"},"categories":[20],"tags":[32,4915,333,7258,35,4065,31,34,36,37,38,33,404],"class_list":["post-124009","post","type-post","status-publish","format-standard","has-post-thumbnail","category-novice","tag-headlines","tag-hormuska-ozina","tag-iran","tag-kuvajt","tag-najpomembnejse-novice","tag-napadi","tag-news","tag-novice","tag-osrednje-novice","tag-slovene","tag-slovenscina","tag-top-stories","tag-zda"],"share_on_mastodon":{"url":"https:\/\/pubeurope.com\/@si\/116734498392447975","error":""},"_links":{"self":[{"href":"https:\/\/www.europesays.com\/si\/wp-json\/wp\/v2\/posts\/124009","targetHints":{"allow":["GET"]}}],"collection":[{"href":"https:\/\/www.europesays.com\/si\/wp-json\/wp\/v2\/posts"}],"about":[{"href":"https:\/\/www.europesays.com\/si\/wp-json\/wp\/v2\/types\/post"}],"author":[{"embeddable":true,"href":"https:\/\/www.europesays.com\/si\/wp-json\/wp\/v2\/users\/2"}],"replies":[{"embeddable":true,"href":"https:\/\/www.europesays.com\/si\/wp-json\/wp\/v2\/comments?post=124009"}],"version-history":[{"count":0,"href":"https:\/\/www.europesays.com\/si\/wp-json\/wp\/v2\/posts\/124009\/revisions"}],"wp:featuredmedia":[{"embeddable":true,"href":"https:\/\/www.europesays.com\/si\/wp-json\/wp\/v2\/media\/124010"}],"wp:attachment":[{"href":"https:\/\/www.europesays.com\/si\/wp-json\/wp\/v2\/media?parent=124009"}],"wp:term":[{"taxonomy":"category","embeddable":true,"href":"https:\/\/www.europesays.com\/si\/wp-json\/wp\/v2\/categories?post=124009"},{"taxonomy":"post_tag","embeddable":true,"href":"https:\/\/www.europesays.com\/si\/wp-json\/wp\/v2\/tags?post=124009"}],"curies":[{"name":"wp","href":"https:\/\/api.w.org\/{rel}","templated":true}]}}