{"id":124441,"date":"2026-06-12T10:04:07","date_gmt":"2026-06-12T10:04:07","guid":{"rendered":"https:\/\/www.europesays.com\/si\/124441\/"},"modified":"2026-06-12T10:04:07","modified_gmt":"2026-06-12T10:04:07","slug":"mlado-slovensko-biatlonko-vlece-v-kolesarstvo-ne-zapiram-si-nobenih-vrat","status":"publish","type":"post","link":"https:\/\/www.europesays.com\/si\/124441\/","title":{"rendered":"Mlado slovensko biatlonko vle\u010de v kolesarstvo: Ne zapiram si nobenih vrat"},"content":{"rendered":"<p>Lani se je mlada biatlonka Lena Repinc \u017ee izkazala kot odli\u010dna kolesarka, ko je v Kranju zmagala na 80-kilometrski dirki v sklopu rekreativnega festivala L&#8217;Etape Slovenia, mednarodne promocije francoske dirke Tour de France. Letos \u017eeli svoje kolesarske sposobnosti preveriti \u0161e malce resneje, udele\u017eila se bo &#8220;nekaj resnih&#8221; \u017eenskih dirk. &#8220;Ve\u010d pa ne bom povedala,&#8221; je bila skrivnostna na nedavnem medijskem dnevu slovenske biatlonske reprezentance na Pokljuki.<\/p>\n<p>&#8220;Z Arminom sva dolo\u010dila nekaj datumov, za katere misli, da so v redu, tako da se lepo ujema z biatlonskimi pripravami in bom pa\u010d \u0161la poskusit. Prav veliko dirk ne bo, ravno toliko, da dobim ob\u010dutek,&#8221; nam je v torek na Rudnem polju povedala Lena Repinc.<\/p>\n<p>Kolesarjenje je sicer uveljavljen in pomemben del poletnih biatlonskih priprav, reprezentanca pogosto obiskuje tudi slovite klance v Italiji in Franciji, ki jih poznamo iz najve\u010djih kolesarskih dirk, zato ne gre za kak\u0161ne velike prilagoditve, nenazadnje iz biatlonskih vrst izhaja tudi odli\u010den nem\u0161ki kolesarski profesionalec Florian Lipowitz, ki bo letos na Touru eden od kapetanov Rogli\u010deve ekipe Red Bull \u2013 BORA \u2013 hansgrohe, znano je tudi kolesarsko navdu\u0161enje francoskega biatlonca <a href=\"https:\/\/siol.net\/sportal\/olimpizem\/ganljiva-gesta-francoskega-sampiona-v-spomin-na-italijansko-legendo-684561\" rel=\"follow nofollow noopener\" target=\"_blank\">Emilliena Jacquelina<\/a>, ki se je letos tudi \u017ee preizkusil v cestnem kolesarstvu.<\/p>\n<p>&#8220;Mislim, da bi bilo zelo zanimivo poskusiti&#8221;<\/p>\n<p><img decoding=\"async\" alt=\"\" vem=\"\" da=\"\" na=\"\" treningu=\"\" kolesu=\"\" zelo=\"\" u=\"\" ampak=\"\" lahko=\"\" mi=\"\" pa=\"\" tekme=\"\" ne=\"\" bodo=\"\" v=\"\" in=\"\" bom=\"\" videla=\"\" to=\"\" ni=\"\" zame.=\"\" foto:=\"\" ale=\"\" fev=\"\" class=\"article_content__inline_image js_imageLightbox is-clickable\" data-author=\"Ale\u0161 Fev\u017eer\" data-caption=\"&quot;Vem, da na treningu na kolesu zelo u\u017eivam, ampak lahko mi pa tekme ne bodo v\u0161e\u010d in bom pa\u010d videla, da to ni zame.&quot;\" data-height=\"5388\" data-href=\"https:\/\/siol.net\/media\/img\/cb\/da\/198b3f86ac6e760998d6-lena-repinc.jpeg\" data-width=\"3592\" loading=\"lazy\" src=\"\/media\/img\/2e\/da\/d582920b339d87bc24cc-lena-repinc.jpeg\" title=\"Lena Repinc\"\/><\/p>\n<p> &#8220;Vem, da na treningu na kolesu zelo u\u017eivam, ampak lahko mi pa tekme ne bodo v\u0161e\u010d in bom pa\u010d videla, da to ni zame.&#8221;<br \/>\n Foto: Ale\u0161 Fev\u017eer <\/p>\n<p>Tudi Repinc seveda formo pogosto gradi na kolesu. &#8220;Kolo je bil vedno del na\u0161ega treninga iz leta v leto pa mi postaja bolj v\u0161e\u010d. Na kolesu u\u017eivam, poleti grem ve\u010dkrat tudi za dalj\u0161i \u010das kolesarit v Dolomite,&#8221; pravi. Podrobno spremlja tudi \u017eenske kolesarske dirke, ena najve\u010djih med\u00a0temi se je kon\u010dala pred dnevi v Italiji, ko je na <a href=\"https:\/\/siol.net\/sportal\/kolesarstvo\/v-izjemnem-zakljucku-zenskega-gira-zmagoslavje-demi-vollering-693527\" rel=\"follow nofollow noopener\" target=\"_blank\">37. Giru<\/a> slavila nizozemska \u0161ampionka Demi Vollering. &#8220;\u017densko kolesarstvo je vsekakor naredilo velik korak naprej, na Giru pa je slavila ena mojih najljub\u0161ih kolesark sploh. Zelo vesela sem tudi za Ur\u0161ko (\u017digart, op. p.), ki je letos zelo, zelo dobro tekmovala. Da, \u0161port se razvija in mislim, da bi bilo to zelo zanimivo poskusiti.&#8221;<\/p>\n<p>&#8220;Ne zapiram si nobenih vrat&#8221;<\/p>\n<p>Se torej <a href=\"https:\/\/siol.net\/sportal\/kolesarstvo\/urska-zigart-giro-intervju-693149\" rel=\"follow nofollow noopener\" target=\"_blank\">Ur\u0161ki \u017digart <\/a>v kratkem obeta okrepljena doma\u010da konkurenca? &#8220;Ne zapiram si nobenih vrat,&#8221; v smehu odgovarja lani na\u0161a druga najuspe\u0161nej\u0161a biatlonka, a poudarja, da za zdaj biatlon ostaja njen primarni \u0161port. &#8220;Odlo\u010dila sem se, da poskusim letos kak\u0161no tekmo, da vidim, \u010de mi je v\u0161e\u010d tudi tekmovati, ker je namre\u010d velika razlika med treningi in tekmami. Vem, da na treningu na kolesu zelo u\u017eivam, ampak lahko mi pa tekme ne bodo v\u0161e\u010d in bom pa\u010d videla, da to ni zame. Lahko mi bodo pa \u0161e toliko bolj v\u0161e\u010d in bom videla, da to je zame.&#8221;<\/p>\n<p>V Italiji je lep\u0161e in bolj varno<\/p>\n<p>Kot glavne izzive izpostavlja vo\u017enjo v skupini, taktiko, pa seveda veliko huj\u0161i tempo na resnih dirkah med prekaljenimi profesionalnimi kolesarkami. &#8220;Na kolesu si lahko dober, ampak \u010de pa\u010d ne zna\u0161 takti\u010dno peljati, \u010de se ne zna\u0161 voziti v skupini, potem ti prav ni\u010d ne pomaga, \u010de zna\u0161 dobro obra\u010dati pedale,&#8221; se zaveda dejstva, da vstopa v svet, v katerem nima veliko izku\u0161enj. Povsem jasno pa je, kak\u0161en tip kolesarke je. &#8220;Na kronometru se zagotovo\u00a0ne vidim,&#8221; se je zasmejala, prav tako ni grajena za sprinte, prikima: &#8220;Najraj\u0161i gonim v klance, zato mi zelo ustrezajo Dolomiti, ker je vse samo gor in dol.&#8221;<\/p>\n<p>Ko trenira doma, so na sporedu predvsem vzponi na Sori\u0161ko Planino in Pokljuko. Ob\u017ealuje pa, da so v Sloveniji ceste zelo slabe, prav tako tudi vozni\u0161ka kultura. &#8220;Moram re\u010di, da je v Italiji bistveno lep\u0161e kolesariti. Vozniki avtomobilov so tam zelo spo\u0161tljivi do kolesarjev, \u010desar za Slovenijo\u00a0\u017eal ne morem re\u010di. Mi je pa zelo v\u0161e\u010d Mangart. Velikokrat sko\u010dim do none na Primorsko, pa potem samo nadaljujem v Italijo.&#8221;<\/p>\n<p><img decoding=\"async\" alt=\"Slovensko biatlonsko reprezentanco je prevzel Italijan Armin Auchentaller. | Foto: Ale\u0161 Fev\u017eer\" class=\"article_content__inline_image js_imageLightbox is-clickable\" data-author=\"Ale\u0161 Fev\u017eer\" data-caption=\"Slovensko biatlonsko reprezentanco je prevzel Italijan Armin Auchentaller.\" data-height=\"3791\" data-href=\"https:\/\/siol.net\/media\/img\/03\/bf\/fc90811be69813e0025f-armin-auchentaller-jakov-fak.jpeg\" data-width=\"5687\" loading=\"lazy\" src=\"\/media\/img\/16\/7e\/f1dac5800a26d7ceb014-armin-auchentaller-jakov-fak.jpeg\" title=\"Armin Auchentaller, Jakov Fak\"\/><\/p>\n<p> Slovensko biatlonsko reprezentanco je prevzel Italijan Armin Auchentaller.<br \/>\n Foto: Ale\u0161 Fev\u017eer <\/p>\n<p>Zdaj celo bolj mentalno kot fizi\u010dno utrujeni<\/p>\n<p>Italija ji je torej zelo ljuba in zdaj ima v reprezentanci tudi italijanskega trenerja. Vodenje slovenske biatlonske vrste je za nov olimpijski ciklus namre\u010d prevzel 54-letni Ju\u017eni Tirolec Armin Auchentaller. Kako se je z novim glavnim trenerjem po prvem mesecu ujela Lena Repinc? &#8220;Jaz sem z Arminom zelo, zelo zadovoljna in tudi z Rokom (pomo\u010dnikom glavnega trenerja, Tr\u0161anom, op. p.), da ne bo pomote. Zdi se mi, da smo res dobro startali, da smo vsi zelo motivirani. Zelo mi je v\u0161e\u010d to, ker vidim, da sta tudi oba trenerja motivirana. Ker ni dovolj, da so samo tekmovalci, morajo biti tudi trenerji. In meni se zdi, da odli\u010dno delamo. Na vsakem treningu se ogromno nau\u010dim. Stvarem, ki so bile mogo\u010de v prej\u0161njih sezonah na avtopilotu, zdaj res posve\u010damo pozornost. Vsaki podrobnosti. In pridemo kdaj s treninga bistveno bolj mentalno uni\u010deni kot pa fizi\u010dno, ker se mora\u0161 dve uri popolnoma osredoto\u010dati na tehniko. Z bolj\u0161o tehniko pa napreduje\u0161 in to je samo dobra nalo\u017eba za naprej.&#8221;<\/p>\n<p>Preberite \u0161e:<\/p>\n","protected":false},"excerpt":{"rendered":"Lani se je mlada biatlonka Lena Repinc \u017ee izkazala kot odli\u010dna kolesarka, ko je v Kranju zmagala na&hellip;\n","protected":false},"author":2,"featured_media":124442,"comment_status":"","ping_status":"","sticky":false,"template":"","format":"standard","meta":{"footnotes":"","_share_on_mastodon":"0"},"categories":[16],"tags":[34004,562,618,8214,34713,62,37,58,60,38,34075,94,93],"class_list":["post-124441","post","type-post","status-publish","format-standard","has-post-thumbnail","category-sport","tag-armin-auchentaller","tag-biatlon","tag-kolesarstvo","tag-lena-repinc","tag-pokljuka","tag-si","tag-slovene","tag-slovenia","tag-slovenija","tag-slovenscina","tag-slovenska-biatlonska-reprezentanca","tag-sport","tag-sports"],"share_on_mastodon":{"url":"https:\/\/pubeurope.com\/@si\/116736574271974931","error":""},"_links":{"self":[{"href":"https:\/\/www.europesays.com\/si\/wp-json\/wp\/v2\/posts\/124441","targetHints":{"allow":["GET"]}}],"collection":[{"href":"https:\/\/www.europesays.com\/si\/wp-json\/wp\/v2\/posts"}],"about":[{"href":"https:\/\/www.europesays.com\/si\/wp-json\/wp\/v2\/types\/post"}],"author":[{"embeddable":true,"href":"https:\/\/www.europesays.com\/si\/wp-json\/wp\/v2\/users\/2"}],"replies":[{"embeddable":true,"href":"https:\/\/www.europesays.com\/si\/wp-json\/wp\/v2\/comments?post=124441"}],"version-history":[{"count":0,"href":"https:\/\/www.europesays.com\/si\/wp-json\/wp\/v2\/posts\/124441\/revisions"}],"wp:featuredmedia":[{"embeddable":true,"href":"https:\/\/www.europesays.com\/si\/wp-json\/wp\/v2\/media\/124442"}],"wp:attachment":[{"href":"https:\/\/www.europesays.com\/si\/wp-json\/wp\/v2\/media?parent=124441"}],"wp:term":[{"taxonomy":"category","embeddable":true,"href":"https:\/\/www.europesays.com\/si\/wp-json\/wp\/v2\/categories?post=124441"},{"taxonomy":"post_tag","embeddable":true,"href":"https:\/\/www.europesays.com\/si\/wp-json\/wp\/v2\/tags?post=124441"}],"curies":[{"name":"wp","href":"https:\/\/api.w.org\/{rel}","templated":true}]}}