{"id":125041,"date":"2026-06-12T19:52:09","date_gmt":"2026-06-12T19:52:09","guid":{"rendered":"https:\/\/www.europesays.com\/si\/125041\/"},"modified":"2026-06-12T19:52:09","modified_gmt":"2026-06-12T19:52:09","slug":"pri-novi-gorici-umrl-44-letni-motorist","status":"publish","type":"post","link":"https:\/\/www.europesays.com\/si\/125041\/","title":{"rendered":"Pri Novi Gorici umrl 44-letni motorist"},"content":{"rendered":"<p>V prometni nesre\u010di, ki se je zgodila nekaj minut pred 13. uro pri predoru Panovec med Novo Gorico in Ro\u017eno Dolino, je umrl motorist. \u010celno je tr\u010dil v osebno vozilo bolgarske dr\u017eavljanke, ki je pripeljala nasproti, je povedal tiskovni predstavnik Policijske uprave (PU) Nova Gorica Dean Bo\u017enik.<\/p>\n<p>Kot so zve\u010der sporo\u010dili iz policije, je preiskava dogodka pokazala, da je 44-letni motorist z obmo\u010dja Severne Primorske vozil po glavni cesti iz smeri Ro\u017ene Doline proti Novi Gorici. Zunaj Nove Gorice je v blagem desnem ovinku prehiteval preko neprekinjene lo\u010dilne \u010drte v koloni pred seboj voze\u010dega neznanega voznika tovornega vozila v trenutku, ko mu je v nasprotni smeri pravilno po svojem smernem vozi\u0161\u010du pripeljala 65-letna voznica osebnega avtomobila, dr\u017eavljanka Bolgarije. Pri tem je motorist na levem smernem vozi\u0161\u010du s prednjim delom motornega kolesa \u010delno tr\u010dil v prednji levi del njenega avtomobila.<\/p>\n<p>Zaradi hudih telesnih po\u0161kodb je motorist na kraju prometne nesre\u010de umrl, voznica osebnega avtomobila in njen sopotnik pa v nesre\u010di nista bila po\u0161kodovana.<\/p>\n<p>O dogodku sta bila obve\u0161\u010dena preiskovalni sodnik Okro\u017enega sodi\u0161\u010da v Novi Gorici in okro\u017ena dr\u017eavna to\u017eilka v Novi Gorici.<\/p>\n<p>Tretja prometna nesre\u010da\u00a0s smrtnim izidom na severnem Primorskem<\/p>\n<p>Zaradi ogleda kraja nesre\u010de in odstranjevanja posledic prometne nesre\u010de je bila cesta Nova Gorica\u2013Ro\u017ena Dolina zaprta za ves promet med 13.00 in 15.30.<\/p>\n<p>To je bila tretja leto\u0161nja prometna nesre\u010da s smrtnim izidom na severnem Primorskem, v njih je umrlo pet udele\u017eencev v prometu.<\/p>\n","protected":false},"excerpt":{"rendered":"V prometni nesre\u010di, ki se je zgodila nekaj minut pred 13. uro pri predoru Panovec med Novo Gorico&hellip;\n","protected":false},"author":2,"featured_media":125042,"comment_status":"","ping_status":"","sticky":false,"template":"","format":"standard","meta":{"footnotes":"","_share_on_mastodon":"0"},"categories":[6],"tags":[7960,4410,502,6445,2584,59,61,62,37,58,60,38],"class_list":["post-125041","post","type-post","status-publish","format-standard","has-post-thumbnail","category-slovenija","tag-motorist","tag-motoristi","tag-nesreca","tag-nova-gorica","tag-primorska","tag-republic-of-slovenia","tag-republika-slovenija","tag-si","tag-slovene","tag-slovenia","tag-slovenija","tag-slovenscina"],"share_on_mastodon":{"url":"https:\/\/pubeurope.com\/@si\/116738886725609201","error":""},"_links":{"self":[{"href":"https:\/\/www.europesays.com\/si\/wp-json\/wp\/v2\/posts\/125041","targetHints":{"allow":["GET"]}}],"collection":[{"href":"https:\/\/www.europesays.com\/si\/wp-json\/wp\/v2\/posts"}],"about":[{"href":"https:\/\/www.europesays.com\/si\/wp-json\/wp\/v2\/types\/post"}],"author":[{"embeddable":true,"href":"https:\/\/www.europesays.com\/si\/wp-json\/wp\/v2\/users\/2"}],"replies":[{"embeddable":true,"href":"https:\/\/www.europesays.com\/si\/wp-json\/wp\/v2\/comments?post=125041"}],"version-history":[{"count":0,"href":"https:\/\/www.europesays.com\/si\/wp-json\/wp\/v2\/posts\/125041\/revisions"}],"wp:featuredmedia":[{"embeddable":true,"href":"https:\/\/www.europesays.com\/si\/wp-json\/wp\/v2\/media\/125042"}],"wp:attachment":[{"href":"https:\/\/www.europesays.com\/si\/wp-json\/wp\/v2\/media?parent=125041"}],"wp:term":[{"taxonomy":"category","embeddable":true,"href":"https:\/\/www.europesays.com\/si\/wp-json\/wp\/v2\/categories?post=125041"},{"taxonomy":"post_tag","embeddable":true,"href":"https:\/\/www.europesays.com\/si\/wp-json\/wp\/v2\/tags?post=125041"}],"curies":[{"name":"wp","href":"https:\/\/api.w.org\/{rel}","templated":true}]}}