{"id":125300,"date":"2026-06-13T04:35:19","date_gmt":"2026-06-13T04:35:19","guid":{"rendered":"https:\/\/www.europesays.com\/si\/125300\/"},"modified":"2026-06-13T04:35:19","modified_gmt":"2026-06-13T04:35:19","slug":"luksuz-v-kovcku-70-letnica-v-ljubljano-tihotapila-rocne-ure-znamk-rolex-in-cartier","status":"publish","type":"post","link":"https:\/\/www.europesays.com\/si\/125300\/","title":{"rendered":"\u00bbLuksuz\u00ab v kov\u010dku: 70-letnica v Ljubljano tihotapila ro\u010dne ure znamk Rolex in Cartier"},"content":{"rendered":"<p>    <img decoding=\"async\" data-lb-desktop=\"\/media\/2026\/06\/12\/838105\/Orig-profimedia-0943545558-1200.webp\" data-lb-mobile=\"\/media\/2026\/06\/12\/838105\/Orig-profimedia-0943545558-600.webp\" class=\"main-gallery-image se_image_lb\" src=\"https:\/\/www.europesays.com\/si\/wp-content\/uploads\/2026\/06\/Wide-profimedia-0943545558-1000.webp\" alt=\"December 5, 2024, New York, New York, USA: Watches &amp; Treasures from Tom Brady - Patek Philippe perpetual calendar and John Player Special Rolex Daytona watches on display during at Sotheby's luxury sales press preview in New York on December 5, 2024,Image: 943545558, License: Rights-managed, Restrictions:, Model Release: no\"\/><\/p>\n<p>Na \u010drnem trgu v Bosni in Hercegovini je mogo\u010de dobiti razli\u010dne ponaredke luksuznih dobrin. Simboli\u010dna fotografija:\u00a0Lev Radin<\/p>\n<p>\u00bbLuksuz\u00ab v kov\u010dku: 70-letnica v Ljubljano tihotapila ro\u010dne ure znamk Rolex in Cartier<\/p>\n<p>Na mejnem prehodu Jasenovac so hrva\u0161ki carinski uslu\u017ebenci med rutinskim pregledom avtobusa na progi Banjaluka\u2013Ljubljana odkrili ve\u010djo koli\u010dino luksuznih predmetov, za katere obstaja sum, da so ponaredki. Predmete so na\u0161li v prtljagi 70-letne potnice, ki je potovala iz Bosne in Hercegovine proti Sloveniji.<\/p>\n<p>V torbi so na\u0161li ve\u010d ur znamke Rolex ter dve uri znamke Cartier, poleg tega pa \u0161e luksuzna son\u010dna o\u010dala, denarnico in najnovej\u0161i mobilni telefon iphone 17. Po navedbah carine predmeti niso bili posebej skriti, ampak so bili med osebno prtljago, <a href=\"https:\/\/n1info.hr\/crna-kronika\/zapljena-na-granici-kod-jasenovca-u-torbi-70-godisnjakinje-pronadjeni-rolexi-cartier-satovi-iphone-17\/\" target=\"_blank\" rel=\"nofollow noopener\">poro\u010da N1 Hrva\u0161ka<\/a>.\u00a0<\/p>\n<p>Ker obstaja sum, da gre za ponaredke znanih blagovnih znamk, uradna vrednost zase\u017eenih predmetov \u0161e ni znana, saj bodo morali opraviti dodatne preiskave za potrditev njihove pristnosti. Potnico so\u00a0prekr\u0161kovno obravnavali\u00a0zaradi neprijave blaga ob vstopu v Hrva\u0161ko in ji\u00a0izrekli\u00a0globo\u00a0v vi\u0161ini 1200 evrov, po pla\u010dilu dela kazni in stro\u0161kov pa je lahko nadaljevala pot proti Sloveniji.<\/p>\n<p>Carinske slu\u017ebe poudarjajo, da so tovrstni pregledi del rednega nadzora na prometnih mejnih prehodih, kjer vsako leto obravnavajo ve\u010d sto kr\u0161itev, saj \u017eelijo prepre\u010diti vnos neprijavljenega in potencialno ponarejenega blaga, zlasti v segmentu luksuznih izdelkov.<\/p>\n<p>    <a class=\"se-card__wrap se-card--link\" href=\"https:\/\/www.dnevnik.si\/novice\/svet\/prodani-v-30-minutah-za-birkin-torbici-vietnamske-tajkunke-placali-492-200-evrov-2803978\/\" data-upscore-url=\"\" rel=\"nofollow noopener\" target=\"_blank\"><\/p>\n<p>        <img decoding=\"async\" class=\"se-image se-image--card\" src=\"https:\/\/www.europesays.com\/si\/wp-content\/uploads\/2026\/06\/Wide-Screenshot_20240322_115413_Samsung_Internet-400.webp\" alt=\"Birkin torbice Hermens\"\/><\/p>\n<p>DRA\u017dBA<\/p>\n<p>Prodani v 30 minutah: za birkin torbici vietnamske tajkunke skoraj pol milijona evrov<\/p>\n<p>    <\/a><\/p>\n","protected":false},"excerpt":{"rendered":"Na \u010drnem trgu v Bosni in Hercegovini je mogo\u010de dobiti razli\u010dne ponaredke luksuznih dobrin. Simboli\u010dna fotografija:\u00a0Lev Radin \u00bbLuksuz\u00ab&hellip;\n","protected":false},"author":2,"featured_media":125301,"comment_status":"","ping_status":"","sticky":false,"template":"","format":"standard","meta":{"footnotes":"","_share_on_mastodon":"0"},"categories":[21],"tags":[5017,34862,585,5899,124,34860,34516,8808,6227,34861,62,37,58,60,38,34863],"class_list":["post-125300","post","type-post","status-publish","format-standard","has-post-thumbnail","category-ljubljana","tag-carina","tag-cartier","tag-hrvaska","tag-iphone","tag-ljubljana","tag-luksuzni-izdelki","tag-mejni-nadzor","tag-ponaredki","tag-prekrsek","tag-rolex","tag-si","tag-slovene","tag-slovenia","tag-slovenija","tag-slovenscina","tag-soncna-ocala"],"share_on_mastodon":{"url":"https:\/\/pubeurope.com\/@si\/116740943459761795","error":""},"_links":{"self":[{"href":"https:\/\/www.europesays.com\/si\/wp-json\/wp\/v2\/posts\/125300","targetHints":{"allow":["GET"]}}],"collection":[{"href":"https:\/\/www.europesays.com\/si\/wp-json\/wp\/v2\/posts"}],"about":[{"href":"https:\/\/www.europesays.com\/si\/wp-json\/wp\/v2\/types\/post"}],"author":[{"embeddable":true,"href":"https:\/\/www.europesays.com\/si\/wp-json\/wp\/v2\/users\/2"}],"replies":[{"embeddable":true,"href":"https:\/\/www.europesays.com\/si\/wp-json\/wp\/v2\/comments?post=125300"}],"version-history":[{"count":0,"href":"https:\/\/www.europesays.com\/si\/wp-json\/wp\/v2\/posts\/125300\/revisions"}],"wp:featuredmedia":[{"embeddable":true,"href":"https:\/\/www.europesays.com\/si\/wp-json\/wp\/v2\/media\/125301"}],"wp:attachment":[{"href":"https:\/\/www.europesays.com\/si\/wp-json\/wp\/v2\/media?parent=125300"}],"wp:term":[{"taxonomy":"category","embeddable":true,"href":"https:\/\/www.europesays.com\/si\/wp-json\/wp\/v2\/categories?post=125300"},{"taxonomy":"post_tag","embeddable":true,"href":"https:\/\/www.europesays.com\/si\/wp-json\/wp\/v2\/tags?post=125300"}],"curies":[{"name":"wp","href":"https:\/\/api.w.org\/{rel}","templated":true}]}}