{"id":125410,"date":"2026-06-13T07:22:21","date_gmt":"2026-06-13T07:22:21","guid":{"rendered":"https:\/\/www.europesays.com\/si\/125410\/"},"modified":"2026-06-13T07:22:21","modified_gmt":"2026-06-13T07:22:21","slug":"natalija-verboten-tega-nikoli-ni-skrivala-sedaj-pa-javno-spregovorila","status":"publish","type":"post","link":"https:\/\/www.europesays.com\/si\/125410\/","title":{"rendered":"Natalija Verboten tega nikoli ni skrivala, sedaj pa javno spregovorila"},"content":{"rendered":"<p>Pevka Natalija Verboten to po\u010dne \u017ee 12 let in tega nikoli ni skrivala.<\/p>\n<p>Priljubljena <a href=\"https:\/\/top24novice.si\/?s=natalija+verboten\" target=\"_blank\" rel=\"noopener nofollow\">pevka<\/a> Natalija Verboten s svojim glasom razveseljuje \u017ee vrsto let. Niza hit za hitom, obo\u017eevalci se veselijo vsake njene nove pesmi.<\/p>\n<p><img fetchpriority=\"high\" decoding=\"async\" class=\"wp-image-21987 size-full\" src=\"https:\/\/www.europesays.com\/si\/wp-content\/uploads\/2026\/06\/natalija-verboten5-e1755770500925.jpg\" alt=\"Natalija Verboten, Dejan Boji\u010d, par,\" width=\"1440\" height=\"1215\"  \/>Natalija Verboten in njen partner Dejan Boji\u010d . (foto: Facebook\/Natalija Verboten)<\/p>\n<p>Kljub temu, da je pevka dopolnila \u017ee 49 let, pa je videti izjemno dobro. Njena postava je \u0161e vedno izklesana, njen obraz pa mladosten in sve\u017e.<\/p>\n<p>Pevka nikoli ni skrivala, da se poslu\u017euje dolo\u010denih lepotnih ritualov, s katerimi skrbi, da je njen videz bolj mladosten. Sedaj je razkrila, da je tako \u017ee 12 let.<\/p>\n<p>\u00bbNikoli ne skrivam, da \u017ee ve\u010d kot 12 let obiskujem izklju\u010dno GLUMI\u010cI\u0106 MEDICAL GROUP . Primarij dr. Sini\u0161a Glumi\u010di\u0107 mi vsake pol leta obraz osve\u017ei z ne\u017eno botox terapijo, zdaj pa je dodal \u0161e novost: SUNEKOS \u2013 biostimulator, ki stimulira lasten kolagen in izzove koleganozo, ki povzro\u010di, da se ko\u017ea napne, izbri\u0161ejo podo\u010dnjaki, mikrogubice se ne\u017eno raztegnejo in izginejo. Obraz ne izgleda prenapolnjen, rezultati so fenomenalni! <\/p>\n<p>Primarij dr. Glumi\u010di\u0107 je zares vrhunski strokovnjak, z izjemno ekipo in ambientom, poleg tega pa \u0161e zelo topel in ljubezniv \u010dlovek!\u00ab je zapisala v objavi, ki jo je objavila na dru\u017ebenem omre\u017eju.<\/p>\n<p>Nekateri se strinjajo, drugi ne<\/p>\n<p>Tovrstni lepotni popravki so \u0161e vedno za mnoge tabu tema. Nekateri menijo, da so nepotrebni, spet drugi pa nimajo ni\u010d proti.<\/p>\n<p>Tudi pod objavo priljubljene pevke so se zvrstili tak\u0161ni in druga\u010dni komentarji.<\/p>\n<p>\u00bbNaravna lepota je najlep\u0161a, tudi \u010de je malo gubic na obrazu. Za doktorja pa dobra reklama,\u00ab je nekdo zapisal.<\/p>\n<p>\u00bbKdor zna, zna. Pri nekaterih sicer ne v\u017ege, ker pretiravajo. Videl sem \u017ee prave spake. Zato je dobro \u010de ne pretirava\u0161. Vse ima svojo mero. Poglejte Jane Fonda pri 88-ih in Joan Collins pri 93-ih! Tudi ti dve nista brez \u2018 popravil \u2018 ampak znata. Pri tem je pomembno tudi \u017eiveti zdravo in piti veliko vode. Gibanje na sve\u017eem zraku je tudi pomembno. Pa brez fov\u0161ije,\u00ab je zapisal nekdo drug.<\/p>\n","protected":false},"excerpt":{"rendered":"Pevka Natalija Verboten to po\u010dne \u017ee 12 let in tega nikoli ni skrivala. Priljubljena pevka Natalija Verboten s&hellip;\n","protected":false},"author":2,"featured_media":125411,"comment_status":"","ping_status":"","sticky":false,"template":"","format":"standard","meta":{"footnotes":"","_share_on_mastodon":"0"},"categories":[18],"tags":[10296,114,11737,8597,62,37,58,60,38,115],"class_list":["post-125410","post","type-post","status-publish","format-standard","has-post-thumbnail","category-zabava","tag-botoks","tag-entertainment","tag-lepotni-popravki","tag-natalija-verboten","tag-si","tag-slovene","tag-slovenia","tag-slovenija","tag-slovenscina","tag-zabava"],"share_on_mastodon":{"url":"https:\/\/pubeurope.com\/@si\/116741600018319522","error":""},"_links":{"self":[{"href":"https:\/\/www.europesays.com\/si\/wp-json\/wp\/v2\/posts\/125410","targetHints":{"allow":["GET"]}}],"collection":[{"href":"https:\/\/www.europesays.com\/si\/wp-json\/wp\/v2\/posts"}],"about":[{"href":"https:\/\/www.europesays.com\/si\/wp-json\/wp\/v2\/types\/post"}],"author":[{"embeddable":true,"href":"https:\/\/www.europesays.com\/si\/wp-json\/wp\/v2\/users\/2"}],"replies":[{"embeddable":true,"href":"https:\/\/www.europesays.com\/si\/wp-json\/wp\/v2\/comments?post=125410"}],"version-history":[{"count":0,"href":"https:\/\/www.europesays.com\/si\/wp-json\/wp\/v2\/posts\/125410\/revisions"}],"wp:featuredmedia":[{"embeddable":true,"href":"https:\/\/www.europesays.com\/si\/wp-json\/wp\/v2\/media\/125411"}],"wp:attachment":[{"href":"https:\/\/www.europesays.com\/si\/wp-json\/wp\/v2\/media?parent=125410"}],"wp:term":[{"taxonomy":"category","embeddable":true,"href":"https:\/\/www.europesays.com\/si\/wp-json\/wp\/v2\/categories?post=125410"},{"taxonomy":"post_tag","embeddable":true,"href":"https:\/\/www.europesays.com\/si\/wp-json\/wp\/v2\/tags?post=125410"}],"curies":[{"name":"wp","href":"https:\/\/api.w.org\/{rel}","templated":true}]}}