{"id":128008,"date":"2026-06-15T20:02:29","date_gmt":"2026-06-15T20:02:29","guid":{"rendered":"https:\/\/www.europesays.com\/si\/128008\/"},"modified":"2026-06-15T20:02:29","modified_gmt":"2026-06-15T20:02:29","slug":"golob-skrajni-cas-je-da-se-evropa-zave-svoje-ranljivosti-2","status":"publish","type":"post","link":"https:\/\/www.europesays.com\/si\/128008\/","title":{"rendered":"Golob: Skrajni \u010das je, da se Evropa zave svoje ranljivosti"},"content":{"rendered":"<p>    <img decoding=\"async\" data-lb-desktop=\"\/media\/2026\/01\/22\/801008\/Orig-Belgium_EU_Summit_14075--5be61-1200.webp\" data-lb-mobile=\"\/media\/2026\/01\/22\/801008\/Orig-Belgium_EU_Summit_14075--5be61-600.webp\" class=\"main-gallery-image se_image_lb\" src=\"https:\/\/www.europesays.com\/si\/wp-content\/uploads\/2026\/06\/Wide-Belgium_EU_Summit_14075--5be61-1000.webp\" alt=\"Slovenia's Prime Minister Robert Golob speaks with the media as he arrives for the EU summit in Brussels, Thursday, Jan. 22, 2026. (AP Photo\/Harry Nakos)\"\/><\/p>\n<p>Premier Robert Golob v Bruslju. Foto: AP\u00a0<\/p>\n<p>Golob: Skrajni \u010das je, da se Evropa zave svoje ranljivosti<\/p>\n<p>Skrajni \u010das je, da se Evropa zave svoje ranljivosti, \u010de ne bo zgradila dovolj mo\u010dne ekonomske baze ter gospodarske konkuren\u010dnosti, je danes pred vrhom EU v Bruslju o transatlantskih odnosih, ki poteka po zaostritvi odnosov med Evropo in ZDA zaradi Grenlandije, povedal premier Robert Golob. &#8220;Nikoli ne vemo, kaj prinese jutri\u0161nji dan,&#8221; je posvaril.<\/p>\n<p>                        22. 01. 2026, 20.22\n                    <\/p>\n<p> jk, sta\n                    <\/p>\n<p>&#8220;Skrajni \u010das je, da se Evropa zave svoje ranljivosti, \u010de ne bo zgradila dovolj mo\u010dne in suverene ekonomske baze ter konkuren\u010dnosti. Tukaj se vse za\u010dne in na koncu je na nas samih, da odlo\u010damo o svoji usodi. Lahko pa jo pa prepustimo drugim, ampak upam, da ne,&#8221; je po zadnjem dogajanju v odnosih med EU in ZDA povedal Golob.<\/p>\n<p>Ameri\u0161ki predsednik Donald Trump je minuli konec tedna \u0161e zaostril prizadevanja za prevzem danskega avtonomnega ozemlja Grenlandija in evropskim dr\u017eavam, ki so na otok kot prve napotile manj\u0161e \u0161tevilo vojakov, zagrozil z dodatnimi carinami. V sredo je po pogovoru z generalnim sekretarjem Nata Markom Ruttejem v Davosu sporo\u010dil, da sta oblikovala okvir za dogovor glede prihodnosti Grenlandije in celotnega obmo\u010dja Arktike ter preklical gro\u017enjo s carinami.<\/p>\n<p>Premier je to pripisal odlo\u010dnemu odzivu Evrope. &#8220;Ampak nikoli ne vemo, kaj prinese jutri\u0161nji dan. Tako da je previden optimizem na mestu, hkrati pa jasno zavedanje, da \u017eivimo v res negotovih \u010dasih in da je lahko vsak korak problemati\u010den, \u010de ga ne premislimo vnaprej,&#8221; je povedal ob prihodu na zasedanje.<\/p>\n<p>Meni, da so ZDA \u0161e zanesljiva partnerica Evrope, saj je treba lo\u010diti med dnevnim dogajanjem in trdnim, ve\u010d desetletij trajajo\u010dim zavezni\u0161tvom, ki je v preteklosti \u017ee ve\u010dkrat prestalo preizkus \u010dasa. Kljub zadnjemu dogajanju odnosi \u0161e niso \u0161li \u010dez to\u010dko brez povratka, je \u0161e ocenil premier.<\/p>\n<p>    <a class=\"se-card__wrap se-card--link\" href=\"https:\/\/www.dnevnik.si\/novice\/svet\/rutte-podrobnosti-dogovora-za-arktiko-bodo-izdelali-vojaski-poveljniki-2780026\/\" data-upscore-url=\"\" rel=\"nofollow noopener\" target=\"_blank\"><\/p>\n<p>        <img decoding=\"async\" class=\"se-image se-image--card\" src=\"https:\/\/www.europesays.com\/si\/wp-content\/uploads\/2026\/06\/Wide-Switzerland_Davos_56301--78648-400.webp\" alt=\"Secretary General of NATO Mark Rutte speaks during an Ukrainian Breakfast alongside the Annual Meeting of the World Economic Forum in Davos, Switzerland, Thursday, Jan. 22, 2026. (AP Photo\/Markus Schreiber)\"\/><\/p>\n<p>Dogovor o Grenlandiji<\/p>\n<p>Rutte: Podrobnosti dogovora za Arktiko bodo razdelali voja\u0161ki poveljniki<\/p>\n<p>    <\/a><\/p>\n","protected":false},"excerpt":{"rendered":"Premier Robert Golob v Bruslju. Foto: AP\u00a0 Golob: Skrajni \u010das je, da se Evropa zave svoje ranljivosti Skrajni&hellip;\n","protected":false},"author":2,"featured_media":128009,"comment_status":"","ping_status":"","sticky":false,"template":"","format":"standard","meta":{"footnotes":"","_share_on_mastodon":"0"},"categories":[3],"tags":[16942,1323,35498,65,66,1315,408,440,526,15783,37,38,404],"class_list":["post-128008","post","type-post","status-publish","format-standard","has-post-thumbnail","category-evropa","tag-arktika","tag-carine","tag-ekonomska-suverenost","tag-europe","tag-evropa","tag-evropska-varnost","tag-grenlandija","tag-mednarodni-odnosi","tag-nato","tag-politicna-negotovost","tag-slovene","tag-slovenscina","tag-zda"],"share_on_mastodon":{"url":"https:\/\/pubeurope.com\/@si\/116755913021131458","error":""},"_links":{"self":[{"href":"https:\/\/www.europesays.com\/si\/wp-json\/wp\/v2\/posts\/128008","targetHints":{"allow":["GET"]}}],"collection":[{"href":"https:\/\/www.europesays.com\/si\/wp-json\/wp\/v2\/posts"}],"about":[{"href":"https:\/\/www.europesays.com\/si\/wp-json\/wp\/v2\/types\/post"}],"author":[{"embeddable":true,"href":"https:\/\/www.europesays.com\/si\/wp-json\/wp\/v2\/users\/2"}],"replies":[{"embeddable":true,"href":"https:\/\/www.europesays.com\/si\/wp-json\/wp\/v2\/comments?post=128008"}],"version-history":[{"count":0,"href":"https:\/\/www.europesays.com\/si\/wp-json\/wp\/v2\/posts\/128008\/revisions"}],"wp:featuredmedia":[{"embeddable":true,"href":"https:\/\/www.europesays.com\/si\/wp-json\/wp\/v2\/media\/128009"}],"wp:attachment":[{"href":"https:\/\/www.europesays.com\/si\/wp-json\/wp\/v2\/media?parent=128008"}],"wp:term":[{"taxonomy":"category","embeddable":true,"href":"https:\/\/www.europesays.com\/si\/wp-json\/wp\/v2\/categories?post=128008"},{"taxonomy":"post_tag","embeddable":true,"href":"https:\/\/www.europesays.com\/si\/wp-json\/wp\/v2\/tags?post=128008"}],"curies":[{"name":"wp","href":"https:\/\/api.w.org\/{rel}","templated":true}]}}