{"id":128267,"date":"2026-06-16T02:10:12","date_gmt":"2026-06-16T02:10:12","guid":{"rendered":"https:\/\/www.europesays.com\/si\/128267\/"},"modified":"2026-06-16T02:10:12","modified_gmt":"2026-06-16T02:10:12","slug":"odlicna-novica-v-smucarskih-skokih-domen-prevc-bo-lahko-branil-trofejo","status":"publish","type":"post","link":"https:\/\/www.europesays.com\/si\/128267\/","title":{"rendered":"Odli\u010dna novica v smu\u010darskih skokih: Domen Prevc bo lahko branil trofejo"},"content":{"rendered":"<p>Tekmo novoletne turneje smu\u010darskih skakalcev v Garmisch-Partenkirchnu bodo 1. januarja 2027 vendarle izpeljali, potem ko se organizator tekme ni odlo\u010dil za sodni proces proti Nem\u0161ki smu\u010darski zvezi DSV zaradi spora o prihodkih.<\/p>\n<p>Zasli\u0161anje na sodi\u0161\u010du je bilo predvideno za torek, a sta se DSV in smu\u010darski klub Partenkirchen, ki je odgovoren za novoletno tekmo, dogovorila brez sodi\u0161\u010da.<\/p>\n<p>&#8220;Veseli nas, da smo po intenzivnih in konstruktivnih pogovorih pri\u0161li do skupne re\u0161itve za novoletno tekmo,&#8221; je dejal \u010dlan DSV Andreas Schl\u00fctter. Podrobnosti dogovora niso razkrili.<\/p>\n<p>Novoletno turnejo tradicionalno sestavljajo \u0161tiri tekme, po dve v Nem\u010diji in Avstriji. V novi sezoni bodo\u00a0izpeljali \u017ee 75. izvedbo, na njej bo presti\u017eno trofejo zlatega orla branil slovenski \u0161ampion Domen Prevc, ki je minulo zimo poleg zmage v se\u0161tevku turneje\u00a0slavil na dveh tekmah, tudi v Garmisch-Partenkirchnu.<\/p>\n<p>V prihodnji sezoni se bodo na vseh \u0161tirih tradicionalnih prizori\u0161\u010dih novoletne turneje prvi\u010d v zgodovini merile tudi\u00a0skakalke. Prej\u0161njo zimo je \u017eenska konkurenca tekmovala na turneji dveh ve\u010derov (Ga-Pa, Oberstdorf), kjer je bila najbolj\u0161a Nika Prevc.<\/p>\n","protected":false},"excerpt":{"rendered":"Tekmo novoletne turneje smu\u010darskih skakalcev v Garmisch-Partenkirchnu bodo 1. januarja 2027 vendarle izpeljali, potem ko se organizator tekme&hellip;\n","protected":false},"author":2,"featured_media":128268,"comment_status":"","ping_status":"","sticky":false,"template":"","format":"standard","meta":{"footnotes":"","_share_on_mastodon":"0"},"categories":[16],"tags":[535,3965,534,18575,62,37,58,60,38,94,93],"class_list":["post-128267","post","type-post","status-publish","format-standard","has-post-thumbnail","category-sport","tag-domen-prevc","tag-garmisch-partenkirchen","tag-nika-prevc","tag-novoletna-turneja","tag-si","tag-slovene","tag-slovenia","tag-slovenija","tag-slovenscina","tag-sport","tag-sports"],"share_on_mastodon":{"url":"https:\/\/pubeurope.com\/@si\/116757359642468214","error":""},"_links":{"self":[{"href":"https:\/\/www.europesays.com\/si\/wp-json\/wp\/v2\/posts\/128267","targetHints":{"allow":["GET"]}}],"collection":[{"href":"https:\/\/www.europesays.com\/si\/wp-json\/wp\/v2\/posts"}],"about":[{"href":"https:\/\/www.europesays.com\/si\/wp-json\/wp\/v2\/types\/post"}],"author":[{"embeddable":true,"href":"https:\/\/www.europesays.com\/si\/wp-json\/wp\/v2\/users\/2"}],"replies":[{"embeddable":true,"href":"https:\/\/www.europesays.com\/si\/wp-json\/wp\/v2\/comments?post=128267"}],"version-history":[{"count":0,"href":"https:\/\/www.europesays.com\/si\/wp-json\/wp\/v2\/posts\/128267\/revisions"}],"wp:featuredmedia":[{"embeddable":true,"href":"https:\/\/www.europesays.com\/si\/wp-json\/wp\/v2\/media\/128268"}],"wp:attachment":[{"href":"https:\/\/www.europesays.com\/si\/wp-json\/wp\/v2\/media?parent=128267"}],"wp:term":[{"taxonomy":"category","embeddable":true,"href":"https:\/\/www.europesays.com\/si\/wp-json\/wp\/v2\/categories?post=128267"},{"taxonomy":"post_tag","embeddable":true,"href":"https:\/\/www.europesays.com\/si\/wp-json\/wp\/v2\/tags?post=128267"}],"curies":[{"name":"wp","href":"https:\/\/api.w.org\/{rel}","templated":true}]}}