{"id":130038,"date":"2026-06-17T10:13:11","date_gmt":"2026-06-17T10:13:11","guid":{"rendered":"https:\/\/www.europesays.com\/si\/130038\/"},"modified":"2026-06-17T10:13:11","modified_gmt":"2026-06-17T10:13:11","slug":"foto-poroka-slovenskega-ministra-roncevica-naravnost-kraljevska","status":"publish","type":"post","link":"https:\/\/www.europesays.com\/si\/130038\/","title":{"rendered":"FOTO: Poroka slovenskega ministra Ron\u010devi\u0107a naravnost kraljevska"},"content":{"rendered":"<p>Ljubezen je minister Ron\u010devi\u0107 na\u0161el na Tajskem.<\/p>\n<p>V nadaljevanju preberite:<\/p>\n<p>Minister Borut Ron\u010devi\u0107 se je poro\u010dil na Tajskem. Njegova soproga danes \u017eivi v Sloveniji.<br \/>\nNjuna poroka je sledila tajski tradiciji, katere del je tudi procesija Khan Mak.\u00a0<br \/>\nS parom se je tistega romanti\u010dnega dne veselilo tudi 30 oseb iz tujine.<\/p>\n<p>Ta teden je veliko prahu dvignila sprememba zakona o lokalnih volitvah, ki so jo poslanci s 47 glasovi za in 32 proti potrdili.\u00a0<\/p>\n<p>Z novim zakonom bo\u00a0pravico sodelovanja na lokalnih volitvah izgubilo okoli 100 tiso\u010d prebivalcev Slovenije. Predlagatelji menijo, da bi morala biti volilna pravica na lokalni ravni vezana predvsem na dr\u017eavljanstvo. Poudarjajo, da sledijo na\u010delom ve\u010dine evropskih dr\u017eav, kjer tujci na lokalnih volitvah nimajo volilne pravice.<\/p>\n<p>Levica se s tem predlogom ni strinjala. Asta Vre\u010dko je pred glasovanjem na X zapisala: &#8220;Danes v parlamentu glasujemo, da bo skrajno desna koalicija na \u010delu s SDS v skladu s svojo diskriminatorno in rasisti\u010dno politiko dober teden po formiranju vlade vzela volilno pravico na lokalnih volitvah na\u0161im sokrajanom iz t.i. \u201ctretjih dr\u017eav\u201d. To so na\u0161i sosedi, znanci, prijatelji, zdravniki, \u010distilke, u\u010ditelji, gradbinci, delavci v domovih za starej\u0161e, in\u017eenirji, raziskovalci, sorodniki, sodelavci, star\u0161i so\u0161olcev na\u0161ih otrok. Ljudje, ki \u017ee leta in leta \u017eivijo v Sloveniji, soustvarjajo na\u0161o skupnost in tukaj pla\u010dujejo davke. To so ljudje, s katerimi si delimo naselja, kraje, mesta \u2026 To so ljudje, ki so se preselili iz Brazilije, Argentine, Japonske, Srbije, Mehike, ZDA in celega sveta v Slovenijo zaradi dela ali ljubezni. Vsem tem \u017eelijo vzeti volilno pravico, ki obstaja \u017ee 25 let in to pol leta pred lokalnimi volitvami. Gledamo enega najbolj grobih posegov v demokracijo v zgodovini Slovenije. Kaj sledi? Kdo bo naslednji?&#8221;<\/p>\n<p>Na ta zapis se je odzval novope\u010deni minister za izobra\u017eevanje Borut Ron\u010devi\u0107, ki ve, kako je, ko zaradi ljubezni zapusti\u0161 svojo domovino. Njegova soproga je namre\u010d Tajka. &#8220;Moja soproga je iz Tajske in nima popolnoma nobene potrebe po volilni pravici v Sloveniji,&#8221; je med drugim zapisal in razkril, da ima dru\u017eina na Tajskem drugi dom.<\/p>\n<p dir=\"ltr\" lang=\"sl\">Ponovno. Moja soproga je iz Tajske in nima popolnoma nobene potrebe po volilni pravici v Sloveniji.<\/p>\n<p>Pred nastopom ministrske funkcije sem skoraj polovico \u010dasa pre\u017eivel na Tajskem, kjer imamo drugi dom. Nimam popolnoma nobene po volilni pravici na Tajskem.<\/p>\n<p>Do sedaj sem dalj\u0161a\u2026 <a href=\"https:\/\/t.co\/Day835OUoJ\" rel=\"nofollow\">https:\/\/t.co\/Day835OUoJ<\/a><\/p>\n<p>\u2014 Borut Ron\u010devi\u0107 (@BorutRoncevic) <a href=\"https:\/\/x.com\/BorutRoncevic\/status\/2066508642023616610?ref_src=twsrc%5Etfw\" rel=\"nofollow\">June 15, 2026<\/a><\/p>\n<p>Minister se je z Napaporn poro\u010dil lanskega aprila. Posnetke je delil na Facebooku.<\/p>\n<p>Par je imel tradicionalno tajsko poroko. &#8220;Poseben dan, ki si ga bomo vedno zapomnili.\u00a0Skupaj z dru\u017eino in prijatelji praznujemo tradicionalno poroko Isaan \u2013 dan, poln pomena, kulture, zgodovine in veselja. Procesija Khan Maak z veli\u010dastnimi sloni, ki jo ljudstvo Kuy globoko ceni, tradicionalna obla\u010dila, daritve, smeh in prisotnost ljubljenih so ga naredili nepozabnega. Bilo je ve\u010d kot le slovesnost \u2013 bil je most med generacijami, kulturami in prihodnostjo, ki jo gradimo skupaj. Hvale\u017eni smo vsem, ki delite ta trenutek z nami,&#8221; je minister zapisal ob kola\u017eu fotografij in dodal, da je na poroko pripotovalo ve\u010d kot 30 ljudi\u00a0iz Slovenije, Makedonije, Indonezije in Japonske.<\/p>\n<p>Minister je omenil procesijo Khan Mak, ki\u00a0predstavlja enega najbolj pomembnih delov poroke, pi\u0161e Wedding in Thai. &#8220;Predstavlja \u017eeninovo zavezanost, spo\u0161tovanje in pripravljenost, da si z nevesto ustvari skupno \u017eivljenje. Khan Mak ni zgolj parada daril, temve\u010d iskren simbol zdru\u017eitve dveh dru\u017ein skozi ljubezen in skupen namen.&#8221;<\/p>\n<p>Za kaj pa gre pri procesiji, med katero se je Ron\u010devi\u0107 sedel na slonu? &#8220;Med procesija Khan Mak \u017eenin skupaj s svojo dru\u017eino in prijatelji odpotuje do nevestinega doma, da zaprosi za njeno roko. Obi\u010dajno jo vodijo stare\u0161ine, spremlja pa jo \u017eivahna povorka dru\u017einskih \u010dlanov, glasbenikov in nosilcev ceremonialnih pladnjev. Pogosto je sli\u0161ati vesele zvoke tradicionalnih tajskih glasbil, bobnov, flavt ali celo ljudske glasbe, ki napolnjuje zrak. V nekaterih regijah lahko dogajanje popestrijo \u0161aljive igre ali ples, ki dodajo lokalni pridih. Celotna izku\u0161nja je vesela, barvita in polna smeha, topline ter iskrenih \u010dustvenih trenutkov.&#8221;<\/p>\n<p>Videti je, da je tako bilo tudi na poroki na\u0161ega ministra.\u00a0<\/p>\n","protected":false},"excerpt":{"rendered":"Ljubezen je minister Ron\u010devi\u0107 na\u0161el na Tajskem. V nadaljevanju preberite: Minister Borut Ron\u010devi\u0107 se je poro\u010dil na Tajskem.&hellip;\n","protected":false},"author":2,"featured_media":130039,"comment_status":"","ping_status":"","sticky":false,"template":"","format":"standard","meta":{"footnotes":"","_share_on_mastodon":"0"},"categories":[6],"tags":[31316,3680,59,61,62,37,58,60,38,2315],"class_list":["post-130038","post","type-post","status-publish","format-standard","has-post-thumbnail","category-slovenija","tag-borut-roncevic","tag-poroka","tag-republic-of-slovenia","tag-republika-slovenija","tag-si","tag-slovene","tag-slovenia","tag-slovenija","tag-slovenscina","tag-tajska"],"share_on_mastodon":{"url":"https:\/\/pubeurope.com\/@si\/116764921442987794","error":""},"_links":{"self":[{"href":"https:\/\/www.europesays.com\/si\/wp-json\/wp\/v2\/posts\/130038","targetHints":{"allow":["GET"]}}],"collection":[{"href":"https:\/\/www.europesays.com\/si\/wp-json\/wp\/v2\/posts"}],"about":[{"href":"https:\/\/www.europesays.com\/si\/wp-json\/wp\/v2\/types\/post"}],"author":[{"embeddable":true,"href":"https:\/\/www.europesays.com\/si\/wp-json\/wp\/v2\/users\/2"}],"replies":[{"embeddable":true,"href":"https:\/\/www.europesays.com\/si\/wp-json\/wp\/v2\/comments?post=130038"}],"version-history":[{"count":0,"href":"https:\/\/www.europesays.com\/si\/wp-json\/wp\/v2\/posts\/130038\/revisions"}],"wp:featuredmedia":[{"embeddable":true,"href":"https:\/\/www.europesays.com\/si\/wp-json\/wp\/v2\/media\/130039"}],"wp:attachment":[{"href":"https:\/\/www.europesays.com\/si\/wp-json\/wp\/v2\/media?parent=130038"}],"wp:term":[{"taxonomy":"category","embeddable":true,"href":"https:\/\/www.europesays.com\/si\/wp-json\/wp\/v2\/categories?post=130038"},{"taxonomy":"post_tag","embeddable":true,"href":"https:\/\/www.europesays.com\/si\/wp-json\/wp\/v2\/tags?post=130038"}],"curies":[{"name":"wp","href":"https:\/\/api.w.org\/{rel}","templated":true}]}}