{"id":13219,"date":"2026-03-04T08:00:06","date_gmt":"2026-03-04T08:00:06","guid":{"rendered":"https:\/\/www.europesays.com\/si\/13219\/"},"modified":"2026-03-04T08:00:06","modified_gmt":"2026-03-04T08:00:06","slug":"zmelkoow-album-bi-enostavno-lahko-nalozili-na-platforme-ampak-potem-zmanjka-nekaj-zmohta","status":"publish","type":"post","link":"https:\/\/www.europesays.com\/si\/13219\/","title":{"rendered":"Zmelkoow: Album bi enostavno lahko nalo\u017eili na platforme, ampak potem zmanjka nekaj \u017emohta"},"content":{"rendered":"<p>Skupina Zmelkoow je pred kratkim v svet poslala svoj 11. album, ki ga je predstavila na posebno svojski in inovativen na\u010din: na konzervi kot nosilcu zvoka. &#8220;Dejstvo je, da je svet, v katerem \u017eivimo, na precej majavih nogah in plesniv, tako da materiala za kritike, opozorila, posmeh in celo strah ne zmanjka,&#8221; so prepri\u010dani \u010dlani zasedbe, ki bodo \u017ee marca na Velikem veselem koncertu v \u010dast stoletnice rojstva junaka in legende Sergiota iz Trsta predstavili nove bisere s plo\u0161\u010de in vse starej\u0161e hite. Kaj vse nam je \u0161e zaupal &#8220;bistri nihiloidni kaos&#8221;, kot poimenujejo sami sebe, izveste v nadaljevanju rubrike <a href=\"http:\/\/siol.net\/kljucne-besede\/hitrih-5-108709\/articles\" target=\"_blank\" rel=\"nofollow noopener\">Hitrih 5<\/a>.<\/p>\n<p>Nedavno ste javnosti predstavili svoj veliki projekt, izdali ste svoj 11. album Plus. Kaj lahko poveste o njem in zakaj ste se odlo\u010dili, da ga obo\u017eevalcem predstavite na precej nekonvencionalen oz. svojevrsten na\u010din?<\/p>\n<p>Ja, zelo smo ponosni na ta album. Ni kar tako po vseh predhodnih projektih zbrati na kup dovolj novih dobrih idej, ampak nam je uspelo! Ker se dandanes ve\u010dina glasbe poslu\u0161a brez klasi\u010dnih nosilcev zvoka, bi sicer lahko album enostavno samo nalo\u017eili na platforme in bi bilo to to, ampak potem zmanjka nekaj tistega \u017emohta, da nekaj dr\u017ei\u0161 v roki, gleda\u0161 slikice in bere\u0161 klobasarije v knji\u017eici \u2026<\/p>\n<p>Tako da smo se vseeno odlo\u010dili izdati tudi CD (ki je uporaben tudi kot nastavek za fleksarco in kot podstavek za pivo) in kot prvi bend na svetu tudi konzervo. Tudi konzerva ima poleg tega, da je nosilec zvoka, ve\u010d mo\u017enih na\u010dinov uporabe, ki so pojasnjeni na etiketi. Verjamemo, da bo ta novost spremenila tok glasbene industrije.<\/p>\n<p><img decoding=\"async\" alt=\"\" tudi=\"\" konzerva=\"\" ima=\"\" poleg=\"\" tega=\"\" da=\"\" je=\"\" nosilec=\"\" zvoka=\"\" ve=\"\" mo=\"\" na=\"\" uporabe=\"\" ki=\"\" so=\"\" pojasnjeni=\"\" etiketi.=\"\" verjamemo=\"\" bo=\"\" ta=\"\" novost=\"\" spremenila=\"\" tok=\"\" glasbene=\"\" industrije=\"\" o=\"\" nenavadnem=\"\" predstavitve=\"\" nove=\"\" plo=\"\" povedali=\"\" zasedbe.=\"\" foto:=\"\" arhiv=\"\" izvajalca=\"\" class=\"article_content__inline_image js_imageLightbox is-clickable\" data-author=\"arhiv izvajalca\" data-caption=\"&quot;Tudi konzerva ima poleg tega, da je nosilec zvoka, ve\u010d mo\u017enih na\u010dinov uporabe, ki so pojasnjeni na etiketi. Verjamemo, da bo ta novost spremenila tok glasbene industrije,&quot; so o nenavadnem na\u010dinu predstavitve nove plo\u0161\u010de povedali \u010dlani zasedbe.\" data-height=\"1489\" data-href=\"https:\/\/siol.net\/media\/img\/7e\/8a\/5bc8263e9070edeb2d10-zasedba-zmelkoow-glasbeniki.jpeg\" data-width=\"1489\" loading=\"lazy\" src=\"\/media\/img\/01\/06\/1e2dddb78b10195a8bfc-zasedba-zmelkoow-glasbeniki.jpeg\" title=\"zasedba Zmelkoow, glasbeniki\"\/><\/p>\n<p> &#8220;Tudi konzerva ima poleg tega, da je nosilec zvoka, ve\u010d mo\u017enih na\u010dinov uporabe, ki so pojasnjeni na etiketi. Verjamemo, da bo ta novost spremenila tok glasbene industrije,&#8221; so o nenavadnem na\u010dinu predstavitve nove plo\u0161\u010de povedali \u010dlani zasedbe.<br \/>\n Foto: arhiv izvajalca <\/p>\n<p>Zmelkoow ste znani po tem, da ne odstopate od za\u010drtane smeri na svoji glasbeni poti. Kaj je tisto, kar vas \u0161e posebej definira in od \u010desa ne bi nikoli odstopili oz. \u010demu se ne bi nikoli odpovedali?<\/p>\n<p>\u010ceprav me zelo mika, da bi rekel, da nas definirata perfekcionizem in odsotnost kiksov, se bom temu iz strahu pred rastjo nosu ognil. Delamo glasbo, ki jo razumemo in nam je v\u0161e\u010d. In ker smo precej \u010dudni kalibri, je tudi na\u0161a glasba pogosto tak\u0161na. Ni trendovska, moderna, je pa iskrena, raznolika, na\u0161a. In stojimo za njo.<\/p>\n<p>Prisluhnite skladbi Realni svet:<\/p>\n<p>Teksti so pa itak \u010dista poezija \u2013 nih\u010de razen poznavalcev in res tenko\u010dutnih du\u0161 jih ne razume, kar pu\u0161\u010da obilico prostora u\u010diteljicam sloven\u0161\u010dine, ki bodo na\u0161e komade interpretirale u\u010dencem v 22. stoletju, ko bo stroka posthumno prepoznala na\u0161o veli\u010dino. \u010cemu se ne bi odpovedali? Najbr\u017e svobodi ustvarjanja tistega, za kar mislimo, da je dobro, lepo in zabavno; ne glede na to, ali se izpla\u010da ali ne.<\/p>\n<p>Kdo so Zmelkoow?<\/p>\n<p>Skupina Zmekoow prihaja s Primorske in jo danes sestavlja pet \u010dlanov: Goga Sedmak (vokal, kitara), \u017dare Pavleti\u010d (bas kitara), Ale\u0161 Ko\u0161\u010dak (bobni), Anu\u0161a Podgornik (klaviature in flavta) ter\u00a0Zergoloff (Iztok Cergol) (multi-instrumentalist, violina).<\/p>\n<p>Zasedba deluje od za\u010detka 90. let prej\u0161njega stoletja in je znana po svojih nenavadnih besedilih, ki segajo od od\u0161tekanih do naravnost morbidnih. Njihov prvi ve\u010dji hit je bila pesem \u010cau son\u010dek! z albuma Kdo se je zbral?, \u0161ir\u0161a slovenska javnost pa jih je spoznala leta 1999 z uspe\u0161nico Bit z albuma Dej, nosorog, pazi kam stopa\u0161.<\/p>\n<p>Za svoje obo\u017eevalce v marcu pripravljate poseben dogodek. Kaj lahko poveste o tem in ali se lahko nadejamo kak\u0161nih presene\u010denj?<\/p>\n<p>Tako je! 18. marca bomo v ljubljanskem Media Centru priredili Veliki veseli koncert v \u010dast stoletnice rojstva junaka in legende Sergiota iz Trsta. Raziskovalne novinarke so namre\u010d izbrskale, da se je to \u017ee na pol mitolo\u0161ko bitje rodilo to\u010dno pred sto leti; nekateri celo \u0161pekulirajo, da gre za reinkarnacijo Kosovela, ampak seveda gre zgolj za ugibanja \u2026 Kakorkoli, na koncertu bomo predstavili glavne biser\u010dke z nove plo\u0161\u010de, odigrali bomo tudi vse starej\u0161e hite; ne bodo pa manjkali\u00a0niti torta\u00a0niti gosti\u00a0niti raznorazne kozlarije in presene\u010denja, ki priti\u010dejo velikemu praznovanju.<\/p>\n<p><img decoding=\"async\" alt=\"\u010cemu se ne bi odpovedali? \" najbr=\"\" svobodi=\"\" ustvarjanja=\"\" tistega=\"\" za=\"\" kar=\"\" mislimo=\"\" da=\"\" je=\"\" dobro=\"\" lepo=\"\" in=\"\" zabavno=\"\" ne=\"\" glede=\"\" na=\"\" to=\"\" ali=\"\" se=\"\" izpla=\"\" ne.=\"\" foto:=\"\" arhiv=\"\" izvajalca=\"\" class=\"article_content__inline_image js_imageLightbox is-clickable\" data-author=\"arhiv izvajalca\" data-caption=\"\u010cemu se ne bi odpovedali? &quot;Najbr\u017e svobodi ustvarjanja tistega, za kar mislimo, da je dobro, lepo in zabavno; ne glede na to, ali se izpla\u010da ali ne.&quot;\" data-height=\"4417\" data-href=\"https:\/\/siol.net\/media\/img\/be\/97\/73e8e44ee5ad9f948c8f-zasedba-zmelkoow-glasbeniki.jpeg\" data-width=\"5091\" loading=\"lazy\" src=\"\/media\/img\/ab\/c6\/6339712ba95746ed29e7-zasedba-zmelkoow-glasbeniki.jpeg\" title=\"zasedba Zmelkoow, glasbeniki\"\/><\/p>\n<p> \u010cemu se ne bi odpovedali? &#8220;Najbr\u017e svobodi ustvarjanja tistega, za kar mislimo, da je dobro, lepo in zabavno; ne glede na to, ali se izpla\u010da ali ne.&#8221;<br \/>\n Foto: arhiv izvajalca <\/p>\n<p>Katere stvari morate po va\u0161em mnenju kot glasbeniki in umetniki \u0161e posebej nagovarjati v dana\u0161njem \u010dasu?<\/p>\n<p>Mora se samo umreti; pa \u0161e tega\u00a0menda ni treba\u00a0vsem. Dejstvo je, da je svet, v katerem \u017eivimo, na precej majavih nogah in plesniv, tako da materiala za kritike, opozorila, posmeh in celo strah ne zmanjka. Ta &#8220;realni svet&#8221; opisujemo v na\u0161em zadnjem istoimenskem singlu. Nekateri te stvari vidijo, drugi ne, enim je to v navdih, drugi se obrnejo stran \u2026<\/p>\n<p>Mi, ki se pri\u0161tevamo k rokerjem, radi v na\u0161ih pesmih kak\u0161no pikro re\u010demo \u010dez neumnosti, neumne\u017ee, bullyje in pateti\u010dne pozerje okoli nas; ne domi\u0161ljamo pa si, da bomo s svojo glasbo prav veliko spremenili. Najbr\u017e pa \u017ee to, da delu publike, ki mu ni blizu estetika &#8220;\u017eivi svoje sanje, nocoj z menoj&#8221; ponudimo eno manj abotno zabavo, pa morda uteho, da niso sami na obrobju ne najbolj ljubkega in bistrega mainstreama \u2026 Sicer pa imamo tudi mi kak\u0161ne popolnoma neambiciozne komade, ki nimajo nekega globljega pomena in poslanstva, ampak so nam preprosto lepi.<\/p>\n<p><img decoding=\"async\" alt=\"zasedba Zmelkoow, glasbeniki | Foto: arhiv izvajalca\" class=\"article_content__inline_image js_imageLightbox is-clickable\" data-author=\"arhiv izvajalca\" data-caption=\"\" data-height=\"4071\" data-href=\"https:\/\/siol.net\/media\/img\/1a\/4c\/73b052bbd5b854f4fb60-zasedba-zmelkoow-glasbeniki.jpeg\" data-width=\"6106\" loading=\"lazy\" src=\"\/media\/img\/62\/91\/b5c559213b4633589c40-zasedba-zmelkoow-glasbeniki.jpeg\" title=\"zasedba Zmelkoow, glasbeniki\"\/><\/p>\n<p> Foto: arhiv izvajalca <\/p>\n<p>Kako v svoji zasedbi usklajujete razli\u010dne \u017eelje \u2013 tako ustvarjalne kot zasebne \u2013 in ali se lahko kot skupina opi\u0161ete z le tremi besedami?<\/p>\n<p>Za\u010dnimo s tremi besedami: bistri nihiloidni kaos. \u010ce bi imel \u0161e dve besedi na voljo, bi stisnil zraven \u0161e lenobo in veselja\u0161tvo, ampak v redu\u00a0&#8230; Glede usklajevanja nimamo velikih te\u017eav. Z leti se je po\u010dasi skristaliziralo, da je tisto, za kar se odlo\u010di modri lider benda, ponavadi najbolje. Tako da funkcioniramo v duhu enega takega razsvetljenega absolutizma s pridihom komunisti\u010dnega slogana &#8220;vsak po svojih zmo\u017enostih, vsakemu po njegovih potrebah&#8221; \u2013 s tem, da to slednje izvajamo v okviru razpolo\u017eljivega prora\u010duna.<\/p>\n<p>Preberite \u0161e ve\u010d vsebin iz <a href=\"https:\/\/siol.net\/kljucne-besede\/hitrih-5-108709\/articles\" target=\"_blank\" rel=\"nofollow noopener\">rubrike Hitrih 5<\/a>:<\/p>\n","protected":false},"excerpt":{"rendered":"Skupina Zmelkoow je pred kratkim v svet poslala svoj 11. album, ki ga je predstavila na posebno svojski&hellip;\n","protected":false},"author":2,"featured_media":13220,"comment_status":"","ping_status":"","sticky":false,"template":"","format":"standard","meta":{"footnotes":"","_share_on_mastodon":"0"},"categories":[18],"tags":[3981,114,276,6316,6320,62,6319,6317,37,58,60,38,1253,115,6318],"class_list":["post-13219","post","type-post","status-publish","format-standard","has-post-thumbnail","category-zabava","tag-album","tag-entertainment","tag-glasba","tag-hitrih-5","tag-rock-skupina","tag-si","tag-skladba","tag-skupina","tag-slovene","tag-slovenia","tag-slovenija","tag-slovenscina","tag-umetnost","tag-zabava","tag-zmelkoow"],"share_on_mastodon":{"url":"https:\/\/pubeurope.com\/@si\/116169855900349000","error":""},"_links":{"self":[{"href":"https:\/\/www.europesays.com\/si\/wp-json\/wp\/v2\/posts\/13219","targetHints":{"allow":["GET"]}}],"collection":[{"href":"https:\/\/www.europesays.com\/si\/wp-json\/wp\/v2\/posts"}],"about":[{"href":"https:\/\/www.europesays.com\/si\/wp-json\/wp\/v2\/types\/post"}],"author":[{"embeddable":true,"href":"https:\/\/www.europesays.com\/si\/wp-json\/wp\/v2\/users\/2"}],"replies":[{"embeddable":true,"href":"https:\/\/www.europesays.com\/si\/wp-json\/wp\/v2\/comments?post=13219"}],"version-history":[{"count":0,"href":"https:\/\/www.europesays.com\/si\/wp-json\/wp\/v2\/posts\/13219\/revisions"}],"wp:featuredmedia":[{"embeddable":true,"href":"https:\/\/www.europesays.com\/si\/wp-json\/wp\/v2\/media\/13220"}],"wp:attachment":[{"href":"https:\/\/www.europesays.com\/si\/wp-json\/wp\/v2\/media?parent=13219"}],"wp:term":[{"taxonomy":"category","embeddable":true,"href":"https:\/\/www.europesays.com\/si\/wp-json\/wp\/v2\/categories?post=13219"},{"taxonomy":"post_tag","embeddable":true,"href":"https:\/\/www.europesays.com\/si\/wp-json\/wp\/v2\/tags?post=13219"}],"curies":[{"name":"wp","href":"https:\/\/api.w.org\/{rel}","templated":true}]}}