{"id":132867,"date":"2026-06-19T14:16:13","date_gmt":"2026-06-19T14:16:13","guid":{"rendered":"https:\/\/www.europesays.com\/si\/132867\/"},"modified":"2026-06-19T14:16:13","modified_gmt":"2026-06-19T14:16:13","slug":"prvaki-iz-celja-zacenjajo-novo-sezono-na-domacem-igriscu-proti-muri","status":"publish","type":"post","link":"https:\/\/www.europesays.com\/si\/132867\/","title":{"rendered":"Prvaki iz Celja za\u010denjajo novo sezono na doma\u010dem igri\u0161\u010du proti Muri"},"content":{"rendered":"<p>    <img decoding=\"async\" data-lb-desktop=\"\/media\/2026\/06\/19\/840379\/Orig-LUKA3629-1200.webp\" data-lb-mobile=\"\/media\/2026\/06\/19\/840379\/Orig-LUKA3629-600.webp\" class=\"main-gallery-image se_image_lb\" src=\"https:\/\/www.europesays.com\/si\/wp-content\/uploads\/2026\/06\/Wide-LUKA3629-1000.webp\" alt=\"16.5.2026 nogomet Celje Koper Celje dr\u017eavni prvak, podelitev pokala - dr\u017eavno prvenstvo v nogometuFoto:Luka Cjuha\"\/><\/p>\n<p>Nogometa\u0161i Celja so se v minuli sezoni veselili naslova dr\u017eavnega prvaka. Foto: Luka Cjuha<\/p>\n<p>Prvaki iz Celja za\u010denjajo novo sezono na doma\u010dem igri\u0161\u010du proti Muri<\/p>\n<p>Nogometna zveza Slovenije je opravila \u017ereb za tekme prvega kroga v tekmovalni sezoni 2026\/27 v prvi slovenski ligi.<\/p>\n<p>                        19. 06. 2026, 15.46\n                    <\/p>\n<p>                        <a href=\"https:\/\/google.com\/preferences\/source?q=dnevnik.si\" class=\"se-author-gps-cta\" target=\"_blank\" rel=\"nofollow noopener\"><br \/>\n                            <img decoding=\"async\" class=\"se-author-gps-cta-badge\" src=\"https:\/\/www.europesays.com\/si\/wp-content\/uploads\/2026\/06\/1781870352_176_dnevnik_gps_badge.png\" alt=\"Google Preferred Sources CTA\"\/><br \/>\n                        <\/a><\/p>\n<p>Aktualni dr\u017eavni prvaki, igralci Celja, bodo v prvem krogu nove tekmovalne sezone 2026\/27 igrali 18. julija proti Muri pred doma\u010dimi gledalci. Na \u017erebu je sodelovalo deset klubov, potem ko je lansko sezono dokon\u010dalo le devet klubov, kajti sredi sezone so iz lige izstopile Dom\u017eale.<\/p>\n<p>Maribor\u010dani bodo v prvem krogu 18. julija igrali v gosteh pri Aluminiju. Ljubljanska Olimpija bo na stadionu Sto\u017eice na sosedskem derbiju gostila Bravo, Nafto 1903 \u010daka merjenje mo\u010di s Koprom, v Dom\u017ealah pa bo tekma Kalcer Radomlje \u2013\u00a0Brinje Grosuplje.<\/p>\n<p>Prvi ve\u010dni derbi avgusta v Sto\u017eicah<\/p>\n<p>Prvi ve\u010dni ljubljansko-\u0161tajerski derbi od \u0161tirih v novi sezoni bo na sporedu v petem krogu 15. avgusta, ko bo Olimpija na stadionu Sto\u017eice gostila Maribor. Naslednji bo v 14. krogu prvenstva v soboto, 31. oktobra, ko bodo Maribor\u010dani v Ljudskem vrtu pri\u010dakali Olimpijo.<\/p>\n<p>V soboto, 20. februarja, bo ve\u010dni derbi z Mariborom v Sto\u017eicah v 23. krogu gostila Olimpija. Obra\u010dun med Olimpijo in Mariborom bo tudi v 32. krogu, 24. aprila na stadionu Ljudski vrt v Mariboru. Zadnji, 36. krog dr\u017eavnega prvenstva bo na sporedu 22. maja 2027.<\/p>\n","protected":false},"excerpt":{"rendered":"Nogometa\u0161i Celja so se v minuli sezoni veselili naslova dr\u017eavnega prvaka. Foto: Luka Cjuha Prvaki iz Celja za\u010denjajo&hellip;\n","protected":false},"author":2,"featured_media":132868,"comment_status":"","ping_status":"","sticky":false,"template":"","format":"standard","meta":{"footnotes":"","_share_on_mastodon":"0"},"categories":[23],"tags":[162,150,264,3412,416,27033,62,37,58,60,38,3691],"class_list":["post-132867","post","type-post","status-publish","format-standard","has-post-thumbnail","category-celje","tag-celje","tag-maribor","tag-nogomet","tag-nzs","tag-olimpija","tag-sezona-2026-27","tag-si","tag-slovene","tag-slovenia","tag-slovenija","tag-slovenscina","tag-zreb"],"share_on_mastodon":{"url":"https:\/\/pubeurope.com\/@si\/116777201724697007","error":""},"_links":{"self":[{"href":"https:\/\/www.europesays.com\/si\/wp-json\/wp\/v2\/posts\/132867","targetHints":{"allow":["GET"]}}],"collection":[{"href":"https:\/\/www.europesays.com\/si\/wp-json\/wp\/v2\/posts"}],"about":[{"href":"https:\/\/www.europesays.com\/si\/wp-json\/wp\/v2\/types\/post"}],"author":[{"embeddable":true,"href":"https:\/\/www.europesays.com\/si\/wp-json\/wp\/v2\/users\/2"}],"replies":[{"embeddable":true,"href":"https:\/\/www.europesays.com\/si\/wp-json\/wp\/v2\/comments?post=132867"}],"version-history":[{"count":0,"href":"https:\/\/www.europesays.com\/si\/wp-json\/wp\/v2\/posts\/132867\/revisions"}],"wp:featuredmedia":[{"embeddable":true,"href":"https:\/\/www.europesays.com\/si\/wp-json\/wp\/v2\/media\/132868"}],"wp:attachment":[{"href":"https:\/\/www.europesays.com\/si\/wp-json\/wp\/v2\/media?parent=132867"}],"wp:term":[{"taxonomy":"category","embeddable":true,"href":"https:\/\/www.europesays.com\/si\/wp-json\/wp\/v2\/categories?post=132867"},{"taxonomy":"post_tag","embeddable":true,"href":"https:\/\/www.europesays.com\/si\/wp-json\/wp\/v2\/tags?post=132867"}],"curies":[{"name":"wp","href":"https:\/\/api.w.org\/{rel}","templated":true}]}}