{"id":133065,"date":"2026-06-19T17:49:09","date_gmt":"2026-06-19T17:49:09","guid":{"rendered":"https:\/\/www.europesays.com\/si\/133065\/"},"modified":"2026-06-19T17:49:09","modified_gmt":"2026-06-19T17:49:09","slug":"celjani-zacenjajo-proti-muri-prvi-vecni-derbi-ze-sredi-avgusta","status":"publish","type":"post","link":"https:\/\/www.europesays.com\/si\/133065\/","title":{"rendered":"Celjani za\u010denjajo proti Muri, prvi ve\u010dni derbi \u017ee sredi avgusta"},"content":{"rendered":"<p><a href=\"https:\/\/www.delo.si\/tag\/nzs\" target=\"_blank\" rel=\"nofollow noopener\">Nogometna zveza Slovenije<\/a> je danes opravila \u017ereb prvega kroga sezone 2026\/27 v <a href=\"https:\/\/www.delo.si\/tag\/prva-liga-telemach\" target=\"_blank\" rel=\"nofollow noopener\">Prvi ligi Telemach<\/a>. Prvaki <a href=\"https:\/\/www.delo.si\/tag\/nk-celje\" target=\"_blank\" rel=\"nofollow noopener\">Celjani<\/a> bodo v prvem krogu nove sezone 18. julija igrali proti <a href=\"https:\/\/www.delo.si\/tag\/mura\" target=\"_blank\" rel=\"nofollow noopener\">Muri<\/a>. Na \u017erebu je sodelovalo deset klubov, potem ko je lansko sezono dokon\u010dalo le devet klubov, kajti sredi sezone <a href=\"https:\/\/www.delo.si\/sport\/nogomet\/domzale-potrdile-stecaj-sezono-nadaljuje-devet-ekip\" target=\"_blank\" rel=\"nofollow noopener\">so iz lige izstopile Dom\u017eale<\/a>.<\/p>\n<p><a href=\"https:\/\/www.delo.si\/tag\/nk-maribor\" target=\"_blank\" rel=\"nofollow noopener\">Maribor\u010dani<\/a> bodo v prvem krogu 18. julija igrali v gosteh pri <a href=\"https:\/\/www.delo.si\/tag\/aluminij\" target=\"_blank\" rel=\"nofollow noopener\">Aluminiju<\/a>.\u00a0<a href=\"https:\/\/www.delo.si\/tag\/nk-olimpija\" target=\"_blank\" rel=\"nofollow noopener\">Olimpija<\/a> bo na stadionu Sto\u017eice gostila <a href=\"https:\/\/www.delo.si\/tag\/nk-bravo\" target=\"_blank\" rel=\"nofollow noopener\">Bravo<\/a>, Nafto 1903 \u010daka merjenje mo\u010di s Koprom, v Dom\u017ealah pa bo tekma Kalcer Radomlje &#8211; Brinje Grosuplje.<\/p>\n<p>Prvi derbi \u017ee 15. avgusta<\/p>\n<p>Prvi ve\u010dni derbi od \u0161tirih v sezoni bo na sporedu v 5. krogu, 15. avgusta, ko bo Olimpija\u00a0gostila Maribor. Drugi obra\u010dun najve\u010djih slovenskih tekmecev bo na sporedu v 14. krogu, 31. oktobra, ko bodo vijoli\u010dni\u00a0v Ljudskem vrtu gostili Ljubljan\u010dane. Tretji derbi bo zatem 20. februarja v Sto\u017eicah, zadnji pa 24. aprila znova v Mariboru.<\/p>\n<p>Zadnji, 36. krog dr\u017eavnega prvenstva, bo na sporedu 22. maja.<\/p>\n","protected":false},"excerpt":{"rendered":"Nogometna zveza Slovenije je danes opravila \u017ereb prvega kroga sezone 2026\/27 v Prvi ligi Telemach. Prvaki Celjani bodo&hellip;\n","protected":false},"author":2,"featured_media":133066,"comment_status":"","ping_status":"","sticky":false,"template":"","format":"standard","meta":{"footnotes":"","_share_on_mastodon":"0"},"categories":[21],"tags":[417,8271,124,150,138,134,3631,132,133,140,3412,416,131,62,37,58,60,38],"class_list":["post-133065","post","type-post","status-publish","format-standard","has-post-thumbnail","category-ljubljana","tag-1-snl","tag-derbi","tag-ljubljana","tag-maribor","tag-nk-bravo","tag-nk-celje","tag-nk-domzale","tag-nk-maribor","tag-nk-olimpija","tag-ns-mura","tag-nzs","tag-olimpija","tag-prva-liga-telemach","tag-si","tag-slovene","tag-slovenia","tag-slovenija","tag-slovenscina"],"share_on_mastodon":{"url":"https:\/\/pubeurope.com\/@si\/116778038893790051","error":""},"_links":{"self":[{"href":"https:\/\/www.europesays.com\/si\/wp-json\/wp\/v2\/posts\/133065","targetHints":{"allow":["GET"]}}],"collection":[{"href":"https:\/\/www.europesays.com\/si\/wp-json\/wp\/v2\/posts"}],"about":[{"href":"https:\/\/www.europesays.com\/si\/wp-json\/wp\/v2\/types\/post"}],"author":[{"embeddable":true,"href":"https:\/\/www.europesays.com\/si\/wp-json\/wp\/v2\/users\/2"}],"replies":[{"embeddable":true,"href":"https:\/\/www.europesays.com\/si\/wp-json\/wp\/v2\/comments?post=133065"}],"version-history":[{"count":0,"href":"https:\/\/www.europesays.com\/si\/wp-json\/wp\/v2\/posts\/133065\/revisions"}],"wp:featuredmedia":[{"embeddable":true,"href":"https:\/\/www.europesays.com\/si\/wp-json\/wp\/v2\/media\/133066"}],"wp:attachment":[{"href":"https:\/\/www.europesays.com\/si\/wp-json\/wp\/v2\/media?parent=133065"}],"wp:term":[{"taxonomy":"category","embeddable":true,"href":"https:\/\/www.europesays.com\/si\/wp-json\/wp\/v2\/categories?post=133065"},{"taxonomy":"post_tag","embeddable":true,"href":"https:\/\/www.europesays.com\/si\/wp-json\/wp\/v2\/tags?post=133065"}],"curies":[{"name":"wp","href":"https:\/\/api.w.org\/{rel}","templated":true}]}}