{"id":133291,"date":"2026-06-19T22:09:13","date_gmt":"2026-06-19T22:09:13","guid":{"rendered":"https:\/\/www.europesays.com\/si\/133291\/"},"modified":"2026-06-19T22:09:13","modified_gmt":"2026-06-19T22:09:13","slug":"skotska-maroko-01-rtv-slo","status":"publish","type":"post","link":"https:\/\/www.europesays.com\/si\/133291\/","title":{"rendered":"\u0160kotska &#8211; Maroko 0:1 &#8211; RTV SLO"},"content":{"rendered":"<p>\t\t\t\t\t\t\t\t<a href=\"https:\/\/www.europesays.com\/si\/wp-content\/uploads\/2026\/06\/1781906953_555_67052777.jpg\" itemprop=\"contentUrl\" data-size=\"1200x800\" data-large=\"https:\/\/www.europesays.com\/si\/wp-content\/uploads\/2026\/06\/1781906953_555_67052777.jpg\"><br \/>\n\t\t\t\t\t\t\t\t\t<img decoding=\"async\" src=\"https:\/\/www.europesays.com\/si\/wp-content\/uploads\/2026\/06\/1781906953_555_67052777.jpg\" title=\"John McGinn je poskrbel za odli\u010den za\u010detek \u0160kotov. Foto: AP\" alt=\"John McGinn je poskrbel za odli\u010den za\u010detek \u0160kotov. Foto: AP\"\/><br \/>\n\t\t\t\t\t\t\t\t<\/a><\/p>\n<p>\t\t\t\t\t\t\t\t\tJohn McGinn je poskrbel za odli\u010den za\u010detek \u0160kotov. Foto: AP<\/p>\n<p>Na stadionu Gillette v Foxboroughu bodo \u0160koti sku\u0161ali nadgraditi uvodno zmago nad Haitijem (1:0). Po neprepri\u010dljivi predstavi je odlo\u010dil zadetek Johna McGinna, ki je \u0160kotom zagotovil prvo zmago na SP-jih po letu 1990 in prvo na velikih tekmovanjih po 1996 in evropskem prvenstvu v Angliji. \u0160koti igrajo na SP-ju prvi\u010d po letu 1998.<\/p>\n<p>Oglas<\/p>\n<p>Z zmago so storili velik korak proti izlo\u010dilnim bojem, a so si prav proti eni najskromnej\u0161ih zasedb SP-ja obetali bolj\u0161o predstavo in zadetek ali dva ve\u010d za za\u010detek mundiala.<\/p>\n<p>Tudi Maro\u010dani so zelo dobro za\u010deli SP, saj so iztr\u017eili to\u010dko proti Braziliji (1:1). \u010cetrti z zadnjega svetovnega prvenstva v Katarju so imeli ob koncu celo prilo\u017enost za veliko zmago, ko je strel Neila El Aynaouija od dale\u010d Alisson Becker s te\u017eavami ubranil.<\/p>\n<p>\t\t\t\t\tV \u017eivo &#8211; TV Slovenija 2<\/p>\n<p>Skupina C, 2. krog, Boston, sobota ob 0.00: <br \/>\u0160KOTSKA &#8211; MAROKO 0:1 (-:-)<br \/>Saibari 2.<\/p>\n<p>\u0160kotska: Gunn, Hanley, Hendry, Tierney, Patterson, McTominay, Ferguson, Robertson, Christie, McGinn, Adams.<\/p>\n<p>Maroko: Bono, Hakimi, Diop, Riad, Mazraui, El Ajnaui, Buadi, Brahim Diaz, Unahi, El Kanus, Saibari.<\/p>\n<p>Sodnik: Ilgiz Tanta\u0161ev (Uzbekistan)<\/p>\n<p>Oglas<\/p>\n","protected":false},"excerpt":{"rendered":"John McGinn je poskrbel za odli\u010den za\u010detek \u0160kotov. Foto: AP Na stadionu Gillette v Foxboroughu bodo \u0160koti sku\u0161ali&hellip;\n","protected":false},"author":2,"featured_media":133292,"comment_status":"","ping_status":"","sticky":false,"template":"","format":"standard","meta":{"footnotes":"","_share_on_mastodon":"0"},"categories":[16],"tags":[36594,27564,36593,62,37,58,60,38,94,93],"class_list":["post-133291","post","type-post","status-publish","format-standard","has-post-thumbnail","category-sport","tag-ismael-saibari","tag-john-mcginn","tag-scott-mctominay","tag-si","tag-slovene","tag-slovenia","tag-slovenija","tag-slovenscina","tag-sport","tag-sports"],"share_on_mastodon":{"url":"https:\/\/pubeurope.com\/@si\/116779061435309127","error":""},"_links":{"self":[{"href":"https:\/\/www.europesays.com\/si\/wp-json\/wp\/v2\/posts\/133291","targetHints":{"allow":["GET"]}}],"collection":[{"href":"https:\/\/www.europesays.com\/si\/wp-json\/wp\/v2\/posts"}],"about":[{"href":"https:\/\/www.europesays.com\/si\/wp-json\/wp\/v2\/types\/post"}],"author":[{"embeddable":true,"href":"https:\/\/www.europesays.com\/si\/wp-json\/wp\/v2\/users\/2"}],"replies":[{"embeddable":true,"href":"https:\/\/www.europesays.com\/si\/wp-json\/wp\/v2\/comments?post=133291"}],"version-history":[{"count":0,"href":"https:\/\/www.europesays.com\/si\/wp-json\/wp\/v2\/posts\/133291\/revisions"}],"wp:featuredmedia":[{"embeddable":true,"href":"https:\/\/www.europesays.com\/si\/wp-json\/wp\/v2\/media\/133292"}],"wp:attachment":[{"href":"https:\/\/www.europesays.com\/si\/wp-json\/wp\/v2\/media?parent=133291"}],"wp:term":[{"taxonomy":"category","embeddable":true,"href":"https:\/\/www.europesays.com\/si\/wp-json\/wp\/v2\/categories?post=133291"},{"taxonomy":"post_tag","embeddable":true,"href":"https:\/\/www.europesays.com\/si\/wp-json\/wp\/v2\/tags?post=133291"}],"curies":[{"name":"wp","href":"https:\/\/api.w.org\/{rel}","templated":true}]}}