{"id":134849,"date":"2026-06-21T10:56:11","date_gmt":"2026-06-21T10:56:11","guid":{"rendered":"https:\/\/www.europesays.com\/si\/134849\/"},"modified":"2026-06-21T10:56:11","modified_gmt":"2026-06-21T10:56:11","slug":"plezalec-omahnil-deset-metrov-v-globino","status":"publish","type":"post","link":"https:\/\/www.europesays.com\/si\/134849\/","title":{"rendered":"Plezalec omahnil deset metrov v globino"},"content":{"rendered":"<p>    <img decoding=\"async\" data-lb-desktop=\"\/media\/2026\/06\/21\/840576\/Orig-jereb_GRS-1200.webp\" data-lb-mobile=\"\/media\/2026\/06\/21\/840576\/Orig-jereb_GRS-600.webp\" class=\"main-gallery-image se_image_lb\" src=\"https:\/\/www.europesays.com\/si\/wp-content\/uploads\/2026\/06\/Wide-jereb_GRS-1000.webp\" alt=\"GRS, gorski re\u0161evalci, prikaz re\u0161evanja. Foto: Tina Jereb\"\/><\/p>\n<p>Med vzponom v navezi je na alpinista padla skala. Simboli\u010dna fotografija: Tina Jereb<\/p>\n<p>Plezalec omahnil deset metrov v globino<\/p>\n<p>V soboto popoldne se je na pobo\u010dju Vr\u0161i\u010dev pripetila tragi\u010dna nesre\u010da, v kateri je umrl alpinist. Enaintridesetletnik je padel s stene v globino, potem ko se mu je odlomil sklani oprimek.<\/p>\n<p>                        21. 06. 2026, 12.47\n                    <\/p>\n<p> tak\n                    <\/p>\n<p>                        <a href=\"https:\/\/google.com\/preferences\/source?q=dnevnik.si\" class=\"se-author-gps-cta\" target=\"_blank\" rel=\"nofollow noopener\"><br \/>\n                            <img decoding=\"async\" class=\"se-author-gps-cta-badge\" src=\"https:\/\/www.europesays.com\/si\/wp-content\/uploads\/2026\/06\/1781986807_846_dnevnik_gps_badge.png\" alt=\"Google Preferred Sources CTA\"\/><br \/>\n                        <\/a><\/p>\n<p>V soboto okoli 16. ure se je\u00a0v severni steni Ve\u017eice nad Kamni\u0161ko Bistrico pripetila huda gorska nesre\u010da, v kateri je umrl 31-letni alpinist. Po navedbah policije je plezal\u00a0kot prvi v navezi s \u0161e dvema plezalcema, ko se mu je odlomil skalni oprimek, zaradi \u010desar je padel s stene.\u00a0Omahnil je deset metrov globoko in pristal na skalni polici.<\/p>\n<p>\u017de prej \u00a0so iz\u00a0uprave za za\u0161\u010dito in re\u0161evanje sporo\u010dili, da se je tragi\u010dna nesre\u010da pripetila\u00a0na Vr\u0161i\u010dih v ob\u010dini Kamnik. Med vzponom v navezi je na alpinista namre\u010d padla skala, ki se je odlomila z zgornjega dela stene.\u00a0<\/p>\n<p>Enaintridesetletnik kljub hitri pomo\u010di soplezalcev nesre\u010de ni pre\u017eivel. Na kraju nesre\u010de so mu prvo pomo\u010d ponudili \u00a0gorski re\u0161evalci GRS Kamnik. Zaradi zahtevnega terena so aktivirali de\u017eurno ekipo GRS Brnik, ki je alpinista s helikopterjem najprej prepeljala\u00a0na Koro\u0161ico, nato pa v dolino.<\/p>\n<p>Drugi \u00a0alpinisti so iz stene sestopili pe\u0161 in se umaknili na varno pred nevihto.<\/p>\n<p>V Gorski re\u0161evalni slu\u017ebi Kamnik so na facebooku zapisali, da je to v zadnjih dneh \u017ee druga nesre\u010da zaradi odlomljene skale. V na\u0161ih gorah je po njihovih navedbah zlasti v za\u010detku poletja na policah \u0161e vedno nalo\u017eenega kamenja, oprimki v stnah pa so lahko razrahljani zaradi vse pogostej\u0161ih menjav zmrzovanj in taljenja snega.<\/p>\n<p>Razlo\u017eili so, da je voda v gorah neko\u010d zamrznila konec jeseni, led ali sneg pa sta se stalila konec pomladi. Danes je zaradi pogostej\u0161ih otoplitev to druga\u010de. \u00bbVsaki\u010d, ko voda zmrzne, se razpoka malenkost raz\u0161iri, saj ima led ve\u010djo prostornino kot voda. Tako prihaja do pogostej\u0161ih ve\u010danj razpok v skali. S tem se mo\u017enosti za odlom pove\u010dujejo,\u00ab so razlo\u017eili v GRS Kamnik. To se sicer dogaja po celem svetu, ne le v slovenskih gorah.<\/p>\n<p>Kamen na glavo<\/p>\n<p>Njihovi kolegi iz GRS Rate\u010de pa so v petek popoldan posredovali v Tamarju. Plezalki sta splezali alpinisti\u010dno smer JLA na na gori Nad \u0160itom glava, ko se je nad njima spro\u017eilo kamenje. 37-letnico je zadelo v glavo in jo hudo po\u0161kodovalo. S policijskim helikopterjem so jo odpeljali v bolni\u0161nico, druga plezalka pa se v nesre\u010di ni po\u0161kdovala.<\/p>\n<p>Mladoletnik si je po\u0161kodoval glavo<\/p>\n<p>S helikopterjem so v soboto okoli poldneva posredovali tudi v primeru nesre\u010de mladoletnika pri Domu na Kofcah. Mladi pohodnik je padel in se po\u0161kodoval. Po navedbah re\u0161evalcev GRS Tr\u017ei\u010d si je fant pri padcu po\u0161kodoval glavo. Del ekipe se je podal na Kofce, preostala ekipa je na postaji \u010dakala nadaljnja navodila.<\/p>\n<p>Aktivirali so tudi helikopter in de\u017eurno ekipo GRS Brnik, skoraj so\u010dasno so prispeli na lokacijo in fanta oskrbeli. S helikopterjem so ga odpeljali v jeseni\u0161ko bolni\u0161nico.<\/p>\n<p>V jeseni\u0161ko bolni\u0161nico so nekaj ur pozneje odpeljali tudi pohodnico, ki si je okoli 15. ure pri sestopu z Vodnikovega doma na Velem polju po\u0161kodovala nogo. Pomagali so ji re\u0161evalci GRS Bohinj in de\u017eurna ekipa GRS Brnik.<\/p>\n<p>V naselju Dolga vas v ob\u010dini Ko\u010devje \u00a0je v soboto nekaj po 9. \u00a0pri sestopu z gradu mo\u0161ki padel v prepad. Na kraj nesre\u010de so odhiteli prostovoljni gasilci PGD Ko\u010devje, gorski re\u0161evalci GRS Ljubljana, re\u0161evalci nujne medicinske pomo\u010di, policija in de\u017eurna ekipa GRS. Po\u0161kodovanega mo\u0161kega so na kraju nesre\u010de oskrbeli in ga prenesli na bli\u017enji travnik, kjer so ga prevzeli re\u0161evalci s helikopterjem in ga odpeljali v ljubljanski klini\u010dni center.<\/p>\n","protected":false},"excerpt":{"rendered":"Med vzponom v navezi je na alpinista padla skala. Simboli\u010dna fotografija: Tina Jereb Plezalec omahnil deset metrov v&hellip;\n","protected":false},"author":2,"featured_media":134850,"comment_status":"","ping_status":"","sticky":false,"template":"","format":"standard","meta":{"footnotes":"","_share_on_mastodon":"0"},"categories":[30],"tags":[36852,12575,11173,703,164,19194,4906,1591,62,37,58,60,38,128,602,22090],"class_list":["post-134849","post","type-post","status-publish","format-standard","has-post-thumbnail","category-kamnik","tag-alpinist","tag-gorska-nesreca","tag-grs-kamnik","tag-helikopter","tag-kamnik","tag-nevihta","tag-plezanje","tag-resevanje","tag-si","tag-slovene","tag-slovenia","tag-slovenija","tag-slovenscina","tag-smrtna-nesreca","tag-varnost-v-gorah","tag-vrsic"],"share_on_mastodon":{"url":"https:\/\/pubeurope.com\/@si\/116787739764698416","error":""},"_links":{"self":[{"href":"https:\/\/www.europesays.com\/si\/wp-json\/wp\/v2\/posts\/134849","targetHints":{"allow":["GET"]}}],"collection":[{"href":"https:\/\/www.europesays.com\/si\/wp-json\/wp\/v2\/posts"}],"about":[{"href":"https:\/\/www.europesays.com\/si\/wp-json\/wp\/v2\/types\/post"}],"author":[{"embeddable":true,"href":"https:\/\/www.europesays.com\/si\/wp-json\/wp\/v2\/users\/2"}],"replies":[{"embeddable":true,"href":"https:\/\/www.europesays.com\/si\/wp-json\/wp\/v2\/comments?post=134849"}],"version-history":[{"count":0,"href":"https:\/\/www.europesays.com\/si\/wp-json\/wp\/v2\/posts\/134849\/revisions"}],"wp:featuredmedia":[{"embeddable":true,"href":"https:\/\/www.europesays.com\/si\/wp-json\/wp\/v2\/media\/134850"}],"wp:attachment":[{"href":"https:\/\/www.europesays.com\/si\/wp-json\/wp\/v2\/media?parent=134849"}],"wp:term":[{"taxonomy":"category","embeddable":true,"href":"https:\/\/www.europesays.com\/si\/wp-json\/wp\/v2\/categories?post=134849"},{"taxonomy":"post_tag","embeddable":true,"href":"https:\/\/www.europesays.com\/si\/wp-json\/wp\/v2\/tags?post=134849"}],"curies":[{"name":"wp","href":"https:\/\/api.w.org\/{rel}","templated":true}]}}