{"id":134879,"date":"2026-06-21T11:42:09","date_gmt":"2026-06-21T11:42:09","guid":{"rendered":"https:\/\/www.europesays.com\/si\/134879\/"},"modified":"2026-06-21T11:42:09","modified_gmt":"2026-06-21T11:42:09","slug":"bagnaia-zmagovalec-sprinta-v-brnu-bezzecchi-v-pesku","status":"publish","type":"post","link":"https:\/\/www.europesays.com\/si\/134879\/","title":{"rendered":"Bagnaia zmagovalec sprinta v Brnu, Bezzecchi v pesku"},"content":{"rendered":"<p>Italijan Francesco Bagnaia (Ducati) je zmagovalec sprinterske dirke svetovnega prvenstva v \u010de\u0161kem Brnu v razredu motoGP. Drugi je bil Japonec Ai Ogura (Trackhouse Aprilia), tretji pa svetovni prvak \u0160panec Marc Marquez (Ducati). Vodilni v SP Italijan Marco Bezzecchi (Aprilia) je odstopil.<\/p>\n<p>Dopoldanske kvalifikacije je dobil Ogura, kar je bil zanj prvi najbolj\u0161i startni polo\u017eaj na dirki svetovnega prvenstva v elitnem razredu.<\/p>\n<p>Prvo vrsto sta si privozila \u0161e Italijana Fabio Di Giannantonio (Ducati VR46) ter Bagnaia, vodilni v SP Bezzecchi na tovarni\u0161ki Aprilii je kon\u010dal na \u010detrtem mestu, svetovni prvak Marc Marquez pa na petem.<\/p>\n<p>Start sprinta razmerij ni bistveno spremenil, je pa najbolje za\u010del Bagnaia in si \u017ee po dveh zavojih privozil prvo mesto, ki ga do konca ni ve\u010d spustil iz rok. Ogura je tako eno mesto izgubil, a je brez ve\u010djih te\u017eav ubranil drugo, na tretjem pa se je hitro zna\u0161el Marc Marquez.<\/p>\n<p>Tak\u0161en vrstni red je ostal nespremenjen vseh deset krogov sprinterske dirke. Ogura se je ob koncu sicer pribli\u017eal, a ne dovolj, da bi lahko napadel Bagnaio na prvem mestu.<\/p>\n<p>Nekaj ve\u010d dogajanja je bilo za vodilno skupino; \u017ee v prvem krogu je po napaki v pesek zdrsnil \u0161panski veteran Maverick Vinales (KTM Tech3), od dirka\u010dev, ki so krojili razplet pod vrhom, pa v \u0161estem krogu njegov rojak Pedro Acosta s tovarni\u0161kim motociklom KTM, ki je bil takrat na \u0161estem mestu.<\/p>\n<p>Vodilna v SP, Apriliina dirka\u010da Bezzecchi in Martin, sta ve\u010dino dirke vozila skupaj, potem pa je tri kroge pred koncem napako naredil Italijan in zletel v pesek. Martin je tako pridobil eno mesto, na koncu je bil za Di Giannantoniom peti, tako da je v se\u0161tevku malenkost zmanj\u0161al zaostanek. Bezzecchi je ostal pri 180 to\u010dkah, Martin jih ima zdaj 165, Di Giannantonio je tretji (144).<\/p>\n<p dir=\"ltr\" lang=\"en\">A better look at what happened to Marco Bezzecchi \ud83d\udc40<a href=\"https:\/\/x.com\/hashtag\/CzechGP?src=hash&amp;ref_src=twsrc%5Etfw\" rel=\"nofollow\">#CzechGP<\/a> \ud83c\udde8\ud83c\uddff <a href=\"https:\/\/t.co\/o2UizstOhk\" rel=\"nofollow\">pic.twitter.com\/o2UizstOhk<\/a><\/p>\n<p>\u2014 MotoGP\u2122\ud83c\udfc1 (@MotoGP) <a href=\"https:\/\/x.com\/MotoGP\/status\/2068324548332736886?ref_src=twsrc%5Etfw\" rel=\"nofollow\">June 20, 2026<\/a><\/p>\n<p>&#8220;Zadovoljen sem s tretjim mestom, izbrali smo prave nastavitve in obenem \u017ee malo preverili stvari za dalj\u0161o dirko,&#8221; je za prireditelje po dirki dejal Marquez.<\/p>\n<p>&#8220;Imel sem te\u017eave s sprednjo gumo. Upal sem, da bom lahko na koncu dirke \u0161e kaj dodal, toda ni \u0161lo. To je bilo to za danes, jutri bo nova prilo\u017enost,&#8221; pa je dirko ocenil Ogura.<\/p>\n<p>&#8220;Dobro smo izbrali gume za razliko od nekaterih prej\u0161njih dirk. Vesel sem, prva dva kroga sta odlo\u010dila, zato sem mo\u010dno pritisnil in potem sku\u0161al samo \u0161e nadzorovati. V zadnjih krogih je bilo preve\u010d vibracij na motorju, a sem vseeno zadr\u017eal Oguro. Upam, da bo jutri podobno,&#8221; pa je bil zadovoljen zmagovalec Bagnaia.<\/p>\n<p>Klasi\u010dna preizku\u0161nja motoGP v Brnu bo na vrsti v nedeljo ob 14. uri.<\/p>\n<p>Preberite \u0161e:<\/p>\n<p>                <script async src=\"https:\/\/platform.twitter.com\/widgets.js\" charset=\"utf-8\"><\/script><\/p>\n","protected":false},"excerpt":{"rendered":"Italijan Francesco Bagnaia (Ducati) je zmagovalec sprinterske dirke svetovnega prvenstva v \u010de\u0161kem Brnu v razredu motoGP. Drugi je&hellip;\n","protected":false},"author":2,"featured_media":134880,"comment_status":"","ping_status":"","sticky":false,"template":"","format":"standard","meta":{"footnotes":"","_share_on_mastodon":"0"},"categories":[16],"tags":[4774,3895,15010,3896,4773,3894,62,37,58,60,38,94,93],"class_list":["post-134879","post","type-post","status-publish","format-standard","has-post-thumbnail","category-sport","tag-aprilia","tag-ducati","tag-francesco-bagnaia","tag-marc-marquez","tag-marco-bezzecchi","tag-motogp","tag-si","tag-slovene","tag-slovenia","tag-slovenija","tag-slovenscina","tag-sport","tag-sports"],"share_on_mastodon":{"url":"https:\/\/pubeurope.com\/@si\/116787920473212568","error":""},"_links":{"self":[{"href":"https:\/\/www.europesays.com\/si\/wp-json\/wp\/v2\/posts\/134879","targetHints":{"allow":["GET"]}}],"collection":[{"href":"https:\/\/www.europesays.com\/si\/wp-json\/wp\/v2\/posts"}],"about":[{"href":"https:\/\/www.europesays.com\/si\/wp-json\/wp\/v2\/types\/post"}],"author":[{"embeddable":true,"href":"https:\/\/www.europesays.com\/si\/wp-json\/wp\/v2\/users\/2"}],"replies":[{"embeddable":true,"href":"https:\/\/www.europesays.com\/si\/wp-json\/wp\/v2\/comments?post=134879"}],"version-history":[{"count":0,"href":"https:\/\/www.europesays.com\/si\/wp-json\/wp\/v2\/posts\/134879\/revisions"}],"wp:featuredmedia":[{"embeddable":true,"href":"https:\/\/www.europesays.com\/si\/wp-json\/wp\/v2\/media\/134880"}],"wp:attachment":[{"href":"https:\/\/www.europesays.com\/si\/wp-json\/wp\/v2\/media?parent=134879"}],"wp:term":[{"taxonomy":"category","embeddable":true,"href":"https:\/\/www.europesays.com\/si\/wp-json\/wp\/v2\/categories?post=134879"},{"taxonomy":"post_tag","embeddable":true,"href":"https:\/\/www.europesays.com\/si\/wp-json\/wp\/v2\/tags?post=134879"}],"curies":[{"name":"wp","href":"https:\/\/api.w.org\/{rel}","templated":true}]}}