{"id":135930,"date":"2026-06-22T12:06:09","date_gmt":"2026-06-22T12:06:09","guid":{"rendered":"https:\/\/www.europesays.com\/si\/135930\/"},"modified":"2026-06-22T12:06:09","modified_gmt":"2026-06-22T12:06:09","slug":"green-boots-po-30-letih-bodo-njegove-posmrtne-ostanke-prepeljali-v-dolino","status":"publish","type":"post","link":"https:\/\/www.europesays.com\/si\/135930\/","title":{"rendered":"&#8220;Green boots&#8221;: Po 30 letih bodo njegove posmrtne ostanke prepeljali v dolino"},"content":{"rendered":"<p>Pribli\u017eno 30 let po njegovi smrti bodo z Mount Everesta prepeljali truplo skrivnostnega alpinista, ki mu pravijo &#8220;Green boots&#8221;.<\/p>\n<p>V nadaljevanju preberite:<\/p>\n<p>Po skoraj 30 letih \u017eelijo z Mount Everesta odstraniti posmrtne ostanke alpinista, znanega kot Green Boots.\u00a0<br \/>\nOperacija bo potekala v smrtonosnem obmo\u010dju nad 8000 metri, kjer re\u0161evalce \u010dakajo ekstremne razmere.<br \/>\nGreen Boots je desetletja veljal za srhljiv opomin na nevarnosti osvajanja Everesta.<\/p>\n<p>Na severovzhodni poti najvi\u0161je gore sveta \u017ee pribli\u017eno 30 let le\u017eijo posmrtni ostanki neznanega alpinista, ki mu zaradi zelenih \u010devljev pravijo &#8220;Green boots&#8221; (zeleni \u0161kornji). Njegovi posmrtni ostanki\u00a0veljajo za srhljiv opomin na nevarnosti visokogorskih\u00a0vzponov, ki so zahtevali \u017ee ne\u0161teto smrtnih \u017ertev.<\/p>\n<p>Operacija bo potekala v tako imenovanem obmo\u010dju smrti nad 8000 metri, kjer se bo ekipa\u00a0borila\u00a0z ekstremnim\u00a0pomanjkanjem kisika. Indijsko-tibetanska mejna policija (ITBP) trenutno i\u0161\u010de podjetje, specializirano za re\u0161evanje na visoki nadmorski vi\u0161ini, ki mu bo pri delu pomagala ekipa izku\u0161enih \u0161erp. Na\u010drt predvideva, da\u00a0bodo truplo v dolino prinesli po tibetanski strani. Delo se bo za\u010delo med junijem in septembrom, poro\u010da \u010dasopis Tribune.<\/p>\n<p>Za re\u0161evanje trupla potrebujejo vsaj \u0161est izku\u0161enih \u0161erp s specializiranim znanjem o tehni\u010dnih operacijah re\u0161evanja na nadmorskih vi\u0161inah nad 8000 metrov. Poleg tega mora podjetje pridobiti dovoljenja kitajskih oblasti v Tibetu za prevoz trupla \u010dez mejo med Tibetom in Nepalom.<\/p>\n<p>O tem alpinistu se je za\u010delo govoriti po\u00a0tragediji na Mount Everestu leta 1996. Ker re\u0161evanje na ekstremnih vi\u0161inah velja za izjemno nevarno, je pokojni mo\u0161ki, oble\u010den v zelene gorni\u0161ke \u010devlje, ostal na gori.\u00a0Truplo, ki so ga nizke temperature ohranile, je postalo grozljiv spomenik za \u017eive, saj so \u0161tevilni plezalci, ki so posku\u0161ali dose\u010di vrh po severovzhodni poti, morali mimo njega.<\/p>\n<p>Identiteta nesre\u010dnika do danes ni bila potrjena. Po podatkih ITBP gre za Dorjeja Morupa (47), drugi alpinisti pa verjamejo, da posmrtni ostanki pripadajo indijskemu alpinistu Tsewangu Paljorju (28),\u00a0nekdanjemu \u010dastniku indo-tibetanske mejne policije.<\/p>\n<p>Oba sta bila 10. maja 1996 del \u0161est\u010dlanske odprave, ki jo je ustavila nevihta. Medtem ko so se trije zaradi slabega vremena obrnili, sta Morup in Paljor skupaj s Tsewangom Samanlo nadaljevala vzpon in kmalu zatem umrla na gori.<\/p>\n<p dir=\"ltr\" lang=\"en\">For more than two decades, hundreds of climbers near the summit of Mount Everest have passed by &#8220;Green Boots,&#8221; a fallen mountaineer who perished there in 1996.<\/p>\n<p>To this day, climbers use the body of Green Boots as a landmark to know they&#8217;re near the top.\u2060<\/p>\n<p>Even though\u2026 <a href=\"https:\/\/t.co\/dVXOaqKYaM\" rel=\"nofollow\">pic.twitter.com\/dVXOaqKYaM<\/a><\/p>\n<p>\u2014 Rare Stories (@rarestorees) <a href=\"https:\/\/x.com\/rarestorees\/status\/1683807656924831745?ref_src=twsrc%5Etfw\" rel=\"nofollow\">July 25, 2023<\/a><\/p>\n<p>                                            <script async src=\"https:\/\/platform.twitter.com\/widgets.js\" charset=\"utf-8\"><\/script><\/p>\n","protected":false},"excerpt":{"rendered":"Pribli\u017eno 30 let po njegovi smrti bodo z Mount Everesta prepeljali truplo skrivnostnega alpinista, ki mu pravijo &#8220;Green&hellip;\n","protected":false},"author":2,"featured_media":135931,"comment_status":"","ping_status":"","sticky":false,"template":"","format":"standard","meta":{"footnotes":"","_share_on_mastodon":"0"},"categories":[8],"tags":[37164,27908,37,38,64,63],"class_list":["post-135930","post","type-post","status-publish","format-standard","has-post-thumbnail","category-svet","tag-green-boots","tag-mount-everest","tag-slovene","tag-slovenscina","tag-svet","tag-world"],"share_on_mastodon":{"url":"https:\/\/pubeurope.com\/@si\/116793677313573369","error":""},"_links":{"self":[{"href":"https:\/\/www.europesays.com\/si\/wp-json\/wp\/v2\/posts\/135930","targetHints":{"allow":["GET"]}}],"collection":[{"href":"https:\/\/www.europesays.com\/si\/wp-json\/wp\/v2\/posts"}],"about":[{"href":"https:\/\/www.europesays.com\/si\/wp-json\/wp\/v2\/types\/post"}],"author":[{"embeddable":true,"href":"https:\/\/www.europesays.com\/si\/wp-json\/wp\/v2\/users\/2"}],"replies":[{"embeddable":true,"href":"https:\/\/www.europesays.com\/si\/wp-json\/wp\/v2\/comments?post=135930"}],"version-history":[{"count":0,"href":"https:\/\/www.europesays.com\/si\/wp-json\/wp\/v2\/posts\/135930\/revisions"}],"wp:featuredmedia":[{"embeddable":true,"href":"https:\/\/www.europesays.com\/si\/wp-json\/wp\/v2\/media\/135931"}],"wp:attachment":[{"href":"https:\/\/www.europesays.com\/si\/wp-json\/wp\/v2\/media?parent=135930"}],"wp:term":[{"taxonomy":"category","embeddable":true,"href":"https:\/\/www.europesays.com\/si\/wp-json\/wp\/v2\/categories?post=135930"},{"taxonomy":"post_tag","embeddable":true,"href":"https:\/\/www.europesays.com\/si\/wp-json\/wp\/v2\/tags?post=135930"}],"curies":[{"name":"wp","href":"https:\/\/api.w.org\/{rel}","templated":true}]}}