{"id":136036,"date":"2026-06-22T13:33:09","date_gmt":"2026-06-22T13:33:09","guid":{"rendered":"https:\/\/www.europesays.com\/si\/136036\/"},"modified":"2026-06-22T13:33:09","modified_gmt":"2026-06-22T13:33:09","slug":"boston-skotom-v-poslovilnem-pismu-prisli-ste-zaradi-nogometa-dali-pa-ste-nam-veliko-vec","status":"publish","type":"post","link":"https:\/\/www.europesays.com\/si\/136036\/","title":{"rendered":"Boston \u0160kotom v poslovilnem pismu: &#8220;Pri\u0161li ste zaradi nogometa, dali pa ste nam veliko ve\u010d&#8221;"},"content":{"rendered":"<p>\t\t\t\t\t\t\t\t<a href=\"https:\/\/www.europesays.com\/si\/wp-content\/uploads\/2026\/06\/67055326.jpg\" itemprop=\"contentUrl\" data-size=\"1200x800\" data-large=\"https:\/\/www.europesays.com\/si\/wp-content\/uploads\/2026\/06\/67055326.jpg\"><br \/>\n\t\t\t\t\t\t\t\t\t<img decoding=\"async\" src=\"https:\/\/www.europesays.com\/si\/wp-content\/uploads\/2026\/06\/67055326.jpg\" title=\"Fotografija je simboli\u010dna. Foto: AP\" alt=\"Fotografija je simboli\u010dna. Foto: AP\"\/><br \/>\n\t\t\t\t\t\t\t\t<\/a><\/p>\n<p>\t\t\t\t\t\t\t\t\tFotografija je simboli\u010dna. Foto: AP<\/p>\n<p>Ni vsak dan, da mesto navija\u010dem druge dr\u017eave ob odhodu pripravi skoraj ljubezensko pismo. A prav to se je zgodilo v Bostonu, kjer so \u0161kotski navija\u010di med svetovnim prvenstvom o\u010ditno zasedli ve\u010d kot le tribune. Potem ko je \u0161kotska reprezentanca v Bostonu odigrala prvi dve tekmi svetovnega prvenstva, so se podporniki \u0160kotske, ki se jih re\u010de tudi Tartan Army, odpravili proti Miamiju, kjer reprezentanco \u010daka \u0161e zadnji obra\u010dun skupinskega dela proti Braziliji.<\/p>\n<p>Oglas<\/p>\n<p>Ob slovesu pa jih je \u010dakalo presene\u010denje. Najve\u010dji bostonski \u010dasopis The Boston Globe, ki izhaja \u017ee od leta 1872, je \u0161kotskim navija\u010dem namenil celotno stran z zahvalnim sporo\u010dilom.<br \/>&#8220;Draga Tartan Army. Pri\u0161li ste zaradi svetovnega prvenstva, a nam dali veliko ve\u010d. Za en teden ste \u017eelezni\u0161ke postaje spremenili v skupinsko petje, stadion Fenway Park v nogometno igri\u0161\u010de, navaden junij pa v nekaj, o \u010demer bomo govorili \u0161e leta,&#8221; so zapisali. Dodali so, da je Boston gostil \u017ee ne\u0161teto parad, slavij in velikih \u0161portnih dogodkov, vendar \u0161e nikoli ni gostil gostov, kot so bili \u0161kotski navija\u010di, ki so navdu\u0161eni nad dejstvom, da se je \u0160kotska prvi\u010d po 1998 uvrstila na svetovno prvenstvo v nogometu. &#8220;Hvala za smeh, dude in spomine. Svetovno prvenstvo se bo nadaljevalo. Pesmi bodo potihnile, a veselja, ki ste ga prinesli v na\u0161e mesto, ne bomo nikoli pozabili.&#8221;<\/p>\n<p>Tudi med tekmo bejzbolske ekipe Boston Red Sox so ukradli precej pozornosti doma\u010dim navija\u010dem. Po poro\u010danju britanskih medijev je bilo vzdu\u0161je med doma\u010dini in \u0161kotskimi navija\u010di tako dobro, da naj bi Boston in Glasgow v prihodnje celo uradno postala pobrateni mesti, pravi The Sun. Ob slovesu se je oglasil tudi predsednik kluba Boston Red Sox Sam Kennedy, ki je v pismu \u0160kotski nogometni zvezi zapisal, da bo &#8220;prevzem Fenway Parka s strani Tartan Army ostal nepozaben&#8221;.<\/p>\n<p>Oglas<\/p>\n","protected":false},"excerpt":{"rendered":"Fotografija je simboli\u010dna. Foto: AP Ni vsak dan, da mesto navija\u010dem druge dr\u017eave ob odhodu pripravi skoraj ljubezensko&hellip;\n","protected":false},"author":2,"featured_media":136037,"comment_status":"","ping_status":"","sticky":false,"template":"","format":"standard","meta":{"footnotes":"","_share_on_mastodon":"0"},"categories":[16],"tags":[37191,37190,62,37192,37,58,60,38,94,93,1981,35073],"class_list":["post-136036","post","type-post","status-publish","format-standard","has-post-thumbnail","category-sport","tag-boston-globe","tag-fenway-park","tag-si","tag-skotski-navijaci","tag-slovene","tag-slovenia","tag-slovenija","tag-slovenscina","tag-sport","tag-sports","tag-svetovno-prvenstvo","tag-tartan-army"],"share_on_mastodon":{"url":"https:\/\/pubeurope.com\/@si\/116794019300615812","error":""},"_links":{"self":[{"href":"https:\/\/www.europesays.com\/si\/wp-json\/wp\/v2\/posts\/136036","targetHints":{"allow":["GET"]}}],"collection":[{"href":"https:\/\/www.europesays.com\/si\/wp-json\/wp\/v2\/posts"}],"about":[{"href":"https:\/\/www.europesays.com\/si\/wp-json\/wp\/v2\/types\/post"}],"author":[{"embeddable":true,"href":"https:\/\/www.europesays.com\/si\/wp-json\/wp\/v2\/users\/2"}],"replies":[{"embeddable":true,"href":"https:\/\/www.europesays.com\/si\/wp-json\/wp\/v2\/comments?post=136036"}],"version-history":[{"count":0,"href":"https:\/\/www.europesays.com\/si\/wp-json\/wp\/v2\/posts\/136036\/revisions"}],"wp:featuredmedia":[{"embeddable":true,"href":"https:\/\/www.europesays.com\/si\/wp-json\/wp\/v2\/media\/136037"}],"wp:attachment":[{"href":"https:\/\/www.europesays.com\/si\/wp-json\/wp\/v2\/media?parent=136036"}],"wp:term":[{"taxonomy":"category","embeddable":true,"href":"https:\/\/www.europesays.com\/si\/wp-json\/wp\/v2\/categories?post=136036"},{"taxonomy":"post_tag","embeddable":true,"href":"https:\/\/www.europesays.com\/si\/wp-json\/wp\/v2\/tags?post=136036"}],"curies":[{"name":"wp","href":"https:\/\/api.w.org\/{rel}","templated":true}]}}