{"id":136199,"date":"2026-06-22T16:03:12","date_gmt":"2026-06-22T16:03:12","guid":{"rendered":"https:\/\/www.europesays.com\/si\/136199\/"},"modified":"2026-06-22T16:03:12","modified_gmt":"2026-06-22T16:03:12","slug":"to-je-tragedija-hrvaski-biser-kazi-gora-gorecih-odpadkov-pozara-se-ne-da-pogasiti","status":"publish","type":"post","link":"https:\/\/www.europesays.com\/si\/136199\/","title":{"rendered":"\u00bbTo je tragedija\u00ab: hrva\u0161ki biser kazi gora gore\u010dih odpadkov, po\u017eara se ne da pogasiti"},"content":{"rendered":"<p>    <img decoding=\"async\" data-lb-desktop=\"\/media\/2026\/06\/22\/840862\/Orig-PXL_130526_151718102-1200.webp\" data-lb-mobile=\"\/media\/2026\/06\/22\/840862\/Orig-PXL_130526_151718102-600.webp\" class=\"main-gallery-image se_image_lb\" src=\"https:\/\/www.europesays.com\/si\/wp-content\/uploads\/2026\/06\/Wide-PXL_130526_151718102-1000.webp\" alt=\"13.05.2026., Vis. - Tijekom noci na istocnoj strani Visa buknuo je veliki pozar. Photo: Zvonimir Barisin\/PIXSELL\"\/><\/p>\n<p>Odpadki ne nelegalnem odlagali\u0161\u010du nedale\u010d od mesta Vis na istoimenskem otoku se pogosto vnamejo in jih ni mogo\u010de povsem pogasiti. Foto: Pixsell<\/p>\n<p>\u00bbTo je tragedija\u00ab: hrva\u0161ki biser kazi gora gore\u010dih odpadkov, po\u017eara se ne da pogasiti<\/p>\n<p>Na Visu, enem najlep\u0161ih hrva\u0161kih otokov, se \u017ee skoraj dve leti spopadajo z resno okoljsko in zdravstveno gro\u017enjo. Na gromozanskem nelegalnem smeti\u0161\u010du nenehno tlijo odpadki, pristojni pa odgovornost prelagajo drug na drugega.<\/p>\n<p>                        22. 06. 2026, 12.27\n                    <\/p>\n<p> mg\n                    <\/p>\n<p>                        <a href=\"https:\/\/google.com\/preferences\/source?q=dnevnik.si\" class=\"se-author-gps-cta\" target=\"_blank\" rel=\"nofollow noopener\"><br \/>\n                            <img decoding=\"async\" class=\"se-author-gps-cta-badge\" src=\"https:\/\/www.europesays.com\/si\/wp-content\/uploads\/2026\/06\/1782137228_948_dnevnik_gps_badge.png\" alt=\"Google Preferred Sources CTA\"\/><br \/>\n                        <\/a><\/p>\n<p>\u00bbVideti je bilo \u010drne plamene, valil se je dim, po vsem otoku so leteli smeti in pepel, bilo je kot v filmu Dan potem,\u00ab\u00a0opisuje doma\u010din z Visa. Prebivalci otoka, ki je sicer znan po neokrnjeni naravi in \u010distem morju, se namre\u010d \u017ee skoraj dve leti spopadajo z resno okoljsko in zdravstveno gro\u017enjo, saj na ilegalnem odlagali\u0161\u010du odpadkov neprekinjeno tli ogenj.\u00a0<\/p>\n<p>Gre za nelegalno odlagali\u0161\u010de ob trdnjavi Wellington, ki je od sredi\u0161\u010da mesta Vis oddaljena\u00a0le kilometer in pol zra\u010dne linije. Zaradi po\u017earov na smeti\u0161\u010du ta del otoka pogosto prekriva dim, tamkaj\u0161nji prebivalci in turisti poro\u010dajo tudi o neznosnem smradu, pi\u0161e morski.hr.<\/p>\n<p>        <img decoding=\"async\" data-lb-desktop=\"\/media\/2026\/06\/22\/840870\/Orig-deponija-vis-1200.webp\" data-lb-mobile=\"\/media\/2026\/06\/22\/840870\/Orig-deponija-vis-600.webp\" class=\"se_image se_image_lb\" src=\"https:\/\/www.europesays.com\/si\/wp-content\/uploads\/2026\/06\/Orig-deponija-vis-1000.webp\" alt=\"Deponija Vis\"\/><\/p>\n<p>Smeti\u0161\u010de le\u017ei nedale\u010d od trdnjave Wellington z za\u010detka 19. stoletja. Foto: Google maps<\/p>\n<p>Nenehni samov\u017eigi<\/p>\n<p>\u00bbLjudje mislijo, da je to odlagali\u0161\u010de odpadkov kot vsako drugo, pa ni. To je vse prej kot obi\u010dajno smeti\u0161\u010de. To je brezno, v katero\u00a0me\u010dejo smeti, nato pa te odpadke zasujejo in to brezno samo raste, raste, raste,\u00ab opisuje poveljnik prostovoljnega gasilskega dru\u0161tva Vis Toni Mratini\u0107.<\/p>\n<p>Stroka pojasnjuje, da je po\u017ear nemogo\u010de popolnoma pogasiti. \u00bbTa po\u017ear gori \u017ee od avgusta 2024. Sanacije ni mogo\u010de izvesti, ker so pome\u0161ani biolo\u0161ki odpadki, les, plastika in drugi materiali. To vodi do oksidacije in nastajanja toplote. Biolo\u0161ki odpadki spro\u0161\u010dajo plin metan, ki je vnetljiv, in pod dolo\u010denimi pogoji pride do samov\u017eiga,\u00ab je pojasnil Zvonko Rumenjak,\u00a0sodni izvedenec za po\u017eare.\u00a0<\/p>\n<p>    <a class=\"se-card__wrap se-card--link\" href=\"https:\/\/www.dnevnik.si\/novice\/svet\/brez-plasticnih-kozarcev-slamic-in-vreck-zagreb-uvaja-nove-okoljske-ukrepe-2811055\/\" data-upscore-url=\"\" rel=\"nofollow noopener\" target=\"_blank\"><\/p>\n<p>        <img decoding=\"async\" class=\"se-image se-image--card\" src=\"https:\/\/www.europesays.com\/si\/wp-content\/uploads\/2026\/06\/Wide-iStock-1280899184-400.webp\" alt=\"Old disposable coffee cup in the forest. Plastic recycling, pollution and global warming theme. Take away food industries impact on the environments.\"\/><\/p>\n<p>odlok<\/p>\n<p>Brez plasti\u010dnih kozarcev, slamic in vre\u010dk: Zagreb uvaja nove okoljske ukrepe<\/p>\n<p>    <\/a><\/p>\n<p>Pred volitvami obljubljali sanacijo<\/p>\n<p>Nezakonito odlagali\u0161\u010de upravlja mestno podjetje Gradina. \u00bbNa otoku Vis\u00a0ni nobenega drugega odlagali\u0161\u010da,\u00ab\u00a0pravi direktor Vicko Svili\u010di\u0107, ki priznava, da odlaganje odpadkov poteka brez dovoljenj. \u00bbTo je preprosto podedovano stanje, postopki so po\u010dasni, vpletenih je veliko akterjev in zagotovo bo trajalo \u0161e nekaj \u010dasa,\u00ab\u00a0njegove besede povzema morski.hr.<\/p>\n<p>\u010ceprav se je pred letom dni po lokalnih volitvah zamenjala oblast, sprememb za zdaj ni. Vladajo\u010di so sicer predvolilno kampanjo gradili prav na obljubah o sanaciji tega obmo\u010dja.\u00a0<\/p>\n<p>    <a class=\"se-card__wrap se-card--link\" href=\"https:\/\/www.dnevnik.si\/nedeljski\/aktualno\/kako-pravilno-odlagamo-odpadke-bioloske-odpadke-v-zabojnike-brez-vreck-2795748\/\" data-upscore-url=\"\" rel=\"nofollow noopener\" target=\"_blank\"><\/p>\n<p>        <img decoding=\"async\" class=\"se-image se-image--card\" src=\"https:\/\/www.europesays.com\/si\/wp-content\/uploads\/2026\/06\/Wide-785930-400.webp\" alt=\"- 23.7.2018 - Snaga, smetnjak, biolo?ki odpadki, ?rvi, smetiFoto: Matja? Ru?t \/ Foto: Matja? Ru?t\"\/><\/p>\n<p>Odlaganje odpadkov<\/p>\n<p>Kako in kam z biolo\u0161kimi odpadki? Plastika v rjavih zabojnikih je velika napaka<\/p>\n<p>    <\/a><\/p>\n<p>Re\u0161itve pred letom 2028 najbr\u017e ne bo<\/p>\n<p>Trenutni \u017eupan Visa Hrvoje Mratini\u0107 zagotavlja, da je situacija pod nadzorom in da so po letu dni \u017ee za\u010deli prve\u00a0korake\u00a0za sanacijo. Izvedli so termovizijsko snemanje in gradivo predali svetovalnemu podjetju, ki bo pripravilo strokovni elaborat, odpadke pa medtem odlagajo na dele, ki naj ne bi bili nevarni.\u00a0<\/p>\n<p>Kljub temu \u017eupan priznava, da te\u017eave ne bo mogo\u010de dokon\u010dno re\u0161iti vse do konca leta 2028, ko je predvideno odprtje regijskega centra za ravnanje z odpadki Le\u0107evica.\u00a0<\/p>\n<p>Doma\u010dini so nad tem zgro\u017eeni. \u00bbTo je velika tragedija, \u0161e posebej, \u010de vidite, kak\u0161ni so zalivi, kak\u0161no je morje \u2026 \u010ce se to ne re\u0161i, bomo prihodnjim generacijam zapustili raka, bolezni in ni\u010d dobrega,\u00ab\u00a0je za hrva\u0161ke medije dejal eden od doma\u010dinov.<\/p>\n","protected":false},"excerpt":{"rendered":"Odpadki ne nelegalnem odlagali\u0161\u010du nedale\u010d od mesta Vis na istoimenskem otoku se pogosto vnamejo in jih ni mogo\u010de&hellip;\n","protected":false},"author":2,"featured_media":136200,"comment_status":"","ping_status":"","sticky":false,"template":"","format":"standard","meta":{"footnotes":"","_share_on_mastodon":"0"},"categories":[20],"tags":[19245,32,585,35,37231,31,34,18197,36,760,37232,37,38,33,37230],"class_list":["post-136199","post","type-post","status-publish","format-standard","has-post-thumbnail","category-novice","tag-dim","tag-headlines","tag-hrvaska","tag-najpomembnejse-novice","tag-nelegalno-odlagalisce","tag-news","tag-novice","tag-okoljska-groznja","tag-osrednje-novice","tag-pozar","tag-samovzigi","tag-slovene","tag-slovenscina","tag-top-stories","tag-vis"],"share_on_mastodon":{"url":"https:\/\/pubeurope.com\/@si\/116794609093256824","error":""},"_links":{"self":[{"href":"https:\/\/www.europesays.com\/si\/wp-json\/wp\/v2\/posts\/136199","targetHints":{"allow":["GET"]}}],"collection":[{"href":"https:\/\/www.europesays.com\/si\/wp-json\/wp\/v2\/posts"}],"about":[{"href":"https:\/\/www.europesays.com\/si\/wp-json\/wp\/v2\/types\/post"}],"author":[{"embeddable":true,"href":"https:\/\/www.europesays.com\/si\/wp-json\/wp\/v2\/users\/2"}],"replies":[{"embeddable":true,"href":"https:\/\/www.europesays.com\/si\/wp-json\/wp\/v2\/comments?post=136199"}],"version-history":[{"count":0,"href":"https:\/\/www.europesays.com\/si\/wp-json\/wp\/v2\/posts\/136199\/revisions"}],"wp:featuredmedia":[{"embeddable":true,"href":"https:\/\/www.europesays.com\/si\/wp-json\/wp\/v2\/media\/136200"}],"wp:attachment":[{"href":"https:\/\/www.europesays.com\/si\/wp-json\/wp\/v2\/media?parent=136199"}],"wp:term":[{"taxonomy":"category","embeddable":true,"href":"https:\/\/www.europesays.com\/si\/wp-json\/wp\/v2\/categories?post=136199"},{"taxonomy":"post_tag","embeddable":true,"href":"https:\/\/www.europesays.com\/si\/wp-json\/wp\/v2\/tags?post=136199"}],"curies":[{"name":"wp","href":"https:\/\/api.w.org\/{rel}","templated":true}]}}