{"id":136286,"date":"2026-06-22T17:32:12","date_gmt":"2026-06-22T17:32:12","guid":{"rendered":"https:\/\/www.europesays.com\/si\/136286\/"},"modified":"2026-06-22T17:32:12","modified_gmt":"2026-06-22T17:32:12","slug":"davek-na-zivali-je-domislica-golobove-vlade","status":"publish","type":"post","link":"https:\/\/www.europesays.com\/si\/136286\/","title":{"rendered":"Davek na \u017eivali je domislica Golobove vlade"},"content":{"rendered":"<p style=\"text-align: justify;\">Levi\u010darska opozicija na \u010delu s stranko Levica in Gibanjem Svoboda o\u010dita stranki Resni.ca, da ho\u010dejo z novelo Zakona o veterinarstvu uvesti davek na \u017eivali. Pravzaprav pa so to, kar sedaj o\u010ditajo drugim, hoteli uvesti ravno sami, ko so bili na oblasti.<\/p>\n<p style=\"text-align: justify;\">V osrednjih medijih lahko znova poslu\u0161amo rohnenje opozicije in njenih pribo\u010dnikov iz vrst nevladnikov, tokrat o tem, da naj bi se sku\u0161alo preko novele Zakona o veterinarstvu, ki ga je predlagala poslanka Resni.ce Katja Kokot uvajati davek na pse in ma\u010dke. Resni.ca opozarja, da gre pri tem za politi\u010dne manipulacije stranke Roberta Goloba.<\/p>\n<p>Preberite tudi: <a href=\"https:\/\/nova24tv.si\/zapuscina-golobove-vlade-bo-tako-draga-da-bo-vsem-povzrocala-glavobole\/\" rel=\"nofollow noopener\" target=\"_blank\">Zapu\u0161\u010dina Golobove vlade bo tako draga, da bo vsem povzro\u010dala glavobole | Nova24TV<\/a> <\/p>\n<p style=\"text-align: justify;\">Obenem izpostavljajo, da se je mo\u017enost uvedbe namenskega prispevka za lastnike hi\u0161nih ljubljen\u010dkov odpirala prav v \u010dasu njegovega mandata. \u201cZato je najmanj nenavadno, da danes prav Svoboda drugim o\u010dita nekaj, o \u010demer je sama resno razpravljala\u201d, dodajajo.<\/p>\n<p><img fetchpriority=\"high\" decoding=\"async\" class=\"wp-image-977406\" src=\"https:\/\/www.europesays.com\/si\/wp-content\/uploads\/2026\/06\/20260507-01536460-400x267.jpg.webp\" alt=\"\" width=\"661\" height=\"441\"  \/>Poslanka Resnice Katja Kokot.<\/p>\n<p style=\"text-align: justify;\">O sami noveli zakoni pa so zapisali, da bi \u017ee obstoje\u010d zakon uskladila tako, da bi njegovi amandmaji \u201czasledovali cilj dobrobiti \u017eivali ter uredili dostop do nujne veterinarske pomo\u010di za male in velike \u017eivali.\u201d V nadaljevanju sporo\u010dajo \u0161e: \u201cZ zakonom bomo ponudili okvir, na podlagi katerega bo pristojno ministrstvo zagotovilo financiranje stalne veterinarske pripravljenosti. Tako ponovno poudarjamo, da ne uvajamo davka na \u017eivali.\u201d<\/p>\n<p><img loading=\"lazy\" decoding=\"async\" class=\"wp-image-984317\" src=\"https:\/\/www.europesays.com\/si\/wp-content\/uploads\/2026\/06\/20200515-01004897-400x300.jpg.webp\" alt=\"\" width=\"628\" height=\"471\"  \/>Foto: STA<\/p>\n<p style=\"text-align: justify;\">Poslanka Katja Kokot se je lo\u010deno odzvala na o\u010ditke opozicije, da gre za la\u017ei in organiziran napad na njeno stranko, saj lahko nove davke uvede le vlada, medtem ko lahko ponudijo zakonodajni predlogi samo \u0161irok okvir za nadaljnje odlo\u010danje, pri tem pa dodaja \u201cklju\u010d je v besedi lahko\u201d. Vlo\u017een amandma sicer predvideva uvedbo tovrstnega prispevka kot eno od mo\u017enosti za kritje pla\u010dila veterinarjem, ki bi izvajali nujno pomo\u010d in de\u017eurstva.<\/p>\n<p><img loading=\"lazy\" decoding=\"async\" class=\"wp-image-964218\" src=\"https:\/\/www.europesays.com\/si\/wp-content\/uploads\/2026\/06\/20240112-01305682-400x267.jpg.webp\" alt=\"\" width=\"616\" height=\"411\"  \/>Biv\u0161i predsednik vlade Robert Golob in nekdanja ministrica za kmetijstvo Mateja \u010calu\u0161i\u0107 (Foto: STA)<\/p>\n<p style=\"text-align: justify;\">To kar danes Gibanje Svoboda o\u010dita stranki Resni.ca je hotelo ravno samo izvesti. V za\u010detku leta 2025 so se namre\u010d pojavile novice o tem, da bo uveden\u00a0 nov letni prispevek za oskrbo zaveti\u0161\u010d in zapu\u0161\u010denih \u017eivali, ki naj bi zna\u0161al med 15 do 20 evrov na leto. Takrat so osrednji mediji o tem poro\u010dali bolj naklonjeno in hiteli poudarjati, da ne gre za ni\u010d nenavadnega, saj da v Nem\u010diji tak\u0161en davek poznajo \u017ee zadnji dve stoletji. Takratna ministrica za kmetijstvo Mateja \u010calu\u0161i\u0107 iz vrst Svobode je ob\u00a0 tem povedala, da bi se davek namenjal tako za zaveti\u0161\u010da kot za kastracijo brezdomnih \u017eivali, pa tudi za infrastrukturo, kot so parki, ko\u0161i za smeti, in podobno. O tem se je razpisalo tudi levi\u010darsko trobilo Mladina, kjer so pisali, da gre za v \u0161tevilnih dr\u017eavah ustaljeno ureditev.<\/p>\n<p style=\"text-align: justify;\">Kritiki zakona, ki so bili kriti\u010dni \u017ee do tovrstnih odlo\u010ditev prej\u0161nje vlade, sicer izpostavljajo, da bi bilo malce \u010dudno zara\u010dunavati tovrstne dajatve tistim lastnikom, ki \u017ee tako ustrezno skrbijo za svoje \u017eivali, sploh glede na to, da bi \u0161lo po na\u010drtih prej\u0161nje vlade pri tem predvsem za financiranje zaveti\u0161\u010d. Po drugi strani naj bi tovrsten prispevek, katerega mo\u017enost odpira zdaj\u0161nja novela, pomagal pri pla\u010devanju potrebnih storitev za vse lastnike. Ne glede na to pa smo spet pri\u010da primeru dvoli\u010dnosti stare vlade in nove opozicije; to kar je hotela sama narediti sedaj o\u010dita drugim le zato, da bi povzro\u010dala \u0161kodo in tako pritlehno spodkopavala svoje politi\u010dne nasprotnike.<\/p>\n<p dir=\"ltr\" lang=\"sl\">Edina stranka, ki je \u017eelela uvesti davek na \u017eivali je stranka Svoboda.<br \/>Tako so svojo odlo\u010ditev romanti\u010dno prikazovali lansko leto.<br \/>Na sre\u010do niso ve\u010d v vladi in se to nikoli ne bo zgodilo. <a href=\"https:\/\/t.co\/AOalYIZPqL\" rel=\"nofollow\">https:\/\/t.co\/AOalYIZPqL<\/a> <a href=\"https:\/\/t.co\/98JJ5KIfvx\" rel=\"nofollow\">pic.twitter.com\/98JJ5KIfvx<\/a><\/p>\n<p>\u2014 Resni.ca (@resni_ca) <a href=\"https:\/\/x.com\/resni_ca\/status\/2067999267478733251?ref_src=twsrc%5Etfw\" rel=\"nofollow\">June 19, 2026<\/a><\/p>\n<p style=\"text-align: justify;\">A. S.<\/p>\n<p><script async src=\"https:\/\/platform.twitter.com\/widgets.js\" charset=\"utf-8\"><\/script><\/p>\n","protected":false},"excerpt":{"rendered":"Levi\u010darska opozicija na \u010delu s stranko Levica in Gibanjem Svoboda o\u010dita stranki Resni.ca, da ho\u010dejo z novelo Zakona&hellip;\n","protected":false},"author":2,"featured_media":136287,"comment_status":"","ping_status":"","sticky":false,"template":"","format":"standard","meta":{"footnotes":"","_share_on_mastodon":"0"},"categories":[6],"tags":[59,61,2226,62,37,58,60,38,37249,3794],"class_list":["post-136286","post","type-post","status-publish","format-standard","has-post-thumbnail","category-slovenija","tag-republic-of-slovenia","tag-republika-slovenija","tag-resni-ca","tag-si","tag-slovene","tag-slovenia","tag-slovenija","tag-slovenscina","tag-veterinrastvo","tag-zivali"],"share_on_mastodon":{"url":"https:\/\/pubeurope.com\/@si\/116794959206553376","error":""},"_links":{"self":[{"href":"https:\/\/www.europesays.com\/si\/wp-json\/wp\/v2\/posts\/136286","targetHints":{"allow":["GET"]}}],"collection":[{"href":"https:\/\/www.europesays.com\/si\/wp-json\/wp\/v2\/posts"}],"about":[{"href":"https:\/\/www.europesays.com\/si\/wp-json\/wp\/v2\/types\/post"}],"author":[{"embeddable":true,"href":"https:\/\/www.europesays.com\/si\/wp-json\/wp\/v2\/users\/2"}],"replies":[{"embeddable":true,"href":"https:\/\/www.europesays.com\/si\/wp-json\/wp\/v2\/comments?post=136286"}],"version-history":[{"count":0,"href":"https:\/\/www.europesays.com\/si\/wp-json\/wp\/v2\/posts\/136286\/revisions"}],"wp:featuredmedia":[{"embeddable":true,"href":"https:\/\/www.europesays.com\/si\/wp-json\/wp\/v2\/media\/136287"}],"wp:attachment":[{"href":"https:\/\/www.europesays.com\/si\/wp-json\/wp\/v2\/media?parent=136286"}],"wp:term":[{"taxonomy":"category","embeddable":true,"href":"https:\/\/www.europesays.com\/si\/wp-json\/wp\/v2\/categories?post=136286"},{"taxonomy":"post_tag","embeddable":true,"href":"https:\/\/www.europesays.com\/si\/wp-json\/wp\/v2\/tags?post=136286"}],"curies":[{"name":"wp","href":"https:\/\/api.w.org\/{rel}","templated":true}]}}