{"id":136407,"date":"2026-06-22T20:15:11","date_gmt":"2026-06-22T20:15:11","guid":{"rendered":"https:\/\/www.europesays.com\/si\/136407\/"},"modified":"2026-06-22T20:15:11","modified_gmt":"2026-06-22T20:15:11","slug":"nova-pravila-za-sprehod-brez-majice-kazen-do-150-evrov","status":"publish","type":"post","link":"https:\/\/www.europesays.com\/si\/136407\/","title":{"rendered":"Nova pravila: Za sprehod brez majice kazen do 150 evrov"},"content":{"rendered":"<p>\u010ceprav je na francoskih pla\u017eah son\u010denje zgoraj brez \u0161e vedno dovoljeno, \u0161tevilna obmorska letovi\u0161\u010da zaostrujejo pravila za obiskovalce, ki se brez majice sprehajajo po mestnih ulicah. Kr\u0161iteljem grozijo kazni do 150 evrov, nekatere ob\u010dine pa so globe \u017ee za\u010dele izrekati.<\/p>\n<p>V nadaljevanju preberite:<\/p>\n<p>V ve\u010d francoskih obmorskih mestih uvajajo ali zaostrujejo kazni za sprehajanje brez majice po mestnih sredi\u0161\u010dih.<br \/>\nGlobe lahko dose\u017eejo tudi do 150 evrov, policija pa jih \u017ee izreka turistom.\u00a0<br \/>\nNa pla\u017eah ostaja son\u010denje zgoraj brez dovoljeno, te\u017eava nastane \u0161ele ob vstopu v mesto.<\/p>\n<p>Francoska obmorska letovi\u0161\u010da vse pogosteje opozarjajo turiste, naj se po mestnih sredi\u0161\u010dih ne sprehajajo brez majice. V nasprotnem primeru jih lahko doleti globa, ki ponekod dose\u017ee tudi 150 evrov.\u00a0\u010ceprav je son\u010denje zgoraj brez v Franciji \u0161e vedno dovoljeno in ni zakonsko omejeno na pla\u017eah, \u0161tevilne lokalne oblasti menijo, da tak\u0161na oprava ne sodi v mestna sredi\u0161\u010da, na trge in v zgodovinske dele mest.<\/p>\n<p>Med kraji, ki so uvedli prepoved sprehajanja brez majice, je tudi Narbonne na jugu Francije. Ukrep bo veljal do konca septembra. Na ob\u010dini pojasnjujejo, da \u017eelijo s tem ohraniti javni red, spo\u0161tovanje do bivalnega okolja in privla\u010dnost mestnega jedra v \u010dasu poletne turisti\u010dne sezone.<\/p>\n<p>&#8220;Nekatere oblike obla\u010denja, ki so primerne za pla\u017ee in kopali\u0161\u010da, niso nujno primerne za ulice, trge ali obmo\u010dja kulturne dedi\u0161\u010dine,&#8221;\u00a0so sporo\u010dili z ob\u010dine.<\/p>\n<p>Kazni \u017ee izrekajo<\/p>\n<p>Kr\u0161iteljem grozi globa do 150 evrov, za nadzor pa skrbi policija. \u017dupan Narbonna Bertrand Malquie je za BBC povedal, da so kazen doslej izrekli pribli\u017eno 15 osebam.<\/p>\n<p>Po njegovih besedah namen ukrepa ni omejevanje osebnih svobo\u0161\u010din ali odvra\u010danje turistov.\u00a0&#8220;Narbonne je gostoljubno sredozemsko mesto. Ta odlo\u010ditev temelji predvsem na zdravi pameti in spo\u0161tovanju skupnega javnega prostora,&#8221; je dejal.<\/p>\n<p>Dodal je, da so obiskovalci na pla\u017ei svobodni pri izbiri obla\u010dil, v mestnem sredi\u0161\u010du pa ob\u010dina pri\u010dakuje vsaj osnovne standarde obla\u010denja.<\/p>\n<p>Narbonne ni osamljen primer. V priljubljenem letovi\u0161\u010du Deauville na severozahodni obali Francije so sprva uvedli globo v vi\u0161ini 17 evrov, pozneje pa so jo zvi\u0161ali na 150 evrov.\u00a0Enako visoke kazni veljajo tudi v obmorskem mestu Arcachon\u00a0ter v letovi\u0161\u010du Les Sables-d&#8217;Olonne.<\/p>\n<p>Prav v slednjem so lani turiste pozvali k &#8220;malce ve\u010d spodobnosti&#8221;. \u017dupan Yannick Moreau je opozoril, da se neprimerno vedenje iz poletja v poletje stopnjuje.\u00a0&#8220;Zato je \u010das, da jasno povemo: sprehajanje brez majice ali zgolj v kopalkah po mestu Les Sables-d&#8217;Olonne ni dovoljeno,&#8221; je dejal.<\/p>\n<p>Francoske oblasti tako sporo\u010dajo, da so pla\u017ee \u0161e vedno prostor za spro\u0161\u010deno poletno opravo, mestna sredi\u0161\u010da pa naj bi tudi v turisti\u010dni sezoni ohranila nekoliko bolj urejen videz.<\/p>\n<p><a href=\"https:\/\/www.zurnal24.si\/popotnik\/mailto:dezurni@styria-media.si\" rel=\"nofollow noopener\" target=\"_blank\">dezurni@styria-media.si<\/a><\/p>\n","protected":false},"excerpt":{"rendered":"\u010ceprav je na francoskih pla\u017eah son\u010denje zgoraj brez \u0161e vedno dovoljeno, \u0161tevilna obmorska letovi\u0161\u010da zaostrujejo pravila za obiskovalce,&hellip;\n","protected":false},"author":2,"featured_media":136408,"comment_status":"","ping_status":"","sticky":false,"template":"","format":"standard","meta":{"footnotes":"","_share_on_mastodon":"0"},"categories":[8],"tags":[850,5129,37283,20214,17606,30195,37,38,64,63],"class_list":["post-136407","post","type-post","status-publish","format-standard","has-post-thumbnail","category-svet","tag-francija","tag-globa","tag-majica","tag-moski","tag-poletje-2026","tag-poletje2026","tag-slovene","tag-slovenscina","tag-svet","tag-world"],"share_on_mastodon":{"url":"https:\/\/pubeurope.com\/@si\/116795599975189785","error":""},"_links":{"self":[{"href":"https:\/\/www.europesays.com\/si\/wp-json\/wp\/v2\/posts\/136407","targetHints":{"allow":["GET"]}}],"collection":[{"href":"https:\/\/www.europesays.com\/si\/wp-json\/wp\/v2\/posts"}],"about":[{"href":"https:\/\/www.europesays.com\/si\/wp-json\/wp\/v2\/types\/post"}],"author":[{"embeddable":true,"href":"https:\/\/www.europesays.com\/si\/wp-json\/wp\/v2\/users\/2"}],"replies":[{"embeddable":true,"href":"https:\/\/www.europesays.com\/si\/wp-json\/wp\/v2\/comments?post=136407"}],"version-history":[{"count":0,"href":"https:\/\/www.europesays.com\/si\/wp-json\/wp\/v2\/posts\/136407\/revisions"}],"wp:featuredmedia":[{"embeddable":true,"href":"https:\/\/www.europesays.com\/si\/wp-json\/wp\/v2\/media\/136408"}],"wp:attachment":[{"href":"https:\/\/www.europesays.com\/si\/wp-json\/wp\/v2\/media?parent=136407"}],"wp:term":[{"taxonomy":"category","embeddable":true,"href":"https:\/\/www.europesays.com\/si\/wp-json\/wp\/v2\/categories?post=136407"},{"taxonomy":"post_tag","embeddable":true,"href":"https:\/\/www.europesays.com\/si\/wp-json\/wp\/v2\/tags?post=136407"}],"curies":[{"name":"wp","href":"https:\/\/api.w.org\/{rel}","templated":true}]}}