{"id":137265,"date":"2026-06-23T13:53:14","date_gmt":"2026-06-23T13:53:14","guid":{"rendered":"https:\/\/www.europesays.com\/si\/137265\/"},"modified":"2026-06-23T13:53:14","modified_gmt":"2026-06-23T13:53:14","slug":"han-partnerstvo-ni-le-podpis-dokumenta-sd-razume-svojo-odgovornost-v-opoziciji","status":"publish","type":"post","link":"https:\/\/www.europesays.com\/si\/137265\/","title":{"rendered":"Han: Partnerstvo ni le podpis dokumenta, SD razume svojo odgovornost v opoziciji"},"content":{"rendered":"<p>Oglas<\/p>\n<p>\t\t\t\t\t\t\t\t<a href=\"https:\/\/www.europesays.com\/si\/wp-content\/uploads\/2026\/06\/67055620.jpg\" itemprop=\"contentUrl\" data-size=\"1200x800\" data-large=\"https:\/\/www.europesays.com\/si\/wp-content\/uploads\/2026\/06\/67055620.jpg\"><br \/>\n\t\t\t\t\t\t\t\t\t<img decoding=\"async\" src=\"https:\/\/www.europesays.com\/si\/wp-content\/uploads\/2026\/06\/67055620.jpg\" title=\" Han zagotavlja, da se zavedajo, kje je njihova odgovornost. Foto: BoBo\" alt=\" Han zagotavlja, da se zavedajo, kje je njihova odgovornost. Foto: BoBo\"\/><br \/>\n\t\t\t\t\t\t\t\t<\/a><\/p>\n<p>\t\t\t\t\t\t\t\t\t Han zagotavlja, da se zavedajo, kje je njihova odgovornost. Foto: BoBo<\/p>\n<p>Odlo\u010ditev, da v ponujeno partnerstvo ne bodo stopili, je predsedstvo SD-ja sprejelo na ponedeljkovi seji, zdaj pa so pismo z odgovorom posredovali tudi dr\u017eavnemu sekretarju v premierjevem kabinetu Vinku Gorenaku, ki je v imenu premierja Janeza Jan\u0161e partnerstvo tudi predstavil, je na novinarski konferenci sporo\u010dil predsednik SD-ja Matja\u017e Han.<\/p>\n<p>Podobno kot v ponedeljkovem sporo\u010dilu za javnost in skladno z vsebino odgovora Jan\u0161i je ponovil, da so vabilo v partnerstvo vzeli resno. Kot je dejal, se zaveda, da bi ga sicer z lahkoto odbili, a so se najprej \u017eeleli o tem resno pogovoriti na organih stranke. Po Hanovih besedah namre\u010d niso tekmovali v tem, kdo bo prej zavrnil ponudbo, saj je prepri\u010dan, da se morajo odlo\u010ditve, ki govorijo o tem, kak\u0161no dr\u017eavo \u017eelimo imeti, sprejemati na organih strank. &#8220;Nisem stranka Matja\u017ea Hana, v kateri re\u010dem \u2013 tako bo in tako ne bo,&#8221; je karikiral.<\/p>\n<p>Spomnil je tudi, da ideja o \u0161ir\u0161em dogovoru v politiki zanje ni nova, v partnerstvu za razvoj je SD sodeloval v prvi Jan\u0161evi vladi. Kot pa je poudaril predsednik SD-ja, so bile tedaj politi\u010dne razmere v dr\u017eavi druga\u010dne.<\/p>\n<p>Za SD dialog ena temeljnih vrednot politike<\/p>\n<p>Han zatrjuje, da je dialog zanje ena temeljnih vrednot politike in pogoj za delovanje dr\u017eave. Nasprotno od tega pa se je po Hanovih besedah pokazalo v dosedanjem delu nove vladne koalicije, v stranki zato ocenjujejo, da pogojev za oblikovanje partnerstva ni. Meni, da je potreben sporazum tako s socialnimi partnerji, civilno dru\u017ebo in opozicijo, ki pa mora temeljiti na zaupanju, na spo\u0161tovanju demokrati\u010dnih procesov in dejanski pripravljenosti za usklajevanje pri pomembni zakonodaji. &#8220;Nobeno partnerstvo ne nastane s samim podpisom,&#8221; je poudaril.<\/p>\n<p>Nasprotovanje posegom v ureditev pla\u010devanja sindikalnih \u010dlanarin<\/p>\n<p>Zlasti oster je med drugim do posegov v dosedanjo ureditev odtegovanja sindikalne \u010dlanarine, v \u010demer vidi eno ve\u010djih napak nove koalicije. To poziva k umiku teh sprememb v zakonu o delovnih razmerjih, delodajalce pa k podpori sindikatom.<\/p>\n<p>V tem mandatu bo stranka, ki jo vodi, v opoziciji. Han zagotavlja, da se zavedajo, kje je njihova odgovornost. Kot enega bolj smiselnih opozicijskih orodij vidi mo\u017enost predlaganja ustavnih presoj in na tem segmentu sodelovanje vseh treh levosredinskih strank opozicije. Pogled SD-ja pa je po Hanovih besedah zdaj tudi \u017ee na lokalnih volitvah, na katerih bodo po njegovem prepri\u010danju naredili dober izid.<\/p>\n<p>Novo vodstvo SD-ja v Kopru<\/p>\n<p>A nekaj brbotanja na terenu je, med drugim je <a href=\"https:\/\/www.rtvslo.si\/lokalne-novice\/primorje\/med-clani-socialnih-demokratov-koper-je-vroce\/786253\" target=\"_blank\" rel=\"noopener nofollow\" data-mce-href=\"https:\/\/www.rtvslo.si\/lokalne-novice\/primorje\/med-clani-socialnih-demokratov-koper-je-vroce\/786253\" data-mce->zavrelo v Kopru<\/a> ob izbiranju vodstva ob\u010dinske organizacije. Vodenje je prevzel Stojan Prin\u010di\u010d, medtem ko Matej Ta\u0161ner Vatovec s kandidaturo ni bil uspe\u0161en. Han dogajanje na terenu komentira z besedami, da so ena redkih strank, ki je samokriti\u010dna, priznava pa, da je teren te\u017eko vzdr\u017eevati. Potrdil je tudi, da nekaj \u010dasa &#8220;enostavno niso na\u0161li prave re\u0161itve za Koper&#8221;, v zadnjih letih pa so dali prilo\u017enost nekaterim posameznikom, ki pa &#8220;procesov niso izpeljali&#8221;. Zdaj delo za\u010denja novo vodstvo, o tem, ali je z izbranim kot \u0161ef stranke zadovoljen, pa je Han dejal, da ima svoj pogled na posameznike, podpira pa, kar odlo\u010di \u010dlanstvo. Verjame, da bo novo vodstvo v Kopru &#8220;dvignilo Socialne demokrate&#8221;, ob tem pa je izrazil ob\u017ealovanje, da je iz stranke izstopila vidna \u010dlanica Mojca Kleva Keku\u0161.<\/p>\n<p>Jeseni stranko \u010daka tudi statutarni kongres, na katerem bodo po Hanovih napovedih odlo\u010dali o spremembah, ki bi v &#8220;odlo\u010devalske funkcije bolj vklju\u010dile celo strankino mre\u017eo&#8221;. Skladno s statutom stranke, ki dolo\u010da, da se mora SD v letu po volitvah v DZ sestati tudi na volilnem kongresu, ga bodo izvedli februarja ali marca prihodnje leto.<\/p>\n<p>\t\t\t\tTudi SD zavrnil SDS-ovo povabilo k sodelovanju<\/p>\n<p>Oglas<\/p>\n","protected":false},"excerpt":{"rendered":"Oglas Han zagotavlja, da se zavedajo, kje je njihova odgovornost. Foto: BoBo Odlo\u010ditev, da v ponujeno partnerstvo ne&hellip;\n","protected":false},"author":2,"featured_media":137266,"comment_status":"","ping_status":"","sticky":false,"template":"","format":"standard","meta":{"footnotes":"","_share_on_mastodon":"0"},"categories":[6],"tags":[16167,3184,9924,4349,59,61,2225,62,37,58,60,38],"class_list":["post-137265","post","type-post","status-publish","format-standard","has-post-thumbnail","category-slovenija","tag-han","tag-kongres","tag-opozicija","tag-partnerstvo","tag-republic-of-slovenia","tag-republika-slovenija","tag-sd","tag-si","tag-slovene","tag-slovenia","tag-slovenija","tag-slovenscina"],"share_on_mastodon":{"url":"https:\/\/pubeurope.com\/@si\/116799760660068851","error":""},"_links":{"self":[{"href":"https:\/\/www.europesays.com\/si\/wp-json\/wp\/v2\/posts\/137265","targetHints":{"allow":["GET"]}}],"collection":[{"href":"https:\/\/www.europesays.com\/si\/wp-json\/wp\/v2\/posts"}],"about":[{"href":"https:\/\/www.europesays.com\/si\/wp-json\/wp\/v2\/types\/post"}],"author":[{"embeddable":true,"href":"https:\/\/www.europesays.com\/si\/wp-json\/wp\/v2\/users\/2"}],"replies":[{"embeddable":true,"href":"https:\/\/www.europesays.com\/si\/wp-json\/wp\/v2\/comments?post=137265"}],"version-history":[{"count":0,"href":"https:\/\/www.europesays.com\/si\/wp-json\/wp\/v2\/posts\/137265\/revisions"}],"wp:featuredmedia":[{"embeddable":true,"href":"https:\/\/www.europesays.com\/si\/wp-json\/wp\/v2\/media\/137266"}],"wp:attachment":[{"href":"https:\/\/www.europesays.com\/si\/wp-json\/wp\/v2\/media?parent=137265"}],"wp:term":[{"taxonomy":"category","embeddable":true,"href":"https:\/\/www.europesays.com\/si\/wp-json\/wp\/v2\/categories?post=137265"},{"taxonomy":"post_tag","embeddable":true,"href":"https:\/\/www.europesays.com\/si\/wp-json\/wp\/v2\/tags?post=137265"}],"curies":[{"name":"wp","href":"https:\/\/api.w.org\/{rel}","templated":true}]}}