{"id":137841,"date":"2026-06-24T03:12:12","date_gmt":"2026-06-24T03:12:12","guid":{"rendered":"https:\/\/www.europesays.com\/si\/137841\/"},"modified":"2026-06-24T03:12:12","modified_gmt":"2026-06-24T03:12:12","slug":"velika-sprememba-za-petra-kauzerja","status":"publish","type":"post","link":"https:\/\/www.europesays.com\/si\/137841\/","title":{"rendered":"Velika sprememba za Petra Kauzerja"},"content":{"rendered":"<p>&#8220;Po\u010dutil sem se kot majhen otrok,&#8221; nam je zaupal legendarni slovenski kajaka\u0161 Peter Kauzer, ki kljub zrelim letom \u0161e vztraja v vrhunskem \u0161portu. Hrastni\u010dan se zaveda, da mora v\u010dasih sprejeti tudi bolj radikalne odlo\u010ditve.<\/p>\n<p>Pred \u010dasom je Peter Kauzer na dru\u017ebenih omre\u017ejih zapisal, da se je po dolgih 21 letih odlo\u010dil za stilsko spremembo, a smo med pogovorom izvedeli, da je bila ta le za\u010dasna. Peter je namre\u010d \u017ee dolga leta znan po rumeno-\u010drni barvni kombinaciji \u010dolna, na zadnjem svetovnem pokalu pa smo ga videli tekmovati v \u010drnem \u010dolnu. Razkril je, da je v Augsburgu tekmoval le v za\u010dasnem, testnem \u010dolnu.<\/p>\n<p><img decoding=\"async\" alt=\"Peter Kauzer je v Augsburgu nastopil v nekoliko druga\u010dnem \u010dolnu. | Foto: Guliverimage\" class=\"article_content__inline_image js_imageLightbox is-clickable\" data-author=\"Guliverimage\" data-caption=\"Peter Kauzer je v Augsburgu nastopil v nekoliko druga\u010dnem \u010dolnu.\" data-height=\"3335\" data-href=\"https:\/\/siol.net\/media\/img\/4b\/20\/0c2becdbb6246ddc41f0-peter-kauzer.jpeg\" data-width=\"5000\" loading=\"lazy\" src=\"\/media\/img\/f6\/c9\/d8fb8126a09dc25b3479-peter-kauzer.jpeg\" title=\"Peter Kauzer\"\/><\/p>\n<p> Peter Kauzer je v Augsburgu nastopil v nekoliko druga\u010dnem \u010dolnu.<br \/>\n Foto: Guliverimage <\/p>\n<p>Kdo ga je prisilil v to?<\/p>\n<p>Ob vsem tem je veliko pomembneje, da se je 42-letni kajaka\u0161 po sedmih letih odlo\u010dil za menjavo modela \u010dolna, kar je, sploh sredi sezone, velika in tudi tvegana poteza. A za zdaj se zdi, da se je izku\u0161eni slovenski \u0161portnik odlo\u010dil\u00a0pravilno.<\/p>\n<p>&#8220;Saj je bil tudi stari model \u010dolna \u0161e vedno zelo dober. A postavljavci prog na tekmah so me pravzaprav prisilili, da sem si nekoliko olaj\u0161al \u017eivljenje, \u010de lahko tako re\u010dem. Potreboval sem bolj enostaven \u010doln, ki se hitreje in la\u017eje obra\u010da. Proge so danes postavljene tako, da prakti\u010dno ne more\u0161 ve\u010d razviti prave hitrosti, niti ne more\u0161 pustiti \u010dolna, da ste\u010de. Ves \u010das gre za ustavljanje, obra\u010danje, veliko prog pa je postavljenih tudi proti toku. S tem \u010dolnom prihranim precej ve\u010d energije, hkrati pa je veliko la\u017eje odpeljati dolo\u010dene elemente na progi,&#8221; nam je na za\u010detku\u00a0povedal srebrni olimpijec iz Ria de Janeira 2016.<\/p>\n<p>Dvakratni svetovni prvak se v zadnjem obdobju nikakor ne more strinjati s postavitvijo prog, saj jih po njegovem mnenju postavljajo v nasprotju s tem, kar proga ponuja. Zakaj je tako? Pravi, da to ni vpra\u0161anje zanj, in priznava, da se pri tak\u0161nih postavitvah precej mu\u010di, zato se je sredi sezone odlo\u010dil za spremembo modela.<\/p>\n<p>Bila je zadnja prilo\u017enost<\/p>\n<p>Na uvodnih tekmah mu ni \u0161lo vse po na\u010drtih in zaradi nekaj smole, kot sam pravi, so bili rezultati dale\u010d od pri\u010dakovanega. Velik preobrat se\u00a0je zgodil na tekmi svetovnega pokala v Augsburgu, ko se je s \u010detrtim \u010dasom uvrstil v finale, tam pa nekoliko pokvaril uvrstitev in tekmovanje kon\u010dal na 11. mestu. Kot ka\u017ee, se je nov model \u010dolna obnesel.<\/p>\n<p>&#8220;Ta model \u010dolna sem poznal \u017ee od prej, a mi ni bil povsem v\u0161e\u010d. Medtem so ga \u0161e nekoliko izbolj\u0161ali in nadgradili. Ko sem ga zdaj preizkusil, mi je bil v\u0161e\u010d. Dogovorili smo se, da za tekmo svetovnega pokala v Augsburgu vzamem testni \u010doln in ga tam preizkusim. To je bila zadnja prilo\u017enost, da pred naslednjimi tekmami zamenjam model \u010dolna. Naslednje tekme bodo namre\u010d izjemno pomembne, saj se \u017ee zbirajo to\u010dke za olimpijske igre oziroma kvote za dr\u017eavo. Vsi se zavedamo, da bo zelo zahtevno, saj si v prvi fazi olimpijsko kvoto zagotovi le \u0161est dr\u017eav,&#8221; nam je razlagal Kauzer in odlo\u010dno zatrdil, da je bila menjava \u010dolna korak v pravo smer.<\/p>\n<p><img decoding=\"async\" alt=\"\" nisem=\"\" imel=\"\" povsem=\"\" pod=\"\" nadzorom=\"\" in=\"\" tudi=\"\" zato=\"\" sem=\"\" v=\"\" finalu=\"\" naredil=\"\" nekaj=\"\" napak.=\"\" foto:=\"\" guliverimage=\"\" class=\"article_content__inline_image js_imageLightbox is-clickable\" data-author=\"Guliverimage\" data-caption=\"&quot;\u010colna \u0161e nisem imel povsem pod nadzorom in tudi zato sem v finalu naredil nekaj napak.&quot;\" data-height=\"3335\" data-href=\"https:\/\/siol.net\/media\/img\/e0\/f2\/ea5b7e3b791c908b6ec6-peter-kauzer.jpeg\" data-width=\"5000\" loading=\"lazy\" src=\"\/media\/img\/2c\/48\/d1bc85c0b659d544cf6a-peter-kauzer.jpeg\" title=\"Peter Kauzer\"\/><\/p>\n<p> &#8220;\u010colna \u0161e nisem imel povsem pod nadzorom in tudi zato sem v finalu naredil nekaj napak.&#8221;<br \/>\n Foto: Guliverimage <\/p>\n<p>Z le \u0161tirimi treningi do najbolj\u0161ega rezultata sezone do zdaj<\/p>\n<p>&#8220;V finalu v Augsburgu se je poznalo, da sem z novim \u010dolnom opravil le \u0161tiri treninge. Gre za povsem druga\u010den na\u010din veslanja. Druga\u010de izbira\u0161 linije in vse to sem vzel v zakup. Zavedal sem se, da obstaja ve\u010dja mo\u017enost za napake, a sem si rekel, da bom poskusil \u017ee tam, da se s tem ne bi ukvarjal tik pred svetovnim prvenstvom in da vsaj eno tekmo odpeljem v novem \u010dolnu.&#8221;<\/p>\n<p>&#8220;\u010colna sicer \u0161e nisem imel povsem pod nadzorom in tudi zato sem v finalu naredil nekaj napak. A to ni ni\u010d tak\u0161nega, kar bi me vrglo iz tira. Kvalifikacijska vo\u017enja je bila zelo dobra. Res sem se dobro po\u010dutil v \u010dolnu. Tudi drugi so mi rekli, da me po dolgem \u010dasu spet vidijo veslati tako\u00a0kot sem v svojih najbolj\u0161ih letih. To mi je veliko pomenilo. V \u010dolnu sem se po\u010dutil kot majhen otrok.&#8221;<\/p>\n<p><img decoding=\"async\" alt=\"Peter Kauzer | Foto: Kajak kanu klub Hrastnik\" class=\"article_content__inline_image js_imageLightbox is-clickable\" data-author=\"Kajak kanu klub Hrastnik\" data-caption=\"\" data-height=\"281\" data-href=\"https:\/\/www.europesays.com\/si\/wp-content\/uploads\/2026\/06\/kauzer-trener.png\" data-width=\"351\" loading=\"lazy\" src=\"https:\/\/www.europesays.com\/si\/wp-content\/uploads\/2026\/06\/kauzer-trener.png\" title=\"Peter Kauzer\"\/><\/p>\n<p> Foto: Kajak kanu klub Hrastnik <\/p>\n<p>Pravi, da ni nobena skrivnost<\/p>\n<p>Do svetovnega prvenstva na olimpijski progi v Oklahomi je \u0161e en mesec. Meni, da ima dovolj \u010dasa, da se bo do takrat povsem navadil na \u010doln. Prav tako zaradi tega ne bo ni\u010d ve\u010d treniral. Predvsem mu je pomembno, da bo vse stvari uredil \u0161e pred drugim oziroma glavnim delom sezone.<\/p>\n<p>&#8220;Treniral bom povsem normalno. Ravno v nedeljo sem se vrnil iz Flattacha, kjer sem bil na tekmi ECA Junior Cup. Tja sem peljal klubske tekmovalce in bil v vlogi trenerja. Lahko bi rekel, da sem imel \u0161tiri dni aktivnega dopusta. Ni skrivnost, da imam v klubu svojo skupino, a zaradi tega moji treningi ne trpijo. To mi je v veliko veselje, saj lahko svoje znanje prena\u0161am na mlaj\u0161e. \u0160e posebej lepo je, ker vesla tudi moja h\u010derka, tako da skupaj pre\u017eiviva \u0161e nekaj dodatnega \u010dasa na vodi.&#8221;<\/p>\n<p>Preberite \u0161e:<\/p>\n","protected":false},"excerpt":{"rendered":"&#8220;Po\u010dutil sem se kot majhen otrok,&#8221; nam je zaupal legendarni slovenski kajaka\u0161 Peter Kauzer, ki kljub zrelim letom&hellip;\n","protected":false},"author":2,"featured_media":137842,"comment_status":"","ping_status":"","sticky":false,"template":"","format":"standard","meta":{"footnotes":"","_share_on_mastodon":"0"},"categories":[16],"tags":[5619,5620,25864,62,37,58,60,38,94,93],"class_list":["post-137841","post","type-post","status-publish","format-standard","has-post-thumbnail","category-sport","tag-kajak","tag-kanu","tag-peter-kauzer","tag-si","tag-slovene","tag-slovenia","tag-slovenija","tag-slovenscina","tag-sport","tag-sports"],"share_on_mastodon":{"url":"https:\/\/pubeurope.com\/@si\/116802902326980414","error":""},"_links":{"self":[{"href":"https:\/\/www.europesays.com\/si\/wp-json\/wp\/v2\/posts\/137841","targetHints":{"allow":["GET"]}}],"collection":[{"href":"https:\/\/www.europesays.com\/si\/wp-json\/wp\/v2\/posts"}],"about":[{"href":"https:\/\/www.europesays.com\/si\/wp-json\/wp\/v2\/types\/post"}],"author":[{"embeddable":true,"href":"https:\/\/www.europesays.com\/si\/wp-json\/wp\/v2\/users\/2"}],"replies":[{"embeddable":true,"href":"https:\/\/www.europesays.com\/si\/wp-json\/wp\/v2\/comments?post=137841"}],"version-history":[{"count":0,"href":"https:\/\/www.europesays.com\/si\/wp-json\/wp\/v2\/posts\/137841\/revisions"}],"wp:featuredmedia":[{"embeddable":true,"href":"https:\/\/www.europesays.com\/si\/wp-json\/wp\/v2\/media\/137842"}],"wp:attachment":[{"href":"https:\/\/www.europesays.com\/si\/wp-json\/wp\/v2\/media?parent=137841"}],"wp:term":[{"taxonomy":"category","embeddable":true,"href":"https:\/\/www.europesays.com\/si\/wp-json\/wp\/v2\/categories?post=137841"},{"taxonomy":"post_tag","embeddable":true,"href":"https:\/\/www.europesays.com\/si\/wp-json\/wp\/v2\/tags?post=137841"}],"curies":[{"name":"wp","href":"https:\/\/api.w.org\/{rel}","templated":true}]}}