{"id":137975,"date":"2026-06-24T06:52:12","date_gmt":"2026-06-24T06:52:12","guid":{"rendered":"https:\/\/www.europesays.com\/si\/137975\/"},"modified":"2026-06-24T06:52:12","modified_gmt":"2026-06-24T06:52:12","slug":"washington-kot-prvi-izbral-dybantso-lakersi-dobili-atletskega-branilca","status":"publish","type":"post","link":"https:\/\/www.europesays.com\/si\/137975\/","title":{"rendered":"Washington kot prvi izbral Dybantso, Lakersi dobili atletskega branilca"},"content":{"rendered":"<p>\t\t\t\t\t\t\t\t<a href=\"https:\/\/www.europesays.com\/si\/wp-content\/uploads\/2026\/06\/67055844.jpg\" itemprop=\"contentUrl\" data-size=\"1200x800\" data-large=\"https:\/\/www.europesays.com\/si\/wp-content\/uploads\/2026\/06\/67055844.jpg\"><br \/>\n\t\t\t\t\t\t\t\t\t<img decoding=\"async\" src=\"https:\/\/www.europesays.com\/si\/wp-content\/uploads\/2026\/06\/67055844.jpg\" title=\"AJ Dybantsa Foto: Reuters\" alt=\"AJ Dybantsa Foto: Reuters\"\/><br \/>\n\t\t\t\t\t\t\t\t<\/a><\/p>\n<p>\t\t\t\t\t\t\t\t\tAJ Dybantsa Foto: Reuters<\/p>\n<p>206 cm visoki 19-letnik lahko igra na ve\u010d polo\u017eajih, si sam ustvarja met, prodira proti ko\u0161u in u\u010dinkovito kon\u010duje iz razli\u010dnih polo\u017eajev. Ni odvisen le od meta ali le od atletskih sposobnosti. Odlikujejo ga hitrost, eksplozivnost in koordinacija za igralca njegove velikosti. To mu omogo\u010da prednost tako v tranziciji kot pri igri ena na ena. Zaradi dol\u017eine rok, gibljivosti in hitrosti lahko brani ve\u010d razli\u010dnih polo\u017eajev, od branilcev do krilnih igralcev. Ima dober pregled nad igro, zna podati iz prodora in vklju\u010devati soigralce.<\/p>\n<p>Oglas<\/p>\n<p>Utah je z drugim izborom izbral branilca Darryna Petersona (Kansas), po mnenju mnogih najbolj\u0161ega strelca leto\u0161njega nabora. Je atletski organizator igre, ki ustvarja pritisk tudi v obrambi.<\/p>\n<p>Tretji je izbiral Memphis in se odlo\u010dil za 18-letno krilo, 206 cm visokega Camerona Boozerja (Duke), sina nekdanjega ko\u0161arkarja Carlosa Boozerja.<\/p>\n<p>Do desetega mesta so se zvrstili Caleb Wilson (Chicago), Keaton Wagler (LA Clippers), Mikel Brown jr. (New Jersey), Darius Acuff (Sacramento), Kingston Flemings (Atlanta), Morez Johnson jr. (Dallas) in Brayden Burrise (Milwaukee).<\/p>\n<p>Lakersi izbrali eksplozivnega branilca<br \/>\n\t\t\t\t\t\t\t\t<a href=\"https:\/\/www.europesays.com\/si\/wp-content\/uploads\/2026\/06\/67055845.jpg\" itemprop=\"contentUrl\" data-size=\"1200x800\" data-large=\"https:\/\/www.europesays.com\/si\/wp-content\/uploads\/2026\/06\/67055845.jpg\"><br \/>\n\t\t\t\t\t\t\t\t\t<img decoding=\"async\" src=\"https:\/\/www.europesays.com\/si\/wp-content\/uploads\/2026\/06\/67055845.jpg\" title=\"Cameron Carr je v zadnji sezoni za Baylor v povpre\u010dju dosegal 18,9 to\u010dke na tekmo. Njegov met za tri to\u010dke je bil 37,4-odstoten. Foto: Reuters\" alt=\"Cameron Carr je v zadnji sezoni za Baylor v povpre\u010dju dosegal 18,9 to\u010dke na tekmo. Njegov met za tri to\u010dke je bil 37,4-odstoten. Foto: Reuters\"\/><br \/>\n\t\t\t\t\t\t\t\t<\/a><\/p>\n<p>\t\t\t\t\t\t\t\t\tCameron Carr je v zadnji sezoni za Baylor v povpre\u010dju dosegal 18,9 to\u010dke na tekmo. Njegov met za tri to\u010dke je bil 37,4-odstoten. Foto: Reuters<\/p>\n<p>Los Angeles Lakersi bi morali izbirati 25., a so v zameno za nekaj denarja od New Yorka dobili 24. izbor. Dobili so eksplozivnega branilca Camerona Carra, enega najbolj\u0161ih atletov na leto\u0161njem izboru. <\/p>\n<p>Veljal je za predviden izbor med prvimi 20 igralci, vendar je nepri\u010dakovano zdrsnil ni\u017eje. Visok je 196 cm in ima izjemen razpon rok, 216 cm. Je dober strelec, hkrati pa je nevaren pri zaklju\u010devanju akcij z zabijanji po podajah nad obro\u010d. Med branilci je dosegel drugi najvi\u0161ji odriv na naboru (108 cm).<\/p>\n<p>Ima fizi\u010dne predispozicije, da postane kakovosten obrambni igralec. Na zunanjih polo\u017eajih izpolnjuje klju\u010dna merila glede atletskosti in dol\u017eine rok. Slabosti: ne blesti v organizaciji igre, v\u010dasih posiljuje met. V obrambi na univerzitetni ravni ni bil dovolj konstanten.<\/p>\n<p>Med Evropejci je bil v prvem krogu izbran Sergio De Larrea. Mladi \u0160panec (Valencia) je pristal pri Dallasu. Drugi krog bo potekal v no\u010di na \u010detrtek.<\/p>\n<p>\u0160e zanimivost: v poslih pri menjavanju polo\u017eajev na naboru ni bil udele\u017een niti en igralec, ki \u017ee igra v Ligi NBA.    <\/p>\n<p>Oglas<\/p>\n","protected":false},"excerpt":{"rendered":"AJ Dybantsa Foto: Reuters 206 cm visoki 19-letnik lahko igra na ve\u010d polo\u017eajih, si sam ustvarja met, prodira&hellip;\n","protected":false},"author":2,"featured_media":137976,"comment_status":"","ping_status":"","sticky":false,"template":"","format":"standard","meta":{"footnotes":"","_share_on_mastodon":"0"},"categories":[16],"tags":[37637,37639,10901,37638,62,37,58,60,38,94,93,1808],"class_list":["post-137975","post","type-post","status-publish","format-standard","has-post-thumbnail","category-sport","tag-boozer","tag-dybantsa","tag-lakersi","tag-peterson","tag-si","tag-slovene","tag-slovenia","tag-slovenija","tag-slovenscina","tag-sport","tag-sports","tag-washington"],"share_on_mastodon":{"url":"https:\/\/pubeurope.com\/@si\/116803767115090865","error":""},"_links":{"self":[{"href":"https:\/\/www.europesays.com\/si\/wp-json\/wp\/v2\/posts\/137975","targetHints":{"allow":["GET"]}}],"collection":[{"href":"https:\/\/www.europesays.com\/si\/wp-json\/wp\/v2\/posts"}],"about":[{"href":"https:\/\/www.europesays.com\/si\/wp-json\/wp\/v2\/types\/post"}],"author":[{"embeddable":true,"href":"https:\/\/www.europesays.com\/si\/wp-json\/wp\/v2\/users\/2"}],"replies":[{"embeddable":true,"href":"https:\/\/www.europesays.com\/si\/wp-json\/wp\/v2\/comments?post=137975"}],"version-history":[{"count":0,"href":"https:\/\/www.europesays.com\/si\/wp-json\/wp\/v2\/posts\/137975\/revisions"}],"wp:featuredmedia":[{"embeddable":true,"href":"https:\/\/www.europesays.com\/si\/wp-json\/wp\/v2\/media\/137976"}],"wp:attachment":[{"href":"https:\/\/www.europesays.com\/si\/wp-json\/wp\/v2\/media?parent=137975"}],"wp:term":[{"taxonomy":"category","embeddable":true,"href":"https:\/\/www.europesays.com\/si\/wp-json\/wp\/v2\/categories?post=137975"},{"taxonomy":"post_tag","embeddable":true,"href":"https:\/\/www.europesays.com\/si\/wp-json\/wp\/v2\/tags?post=137975"}],"curies":[{"name":"wp","href":"https:\/\/api.w.org\/{rel}","templated":true}]}}