{"id":137977,"date":"2026-06-24T06:56:16","date_gmt":"2026-06-24T06:56:16","guid":{"rendered":"https:\/\/www.europesays.com\/si\/137977\/"},"modified":"2026-06-24T06:56:16","modified_gmt":"2026-06-24T06:56:16","slug":"srhljiva-internetna-iskanja-kako-starsa-decka-morilca-nista-opazila-opozorilnih-znakov-video","status":"publish","type":"post","link":"https:\/\/www.europesays.com\/si\/137977\/","title":{"rendered":"Srhljiva internetna iskanja, kako star\u0161a de\u010dka morilca nista opazila opozorilnih znakov? (VIDEO)"},"content":{"rendered":"<p><a href=\"https:\/\/slovenskenovice.delo.si\/tag\/kosta-k\" target=\"_blank\" rel=\"nofollow noopener\">Kosta Kecmanovi\u0107 iz O\u0160 Vladislav Ribnikar, ki je 3. maja 2023 ubil devet u\u010dencev in \u0161olskega varnostnika<\/a>, je pred zlo\u010dinom ve\u010d dni na internetu iskal pojme, kot sta \u00bbrazlika med psihopatom in normalnimi ljudmi\u00ab ter \u00bbali sem lahko \u0161e vedno psihopat, \u010de imam rad \u017eivali\u00ab. To je sodnik prebral v obrazlo\u017eitvi sodbe, s katero sta bila njegova star\u0161a obsojena na skupno 17 let in pet mesecev zaporne kazni. Spomnimo, Vladimir Kecmanovi\u0107 je bil obsojen na 14 let in \u0161est mesecev zapora zaradi hudega kaznivega dejanja zoper splo\u0161no varnost ter zanemarjanja in zlorabe mladoletne osebe, medtem ko je bila Miljana Kecmanovi\u0107 obsojena na dve leti in 11 mesecev zapora zaradi zanemarjanja in zlorabe otroka.<\/p>\n<p>Sodnik je navedel, da je mladoletnik po zadnjem obisku streli\u0161\u010da, kamor ga je peljal o\u010de, na spletu iskal sezname \u0161olskih strelskih napadov v ZDA in najbolj znane \u0161olske strelce. Med spletnimi iskanji so bile tudi teme, povezane s psiholo\u0161kimi motnjami in osebnimi zna\u010dilnostmi.\u00a0\u00bbNa internetu je iskal tudi razlage za kompleks manjvrednosti in ve\u010dvrednosti, antisocialno osebnostno motnjo, zanimalo ga je, ali je lahko psihopat, \u010de ima rad \u017eivali, raziskoval pa je tudi smrtno in dosmrtno kazen v Srbiji ter razlike med psihopatom in obi\u010dajnimi ljudmi,\u00ab je bilo povedano na sodi\u0161\u010du. Ogledoval si je tudi pornografske vsebine.<\/p>\n<p><img decoding=\"async\" class=\"article__img-tag-visible\" src=\"https:\/\/www.europesays.com\/si\/wp-content\/uploads\/2026\/06\/3662124.width-660.format-webp.webp\" alt=\"Pomembno je dolo\u010diti odgovorne za mno\u017ei\u010dni umor in se iz tragedije kot dru\u017eba nekaj nau\u010diti. FOTO: Borna Jaksic\/Pixsell\" img_id=\"11627891\" data-img-id=\"11627891\"\/><\/p>\n<p>Pomembno je dolo\u010diti odgovorne za mno\u017ei\u010dni umor in se iz tragedije kot dru\u017eba nekaj nau\u010diti. FOTO: Borna Jaksic\/Pixsell<\/p>\n<p>De\u010dek morilec iz O\u0160 Vladislav Ribnikar je pred pokolom na internetu iskal podatke o \u0161olskih strelskih napadih, psihopatiji in zapornih kaznih.<\/p>\n<p>Sodnik je v obrazlo\u017eitvi sodbe njegovima star\u0161ema razkril podrobnosti, ki po ugotovitvah sodi\u0161\u010da ka\u017eejo na ve\u010dtedenske priprave na zlo\u010din.<\/p>\n<p>Ve\u010der pred pokolom<\/p>\n<p>Ve\u010der pred pokolom, 2. maja 2023, je iskal razli\u010dne vsebine, med katerimi so bile tudi poizvedbe, povezane z nasilnimi sredstvi in varnostnimi postopki.\u00a0\u00bbOd pribli\u017eno 20. ure dalje je na internetu iskal navodila za izdelavo Molotovljevih koktajlov, podatke o ukrajinskem ministrstvu za obrambo, igralne tipkovnice, smrtne kazni, MacBooke in informacije o tem, ali je mogo\u010de klju\u010davnico odpreti s pi\u0161tolo,\u00ab je navedel sodnik. Po njegovih besedah je mno\u017ei\u010dni morilec odlo\u010ditev za izvedbo pokola sprejel dva do tri tedne pred zlo\u010dinom, nekaj dni pred 3. majem pa je za\u010del konkretne priprave. V tem obdobju je sestavil seznam otrok, ki jih je nameraval ubiti, ter narisal skico \u0161ole.<\/p>\n<p>\u00bbMed pri\u010danjem je navedel, da je navdih na\u0161el v filmu o pokolu v Columbinu, kjer sta dva dijaka izvedla mno\u017ei\u010dni umor na \u0161oli v ZDA,\u00ab je bilo sli\u0161ati na sodi\u0161\u010du. Nekaj dni pred napadom je prekril kamere v stanovanju, da bi lahko neopazno vzel o\u010detovo oro\u017eje. Ugotovljeno je bilo, da je njegov o\u010de v tem \u010dasu uporabljal aplikacijo za nadzor kamer v stanovanju.\u00a0\u00bbPovzpel se je na stol, se smejal, mahal v kamero in jo nato prekril z majico. Kamere je zakril, da bi lahko poiskal oro\u017eje. Oro\u017eje, ki ga je hitro na\u0161el, je nato skrival v predalu svoje pisalne mize vse do dneva, ko ga je odnesel v \u0161olo,\u00ab pi\u0161e v sodbi.<\/p>\n<p>Jutro tragedije<\/p>\n<p>No\u010d med 2. in 3. majem je pre\u017eivel buden vse do zore. Usodnega jutra je iz stanovanja najprej od\u0161el o\u010de Vladimir, ki se je odpravil v slu\u017ebo, nato pa \u0161e mati s h\u010derko.\u00a0\u00bbTistega jutra nobeden od njiju ni stopil v njegovo sobo niti preveril, ali je od\u0161el v \u0161olo,\u00ab je navedel sodnik. Pred odhodom v \u0161olo je fotografiral oro\u017eje, v nahrbtnik pa pospravil dve pi\u0161toli in 92 nabojev. Ob 8.31 mu je mati poslala sporo\u010dilo: \u00bbSi uspel priti na prvo uro?\u00ab\u00a0Sedem minut pozneje se je za\u010del pokol.<\/p>\n<p>Ob 8.38 je izvlekel pi\u0161tolo in izstrelil prvi naboj proti varnostniku Draganu Vlahovi\u0107u. Nato je streljal na u\u010denke v \u0161olski avli. Streljal je tudi proti enemu izmed u\u010dencev, ki je be\u017eal po hodniku, vendar ga ni zadel. Nato je vstopil v u\u010dilnico zgodovine. Iz u\u010dilnice so skozi okno uspeli pobegniti \u0161tudent na praksi, dva de\u010dka in deklica. Pokol je trajal dve minuti in eno sekundo. Po streljanju je sko\u010dil skozi okno na \u0161olsko dvori\u0161\u010de.<\/p>\n<p>\u00bbStekel je proti drevesu, si z rokami zakril obraz, nato od\u0161el na drugi konec dvori\u0161\u010da in poklical policijo. Policistom je povedal, da je streljal in ranil ljudi. Dejal je, da je to storil, ker je psihopat,\u00ab je navedel sodnik. Kot je povedal med pri\u010danjem, je policijo poklical zato, ker je menil, da je to pravilno, pa tudi zato, ker se je bal, da bi ga kdo po\u0161kodoval.<\/p>\n<p>\u00bbStar\u0161a sta sokrivca\u00ab<\/p>\n<p>Biljana Paunovi\u0107, mati ubite Adriane Duki\u0107, je poudarila, da je pomembno dolo\u010diti odgovorne za mno\u017ei\u010dni umor in se iz tragedije kot dru\u017eba nekaj nau\u010diti.\u00a0\u00bbMoja Adriana je bila v \u0161oli ubita s sedmimi streli. To je nekaj nepredstavljivega. Star\u0161a sta imela dol\u017enost prepre\u010diti nepredstavljivo. Star\u0161i morajo vzgajati, nadzorovati in imeti radi svoje otroke. Tega Kecmanovi\u0107a nista znala. Ni pomembno, kdo je imel kak\u0161no vlogo. On je streljal, vendar sta mu dostop do oro\u017eja omogo\u010dila star\u0161a. Obstajali so opozorilni znaki, ki jih nista \u017eelela videti. Star\u0161a sta kriva in v tem primeru tudi sokrivca,\u00ab je dejala. Dodala je, da otrok potrebuje predvsem ljubezen in pozornost ter da meni, da je tega de\u010dku najbolj primanjkovalo, poro\u010da Mondo.<\/p>\n<p>Ninela Radi\u010devi\u0107, mati umorjene deklice Ane Bo\u017eovi\u0107, pa je\u00a0v novi epizodi video serije Povej!\u00a0priznala: \u00bbAninega nahrbtnika \u0161e nisem odprla\u00a0&#8230; Ne verjamem, da je vse to resni\u010dno do danes. \u010cakam, da bo pri\u0161la k meni.\u00ab<\/p>\n<p>Kaj vse je iskal na internetu?<\/p>\n<p>\tseznam \u0161olskih strelskih napadov v ZDA,<br \/>\n\tnajbolj znane \u0161olske strelce,<br \/>\n\trazlage za kompleks manjvrednosti in ve\u010dvrednosti,<br \/>\n\tkaj je antisocialna osebnostna motnja,<br \/>\n\trazliko med psihopati in obi\u010dajnimi ljudmi,<br \/>\n\tdosmrtno zaporno kazen v Srbiji,<br \/>\n\tkako se izdela Molotovljev koktajl,<br \/>\n\tigralne tipkovnice,<br \/>\n\tsmrtne kazni,<br \/>\n\tali je mogo\u010de klju\u010davnico odpreti s pi\u0161tolo.<\/p>\n","protected":false},"excerpt":{"rendered":"Kosta Kecmanovi\u0107 iz O\u0160 Vladislav Ribnikar, ki je 3. maja 2023 ubil devet u\u010dencev in \u0161olskega varnostnika, je&hellip;\n","protected":false},"author":2,"featured_media":137978,"comment_status":"","ping_status":"","sticky":false,"template":"","format":"standard","meta":{"footnotes":"","_share_on_mastodon":"0"},"categories":[8],"tags":[5626,1733,5623,13704,1391,37641,503,34969,37640,37,38,780,3817,9912,5622,64,63],"class_list":["post-137977","post","type-post","status-publish","format-standard","has-post-thumbnail","category-svet","tag-beograd","tag-dobro-jutro","tag-kosta-k","tag-kosta-kecmanovic","tag-orozje","tag-os-vladislava-ribnikarja","tag-otroci","tag-pokol","tag-psihopati","tag-slovene","tag-slovenscina","tag-srbija","tag-streljanje","tag-strelski-napad","tag-strelski-pohod","tag-svet","tag-world"],"share_on_mastodon":{"url":"https:\/\/pubeurope.com\/@si\/116803783144610505","error":""},"_links":{"self":[{"href":"https:\/\/www.europesays.com\/si\/wp-json\/wp\/v2\/posts\/137977","targetHints":{"allow":["GET"]}}],"collection":[{"href":"https:\/\/www.europesays.com\/si\/wp-json\/wp\/v2\/posts"}],"about":[{"href":"https:\/\/www.europesays.com\/si\/wp-json\/wp\/v2\/types\/post"}],"author":[{"embeddable":true,"href":"https:\/\/www.europesays.com\/si\/wp-json\/wp\/v2\/users\/2"}],"replies":[{"embeddable":true,"href":"https:\/\/www.europesays.com\/si\/wp-json\/wp\/v2\/comments?post=137977"}],"version-history":[{"count":0,"href":"https:\/\/www.europesays.com\/si\/wp-json\/wp\/v2\/posts\/137977\/revisions"}],"wp:featuredmedia":[{"embeddable":true,"href":"https:\/\/www.europesays.com\/si\/wp-json\/wp\/v2\/media\/137978"}],"wp:attachment":[{"href":"https:\/\/www.europesays.com\/si\/wp-json\/wp\/v2\/media?parent=137977"}],"wp:term":[{"taxonomy":"category","embeddable":true,"href":"https:\/\/www.europesays.com\/si\/wp-json\/wp\/v2\/categories?post=137977"},{"taxonomy":"post_tag","embeddable":true,"href":"https:\/\/www.europesays.com\/si\/wp-json\/wp\/v2\/tags?post=137977"}],"curies":[{"name":"wp","href":"https:\/\/api.w.org\/{rel}","templated":true}]}}