{"id":138517,"date":"2026-06-24T15:12:07","date_gmt":"2026-06-24T15:12:07","guid":{"rendered":"https:\/\/www.europesays.com\/si\/138517\/"},"modified":"2026-06-24T15:12:07","modified_gmt":"2026-06-24T15:12:07","slug":"prometni-kolaps-povsod-zastoji-potekalo-resevanje-ujetih","status":"publish","type":"post","link":"https:\/\/www.europesays.com\/si\/138517\/","title":{"rendered":"Prometni kolaps! Povsod zastoji, potekalo re\u0161evanje ujetih"},"content":{"rendered":"<p>Na na\u0161ih cestah je \u017ee kaoti\u010dno.<\/p>\n<p>V nadaljevanju preberite:<\/p>\n<p>Zadnji dan \u0161ole je povzro\u010dil mo\u010dno pove\u010dan promet po Sloveniji, predvsem proti turisti\u010dnim krajem in hrva\u0161ki meji, kar je \u017ee povzro\u010dilo ve\u010d zastojev.<br \/>\nNa ve\u010d avtocestah in hitrih cestah so okvare vozil in prometne nesre\u010de povzro\u010dile zapore pasov in dodatne zastoje.<br \/>\nNajhuje je na \u0161tajerski, primorski in ljubljanski obvoznici, kjer se promet povsod mo\u010dno upo\u010dasnjuje in nastajajo dalj\u0161i zastoji v obe smeri.<\/p>\n<p>Zadnji dan \u0161ole je poskrbel za kaoti\u010dno stanje na slovenskih cestah. Prometno-informacijski center (PIC) je \u017ee za danes<a href=\"https:\/\/www.zurnal24.si\/avto\/je-bilo-do-zdaj-hudo-prometni-strokovnjaki-opozarjajo-na-to-kar-prihaja-461123\" rel=\"nofollow noopener\" target=\"_blank\"> napovedal gostej\u0161i promet<\/a>, predvsem proti turisti\u010dnim sredi\u0161\u010dem in mejnim prehodom s Hrva\u0161ko.<\/p>\n<p>Uresni\u010ditev napovedi<\/p>\n<p>Prometne napovedi pa so se \u017ee uresni\u010dile. Vipavska hitra cesta je namre\u010d zaprta med Vipavo in Razdrtim proti Razdrtem zaradi okvare tovornega vozila. Zaradi re\u0161evanja ujetih v zastoju je bila popolna zapora kratkotrajno tudi proti Vipavi. Cesta\u00a0je znova obi\u010dajno prevozna.<\/p>\n<p>Na primorski avtocesti pa je bil zaradi prometne nesre\u010de pred Logatcem proti Kopru zaprt prehitevalni pas. Nastaja zastoj. Zaradi okvare vozila je na primorski avtocesti pred Logatcem proti Kopru \u0161e vedno zaprt po\u010dasni pas.<\/p>\n<p><a href=\"https:\/\/www.zurnal24.si\/slovenija\/mailto:dezurni@styria-media.si\" rel=\"nofollow noopener\" target=\"_blank\">dezurni@styria-media.si<\/a><\/p>\n","protected":false},"excerpt":{"rendered":"Na na\u0161ih cestah je \u017ee kaoti\u010dno. V nadaljevanju preberite: Zadnji dan \u0161ole je povzro\u010dil mo\u010dno pove\u010dan promet po&hellip;\n","protected":false},"author":2,"featured_media":138518,"comment_status":"","ping_status":"","sticky":false,"template":"","format":"standard","meta":{"footnotes":"","_share_on_mastodon":"0"},"categories":[6],"tags":[1527,9911,37710,538,2584,59,61,62,37,58,60,38,1172,4541],"class_list":["post-138517","post","type-post","status-publish","format-standard","has-post-thumbnail","category-slovenija","tag-dars","tag-obvoznica","tag-pic","tag-pocitnice","tag-primorska","tag-republic-of-slovenia","tag-republika-slovenija","tag-si","tag-slovene","tag-slovenia","tag-slovenija","tag-slovenscina","tag-stajerska","tag-zastoj"],"share_on_mastodon":{"url":"https:\/\/pubeurope.com\/@si\/116805733267678639","error":""},"_links":{"self":[{"href":"https:\/\/www.europesays.com\/si\/wp-json\/wp\/v2\/posts\/138517","targetHints":{"allow":["GET"]}}],"collection":[{"href":"https:\/\/www.europesays.com\/si\/wp-json\/wp\/v2\/posts"}],"about":[{"href":"https:\/\/www.europesays.com\/si\/wp-json\/wp\/v2\/types\/post"}],"author":[{"embeddable":true,"href":"https:\/\/www.europesays.com\/si\/wp-json\/wp\/v2\/users\/2"}],"replies":[{"embeddable":true,"href":"https:\/\/www.europesays.com\/si\/wp-json\/wp\/v2\/comments?post=138517"}],"version-history":[{"count":0,"href":"https:\/\/www.europesays.com\/si\/wp-json\/wp\/v2\/posts\/138517\/revisions"}],"wp:featuredmedia":[{"embeddable":true,"href":"https:\/\/www.europesays.com\/si\/wp-json\/wp\/v2\/media\/138518"}],"wp:attachment":[{"href":"https:\/\/www.europesays.com\/si\/wp-json\/wp\/v2\/media?parent=138517"}],"wp:term":[{"taxonomy":"category","embeddable":true,"href":"https:\/\/www.europesays.com\/si\/wp-json\/wp\/v2\/categories?post=138517"},{"taxonomy":"post_tag","embeddable":true,"href":"https:\/\/www.europesays.com\/si\/wp-json\/wp\/v2\/tags?post=138517"}],"curies":[{"name":"wp","href":"https:\/\/api.w.org\/{rel}","templated":true}]}}