{"id":138706,"date":"2026-06-24T18:53:13","date_gmt":"2026-06-24T18:53:13","guid":{"rendered":"https:\/\/www.europesays.com\/si\/138706\/"},"modified":"2026-06-24T18:53:13","modified_gmt":"2026-06-24T18:53:13","slug":"princ-william-v-druzbi-zvezdnice","status":"publish","type":"post","link":"https:\/\/www.europesays.com\/si\/138706\/","title":{"rendered":"Princ William v dru\u017ebi zvezdnice"},"content":{"rendered":"<p>Emma Watson se je skupaj s princem Williamom in igralcem Benedictom Cumberbatchom v okviru londonskega Tedna podnebnih ukrepov\u00a0udele\u017eila poslovnega foruma organizacije kraljevega sklada Zdru\u017eeni za\u00a0prosto\u017eive\u010de \u017eivali. Na dogodku je skupaj z drugima gostoma sodelovala v pogovoru o naravi in skupni odgovornosti za njeno za\u0161\u010dito. Poudarila je pomen pripovedovanja zgodb v poslovnem svetu ter transparentnosti pri komuniciranju okoljskih vpra\u0161anj.<\/p>\n<p><img decoding=\"async\" class=\"article__img-tag-visible\" src=\"https:\/\/www.europesays.com\/si\/wp-content\/uploads\/2026\/06\/3664529.width-660.format-webp.webp\" alt=\"FOTO: Kirsty Wigglesworth\/Afp\" img_id=\"11634501\" data-img-id=\"11634501\"\/><\/p>\n<p>FOTO: Kirsty Wigglesworth\/Afp<\/p>\n<p>\u00bbPripovedovanje zgodb je resni\u010dno mo\u010dno in zgodba, ki jo kot blagovna znamka pripoveduje\u0161, ter na\u010din, kako o teh vpra\u0161anjih govori\u0161, sta zelo pomembna,\u00ab je dejala Watsonova. Dodala je, da je to \u0161e posebej pomembno za mlade. Emma Watson je \u017ee prej podpirala pobude princa Williama, zlasti projekt za nagrado earthshot, ki ga vodi vali\u017eanski princ. Leta 2021 je v Londonu na prvi podelitvi nagrad predstavila kategorijo re\u0161imo na\u0161e podnebje\u00a0(Fix Our Climate).<\/p>\n<p><img decoding=\"async\" class=\"article__img-tag-visible\" src=\"https:\/\/www.europesays.com\/si\/wp-content\/uploads\/2026\/06\/3664528.width-660.format-webp.webp\" alt=\"FOTO: Kirsty Wigglesworth\/Afp\" img_id=\"11634491\" data-img-id=\"11634491\"\/><\/p>\n<p>FOTO: Kirsty Wigglesworth\/Afp<\/p>\n<p>Spomin na Harryja Potterja<\/p>\n<p>Med govorom je\u00a0 delila anekdoto iz \u010dasa snemanja filmov o Harryju Potterju, ko je neko\u010d mislila, da fotografi fotografirajo njo, v resnici pa so bili usmerjeni v naravo. Opisala je, kako je sprva mislila, da so fotografi pred njenim domom zaradi nje, a se je izkazalo, da so bili tam zaradi opazovanja redke ptice, rde\u010dega lunja. Igralka\u00a0je znana po svojem aktivizmu tudi zunaj igralske kariere. Leta 2014 je bila imenovana za ambasadorko Zdru\u017eenih narodov za \u017eenske (UN Women) in je pomagala pri kampanji HeForShe. Kasneje je sodelovala tudi pri pobudi Time\u2019s Up, ki nudi pravno pomo\u010d \u017eenskam, ki so do\u017eivele spolno nadlegovanje na delovnem mestu, pi\u0161e People.<\/p>\n","protected":false},"excerpt":{"rendered":"Emma Watson se je skupaj s princem Williamom in igralcem Benedictom Cumberbatchom v okviru londonskega Tedna podnebnih ukrepov\u00a0udele\u017eila&hellip;\n","protected":false},"author":2,"featured_media":138707,"comment_status":"","ping_status":"","sticky":false,"template":"","format":"standard","meta":{"footnotes":"","_share_on_mastodon":"0"},"categories":[8],"tags":[37743,4160,2596,37,38,64,4190,63],"class_list":["post-138706","post","type-post","status-publish","format-standard","has-post-thumbnail","category-svet","tag-emma-watson","tag-narava","tag-princ-william","tag-slovene","tag-slovenscina","tag-svet","tag-varovanje","tag-world"],"share_on_mastodon":{"url":"https:\/\/pubeurope.com\/@si\/116806602290882810","error":""},"_links":{"self":[{"href":"https:\/\/www.europesays.com\/si\/wp-json\/wp\/v2\/posts\/138706","targetHints":{"allow":["GET"]}}],"collection":[{"href":"https:\/\/www.europesays.com\/si\/wp-json\/wp\/v2\/posts"}],"about":[{"href":"https:\/\/www.europesays.com\/si\/wp-json\/wp\/v2\/types\/post"}],"author":[{"embeddable":true,"href":"https:\/\/www.europesays.com\/si\/wp-json\/wp\/v2\/users\/2"}],"replies":[{"embeddable":true,"href":"https:\/\/www.europesays.com\/si\/wp-json\/wp\/v2\/comments?post=138706"}],"version-history":[{"count":0,"href":"https:\/\/www.europesays.com\/si\/wp-json\/wp\/v2\/posts\/138706\/revisions"}],"wp:featuredmedia":[{"embeddable":true,"href":"https:\/\/www.europesays.com\/si\/wp-json\/wp\/v2\/media\/138707"}],"wp:attachment":[{"href":"https:\/\/www.europesays.com\/si\/wp-json\/wp\/v2\/media?parent=138706"}],"wp:term":[{"taxonomy":"category","embeddable":true,"href":"https:\/\/www.europesays.com\/si\/wp-json\/wp\/v2\/categories?post=138706"},{"taxonomy":"post_tag","embeddable":true,"href":"https:\/\/www.europesays.com\/si\/wp-json\/wp\/v2\/tags?post=138706"}],"curies":[{"name":"wp","href":"https:\/\/api.w.org\/{rel}","templated":true}]}}