{"id":141066,"date":"2026-06-27T08:02:08","date_gmt":"2026-06-27T08:02:08","guid":{"rendered":"https:\/\/www.europesays.com\/si\/141066\/"},"modified":"2026-06-27T08:02:08","modified_gmt":"2026-06-27T08:02:08","slug":"iz-red-bulla-so-potrdili-evenepoel-bo-izpustil-drzavno-prvenstvo-kaj-bo-s-tourom","status":"publish","type":"post","link":"https:\/\/www.europesays.com\/si\/141066\/","title":{"rendered":"Iz Red Bulla so potrdili: Evenepoel bo izpustil dr\u017eavno prvenstvo. Kaj bo s Tourom?"},"content":{"rendered":"<p>Iz ekipe Red Bull &#8211; BORA &#8211; hansgrohe so potrdili, da Remco Evenepoel v nedeljo ne bo nastopil na belgijskem dr\u017eavnem prvenstvu v cestni vo\u017enji, \u010deprav je udele\u017eba tam obvezna. Kot so sporo\u010dili na novinarskem sre\u010danju prek Zooma, bo belgijski zvezdnik dirko izpustil, ker se \u017eeli v celoti osredoto\u010diti na Dirko po Franciji, ki se bo za\u010dela \u010dez natanko teden dni v Barceloni.<\/p>\n<p>Kot smo \u017ee poro\u010dali, je za belgijske profesionalne kolesarje nastop na dr\u017eavnem prvenstvu obvezen, izjema je praviloma mogo\u010da le v primeru zdravstvenih te\u017eav. \u010ce kolesar prvenstvo izpusti brez zdravni\u0161kega ali drugega tehtnega opravi\u010dila, mu Belgijska kolesarska zveza lahko nalo\u017ei devetdnevno prepoved nastopanja,\u00a0pri \u010demer je v teh devet dni v\u0161tet tudi dan dirke, kar bi veljalo tudi za za\u010detek Dirke po Franciji, ki se za\u010denja \u010dez natanko teden dni, z ekipnim kronometrom v Barceloni.\u00a0<\/p>\n<p>Evenepoel zdravstvenih te\u017eav\u00a0nima, zato bo zanimivo spremljati, kak\u0161en bo argument ekipe. &#8220;Ekipa bo kmalu podala dodatna pojasnila,&#8221; je po poro\u010danju spletnega portala WieleFflits\u00a0skrivnostno namignil tiskovni predstavnik ekipe Gabriele Uboldi.<\/p>\n<p>ANKETA<br \/>\nAli se strinjate s pravilnikom Belgijske kolesarske zveze, da morajo belgijski profesionalni kolesarji nastopiti na dr\u017eavnem prvenstvu, sicer jim grozi kazen?<\/p>\n<p>Da! Podobno bi morali uvesti tudi v Sloveniji. <\/p>\n<p>26 glasov<\/p>\n<p>Ne, kolesarji naj sledijo svojemu programu oz. programu, ki jim ga dolo\u010di ekipa. <\/p>\n<p>22 glasov<\/p>\n<p>Oddanih 48 glasov<\/p>\n<p>Pri krovni organizaciji belgijskega kolesarstva glede tega ostajajo neomajni.\u00a0Massimo Van Lancker, \u0161portni direktor Belgijske kolesarske zveze, je za prej omenjeni medij\u00a0poudaril, da zveza za Evenepoela ne namerava narediti izjeme.<\/p>\n<p>&#8220;Ne, izjem ni. Belgijsko dr\u017eavno prvenstvo v cestni vo\u017enji je obvezno za vsakega profesionalnega kolesarja, ne glede na njegov profil ali status,&#8221;\u00a0vztraja Van Lancker.<\/p>\n<p>Pravno gledano bi bil lahko nastop dvakratnega olimpijskega prvaka na Touru res ogro\u017een, \u010deprav gre za polo\u017eaj brez pravega precedensa. &#8220;\u010ce komisar UCI ob startu Toura od kolesarja zahteva licenco, ta pa je suspendiran s strani Belgijske kolesarske zveze, kolesar ne more predlo\u017eiti veljavne licence,&#8221; je za WielerFlits pojasnil odvetnik in kolesarski mened\u017eer Billy Reynders.<\/p>\n<p>Prvotno na startni listi dr\u017eavnega prvenstva ni bilo niti Tima Wellensa (UAE Emirates), ki je prav tako v postavi za Tour, a je pozneje vseeno nastopil na cestni dirki in tako izpolnil pravila doma\u010de kolesarske zveze.\u00a0<\/p>\n<p>Za zdaj tako ostaja odprto vpra\u0161anje, ali bo belgijska zveza dejansko posegla po najstro\u017ejem ukrepu ali je bilo dogajanje v zadnjih dneh samo zgodba v stilu &#8220;veliko hrupa za ni\u010d&#8221;?<\/p>\n<p>Evenepoel je sicer potrdil, da je v odli\u010dni formi. &#8220;Za razliko od lani sem lahko na pripravah opravil vse na\u010drtovane trening bloke. Te\u017ea se je zni\u017eala, mo\u010d pa je ostala.\u00a0V primerjavi z lanskim letom sem izjemno zadovoljen. Na start prihajam v najbolj\u0161em mo\u017enem stanju in vesel sem, kje sem trenutno.&#8221;<\/p>\n<p>Preberite \u0161e:<\/p>\n","protected":false},"excerpt":{"rendered":"Iz ekipe Red Bull &#8211; BORA &#8211; hansgrohe so potrdili, da Remco Evenepoel v nedeljo ne bo nastopil&hellip;\n","protected":false},"author":2,"featured_media":141067,"comment_status":"","ping_status":"","sticky":false,"template":"","format":"standard","meta":{"footnotes":"","_share_on_mastodon":"0"},"categories":[16],"tags":[2855,3248,1744,4559,62,37,58,60,38,94,93],"class_list":["post-141066","post","type-post","status-publish","format-standard","has-post-thumbnail","category-sport","tag-belgija","tag-dirka-po-franciji","tag-pravila","tag-remco-evenepoel","tag-si","tag-slovene","tag-slovenia","tag-slovenija","tag-slovenscina","tag-sport","tag-sports"],"share_on_mastodon":{"url":"https:\/\/pubeurope.com\/@si\/116821029334904621","error":""},"_links":{"self":[{"href":"https:\/\/www.europesays.com\/si\/wp-json\/wp\/v2\/posts\/141066","targetHints":{"allow":["GET"]}}],"collection":[{"href":"https:\/\/www.europesays.com\/si\/wp-json\/wp\/v2\/posts"}],"about":[{"href":"https:\/\/www.europesays.com\/si\/wp-json\/wp\/v2\/types\/post"}],"author":[{"embeddable":true,"href":"https:\/\/www.europesays.com\/si\/wp-json\/wp\/v2\/users\/2"}],"replies":[{"embeddable":true,"href":"https:\/\/www.europesays.com\/si\/wp-json\/wp\/v2\/comments?post=141066"}],"version-history":[{"count":0,"href":"https:\/\/www.europesays.com\/si\/wp-json\/wp\/v2\/posts\/141066\/revisions"}],"wp:featuredmedia":[{"embeddable":true,"href":"https:\/\/www.europesays.com\/si\/wp-json\/wp\/v2\/media\/141067"}],"wp:attachment":[{"href":"https:\/\/www.europesays.com\/si\/wp-json\/wp\/v2\/media?parent=141066"}],"wp:term":[{"taxonomy":"category","embeddable":true,"href":"https:\/\/www.europesays.com\/si\/wp-json\/wp\/v2\/categories?post=141066"},{"taxonomy":"post_tag","embeddable":true,"href":"https:\/\/www.europesays.com\/si\/wp-json\/wp\/v2\/tags?post=141066"}],"curies":[{"name":"wp","href":"https:\/\/api.w.org\/{rel}","templated":true}]}}