{"id":141115,"date":"2026-06-27T08:55:13","date_gmt":"2026-06-27T08:55:13","guid":{"rendered":"https:\/\/www.europesays.com\/si\/141115\/"},"modified":"2026-06-27T08:55:13","modified_gmt":"2026-06-27T08:55:13","slug":"festival-exit-selitev-iz-novega-sada-kot-nov-zacetek","status":"publish","type":"post","link":"https:\/\/www.europesays.com\/si\/141115\/","title":{"rendered":"Festival Exit \u2013 selitev iz Novega Sada kot nov za\u010detek?"},"content":{"rendered":"<p>\t\t\t\t\t\t\t\t<a href=\"https:\/\/www.europesays.com\/si\/wp-content\/uploads\/2026\/06\/67056366.jpg\" itemprop=\"contentUrl\" data-size=\"1200x800\" data-large=\"https:\/\/www.europesays.com\/si\/wp-content\/uploads\/2026\/06\/67056366.jpg\"><br \/>\n\t\t\t\t\t\t\t\t\t<img decoding=\"async\" src=\"https:\/\/www.europesays.com\/si\/wp-content\/uploads\/2026\/06\/67056366.jpg\" title=\"Spomin na lansko izvedbo festivala Exit. Foto: Exit Photo Team\" alt=\"Spomin na lansko izvedbo festivala Exit. Foto: Exit Photo Team\"\/><br \/>\n\t\t\t\t\t\t\t\t<\/a><\/p>\n<p>\t\t\t\t\t\t\t\t\tSpomin na lansko izvedbo festivala Exit. Foto: Exit Photo Team<\/p>\n<p>\t\t\t\t\t\t\t<a id=\"preferredSourceBanner\" href=\"#\" target=\"_blank\" class=\"d-none align-items-center justify-content-between rounded my-3\" style=\"background-color: #F2F6FC; padding: 10px 15px;\"><br \/>\n\t\t\t\t\t\t<img decoding=\"async\" src=\"https:\/\/img.rtvslo.si\/_static\/novi\/img\/ico-google.svg\" class=\"flex-shrink-0 mr-3\"\/><br \/>\n\t\t\t\t\t\tSpremljajte RTVSLO.si kot prednostni vir na Google<\/p>\n<p>\t\t\t\t\t<\/a><\/p>\n<p>Ob\u010dutek je, da se zgodovina vra\u010da, saj se v Srbiji od leta 2024 znova vrstijo mno\u017ei\u010dni protesti. Zgodovinski in dru\u017ebeni kontekst je seveda danes druga\u010den, a prst je \u0161e vedno uperjen proti oblasti, ker je po mnenju protestnikov pre\u017eeta s korupcijo in klientelizmom. Povod za novi val protestov je tragi\u010dna nesre\u010da na novosadski \u017eelezni\u0161ki postaji novembra leta 2024, ko se je zru\u0161il nadstre\u0161ek in zahteval 16 smrtnih \u017ertev. \u0160tudenti zahtevajo odgovornost za \u017ertve, pred\u010dasne volitve in demokratizacijo dr\u017eave.<\/p>\n<p>Oglas<\/p>\n<p>&#8220;Mi smo \u0161tudente seveda vedno podprli,&#8221; sta izjavila ustanovitelja Exita Ivan Milivojev in Du\u0161an Kova\u010devi\u0107 (ta je hkrati izvr\u0161ni direktor), ki smo ju ujeli na nedavni konferenci Bridge Conference v Savudriji, ta je bila namenjena glasbeni industriji, predvsem elektronski sceni.<\/p>\n<p>\t\t\t\t\t\t\t\t<a href=\"https:\/\/www.europesays.com\/si\/wp-content\/uploads\/2026\/06\/67056360.jpg\" itemprop=\"contentUrl\" data-size=\"1200x800\" data-large=\"https:\/\/www.europesays.com\/si\/wp-content\/uploads\/2026\/06\/67056360.jpg\"><br \/>\n\t\t\t\t\t\t\t\t\t<img decoding=\"async\" src=\"https:\/\/www.europesays.com\/si\/wp-content\/uploads\/2026\/06\/67056360.jpg\" title=\"Festivalska ekipa leta 2001. Foto: Exit Photo Team\" alt=\"Festivalska ekipa leta 2001. Foto: Exit Photo Team\"\/><br \/>\n\t\t\t\t\t\t\t\t<\/a><\/p>\n<p>\t\t\t\t\t\t\t\t\tFestivalska ekipa leta 2001. Foto: Exit Photo Team<\/p>\n<p>\t\t\t\t\t\t\t&#8220;Takoj ko bo mogo\u010de, se vrnemo k na\u0161im koreninam&#8221;<\/p>\n<p>&#8220;Exit je dejansko edini festival, ki podpira \u0161tudente. Sami smo za\u010deli v tem duhu, razmere so zdaj podobne in tako je krog nekako sklenjen. V \u010dasu nesre\u010de v Novem Sadu smo imeli potrjen \u017ee ve\u010dji del programa in izvajalce. Zna\u0161li smo se v precepu, saj smo po eni strani \u0161tudente podpirali, po drugi pa smo se zavedali, da bo v danih razmerah zelo te\u017eko izpeljati tak dogodek. Za nas je bila to tragedija v tragediji. \u0160e vedno upamo, da se bomo vrnili. \u010ce se bo to res zgodilo, bomo ta dogodek veli\u010dastno proslavili,&#8221; je dejal Milivojev.<\/p>\n<p>Lani julija jim je Exit vendarle uspelo izpeljati v rojstnem kraju in \u2013 \u010deprav z veliko mero zaskrbljenosti in grenkim priokusom \u2013 po\u010dastiti njegovo 25-letnico. Vse bolj pa so se krepila namigovanja, da se bo festival odselil iz Srbije. V tistem hipu je le malokdo verjel, da se bo to zgodilo, saj se je v Novem Sadu mo\u010dno ukoreninil tudi z vidika identitete in prepoznavnosti. A kmalu so se namigovanja izkazala za resni\u010dna, saj so se ustanovitelji odlo\u010dili, da krenejo na neke vrste svetovne turneje \u2013 letos na Malto, v Severno Makedonijo, Egipt, Indijo in na njihove \u017ee tradicionalne &#8220;podru\u017eni\u0161ke&#8221; festivale, kot sta Sea Star v Umagu in Sea Dance v \u010crni gori.<\/p>\n<p>\t\t\t\t\t\t\t\t<a href=\"https:\/\/www.europesays.com\/si\/wp-content\/uploads\/2026\/06\/67056372.jpg\" itemprop=\"contentUrl\" data-size=\"1200x800\" data-large=\"https:\/\/www.europesays.com\/si\/wp-content\/uploads\/2026\/06\/67056372.jpg\"><br \/>\n\t\t\t\t\t\t\t\t\t<img decoding=\"async\" src=\"https:\/\/www.europesays.com\/si\/wp-content\/uploads\/2026\/06\/67056372.jpg\" title=\"Kultno prizori\u0161\u010de na Petrovaradinski trdnjavi v Novem Sadu. Foto: Claudia Raspoli\u010d\" alt=\"Kultno prizori\u0161\u010de na Petrovaradinski trdnjavi v Novem Sadu. Foto: Claudia Raspoli\u010d\"\/><br \/>\n\t\t\t\t\t\t\t\t<\/a><\/p>\n<p>\t\t\t\t\t\t\t\t\tKultno prizori\u0161\u010de na Petrovaradinski trdnjavi v Novem Sadu. Foto: Claudia Raspoli\u010d<\/p>\n<p>\t\t\t\t\t\t\tNegotovost v Srbiji vpliva tudi na druge \u010dlane &#8220;dru\u017eine Exit&#8221;<\/p>\n<p>Kako so te &#8220;podru\u017enice&#8221; ob\u010dutile leto\u0161nje spremembe? &#8220;Vsa ta leta je bil Exit na\u0161e sidri\u0161\u010de, imeli smo neko rutino. Letos smo se zna\u0161li v dokaj te\u017eki situaciji, a vendar razumemo, da so ustanovitelji podprli \u0161tudente in poiskali re\u0161itve, da obdr\u017eijo kontinuiteto. \u0160e naprej si bomo prizadevali, da zagotovimo kakovostne nastopajo\u010de s sredstvi, ki jih imamo na razpolago. Na\u0161 prora\u010dun ni izjemno visok, vendar menimo, da smo se dobro utrdili med ob\u010dinstvom in tudi v samem Umagu, saj je mesto prepoznalo, da ima od tega korist,&#8221; je dejal Sanjin \u0110uki\u0107, direktor Sea Stara.<\/p>\n<p>Taki dogodki so kot &#8220;\u017eiva bitja&#8221;, ki ves \u010das potrebujejo veliko pozornosti, spretnosti in prilagajanja trgu, saj je konkurenca neizprosna. Glasbenih dogodkov na elektronski sceni je namre\u010d veliko \u2013 samo na Hrva\u0161kem konkurirajo z Ultro Europe v Splitu in s festivalom INmusic v Zagrebu.<\/p>\n<p>\t\t\t\t\t\t\t\t<a href=\"https:\/\/www.europesays.com\/si\/wp-content\/uploads\/2026\/06\/67056371.jpg\" itemprop=\"contentUrl\" data-size=\"1200x800\" data-large=\"https:\/\/www.europesays.com\/si\/wp-content\/uploads\/2026\/06\/67056371.jpg\"><br \/>\n\t\t\t\t\t\t\t\t\t<img decoding=\"async\" src=\"https:\/\/www.europesays.com\/si\/wp-content\/uploads\/2026\/06\/67056371.jpg\" title=\"Ivan Milivojev (levo) in Du\u0161an Kova\u010devi\u0107. Foto: Claudia Raspoli\u010d\" alt=\"Ivan Milivojev (levo) in Du\u0161an Kova\u010devi\u0107. Foto: Claudia Raspoli\u010d\"\/><br \/>\n\t\t\t\t\t\t\t\t<\/a><\/p>\n<p>\t\t\t\t\t\t\t\t\tIvan Milivojev (levo) in Du\u0161an Kova\u010devi\u0107. Foto: Claudia Raspoli\u010d<\/p>\n<p>Kova\u010devi\u0107 ne skriva, da je v ozadju precej pritiskov in negotovosti, obenem pa se zaveda, da je za mno\u017ei\u010dne dogodke klju\u010dna podpora dr\u017eave. &#8220;Odziv srbske vlade je bil oster, ukinili so vse subvencije za festival, saj smo vsako leto turizmu prina\u0161ali ve\u010d deset milijonov evrov. Na\u0161 glavni sponzor, ki nas je podpiral od samega za\u010detka, je moral zaradi gro\u017eenj z nami prekiniti pogodbo. Na zadnjem velikem protestu, na katerem se je zbralo skoraj 200.000 ljudi, so aretirali tudi mojega brata in na tak na\u010din nadaljevali pritisk na Exit, da prenehamo podpirati \u0161tudente. Mi tega seveda ne bomo storili.&#8221;<\/p>\n<p>Kova\u010devi\u0107 obenem ne skriva ostrih stali\u0161\u010d do Srbije: &#8220;Trenutno je to nevarna, nestabilna dr\u017eava in vsi pri\u010dakujejo, da se bodo razmere spremenile z naslednjimi parlamentarnimi volitvami. \u017deleli bi, da jih \u010dim prej razpi\u0161ejo. Mi smo sicer navajeni te\u017ekih razmer, saj smo v njih zrasli. Bili smo, na primer, prvi festival, ki se je zgodil po pandemiji, zdaj gremo na turnejo, ravnokar smo podpisali pogodbo za nekaj milijonov evrov s \u010crno goro, kjer bomo organizirali dva ve\u010dja dogodka.&#8221; <\/p>\n<p>\t\t\t\t\t\t\t\t<a href=\"https:\/\/www.europesays.com\/si\/wp-content\/uploads\/2026\/06\/67056369.jpg\" itemprop=\"contentUrl\" data-size=\"1200x800\" data-large=\"https:\/\/www.europesays.com\/si\/wp-content\/uploads\/2026\/06\/67056369.jpg\"><br \/>\n\t\t\t\t\t\t\t\t\t<img decoding=\"async\" src=\"https:\/\/www.europesays.com\/si\/wp-content\/uploads\/2026\/06\/67056369.jpg\" title=\"Festival Sea Star v Umagu. Foto: Claudia Raspoli\u010d\" alt=\"Festival Sea Star v Umagu. Foto: Claudia Raspoli\u010d\"\/><br \/>\n\t\t\t\t\t\t\t\t<\/a><\/p>\n<p>\t\t\t\t\t\t\t\t\tFestival Sea Star v Umagu. Foto: Claudia Raspoli\u010d<\/p>\n<p>\t\t\t\t\t\t\t&#8220;Festivali so ve\u010d kot glasba in zabava&#8221;<\/p>\n<p>Niso pa vsi obiskovalci pripravljeni izraziti nezadovoljstva do te\u017eav v lastni dr\u017eavi in zaradi vojn, ki divjajo v svetu. &#8220;\u0160e veliko je dela s spodbujanjem festivalov, da so bolj dru\u017ebeno ozave\u0161\u010deni. Ne moremo se delati, kot da se okoli nas ni\u010d ne dogaja. Seveda lahko ple\u0161emo in se zabavamo, ampak tako, da to energijo usmerimo v nekaj \u0161e ve\u010djega in bolj\u0161ega,&#8221; je dejal Kova\u010devi\u0107, ki se z nostalgijo spominja prvih korakov Exita iz leta 2000, ko sta bila postavljena le dva odra \u2013 eden v Univerzitetnem parku, kjer so se dogajali razli\u010dni kulturni dogodki, ob koncih tedna pa prete\u017eno koncerti, drugi pa na pla\u017ei ob Donavi.<\/p>\n<p>&#8220;\u0160tudenti so prihajali vse poletje, vse ve\u010d jih je bilo v \u010dasu volitev, ko je Milo\u0161evi\u0107 dobesedno ukradel glasove. Takrat smo dejansko razmi\u0161ljali o pravi revoluciji in to se je zgodilo, ko je bil Milo\u0161evi\u0107 aretiran. \u017de pred tem smo sanjali, da bi menjali prizori\u0161\u010de, ves \u010das smo zrli na Petrovaradinsko trdnjavo. Ta \u017eelja se nam je potem dejansko uresni\u010dila. Izku\u0161enj nismo imeli, u\u010dili smo se iz svojih napak, vendar nam je uspelo ustvariti festival, ki je trajal devet dni. Spali smo vsak tretji dan,&#8221; se spominja Milivojev. Gnalo jih je prepri\u010danje, da glasba lahko spi\u0161e novo poglavje, tudi z vidika ponudbe, saj se je bilo treba za ve\u010dje izvajalce odpraviti v tujino.<\/p>\n<p>Dodala sta, da so takrat &#8220;\u010dutili, da se po temnih \u010dasih in vojnah, ki so se zgodile na Balkanu, narodi lahko znova pove\u017eejo. Na\u0161a glavna naloga je bila, da razvijemo zavest o pomembnosti miru in svobode. Ta energija je dosegla vrhunec tako, da so jo za\u010dutili tudi izvajalci, ki so se zato radi vra\u010dali. Exit je postal mednarodni dogodek z velikim \u0161tevilom obiskovalcev, ve\u010dkrat progla\u0161en za najbolj\u0161ega na svetu. V nekem trenutku smo morali omejiti prodajo vstopnic v tujini, saj smo se bali, da bi Exit izgubil svoj zna\u010daj. Nam je bilo pomembno tudi to, da obdr\u017eimo ravnovesje.&#8221;<\/p>\n<p>Na vpra\u0161anje, ali so kdaj razmi\u0161ljali, da bi lahko bila tudi Slovenija ena do njihovih etap, pa je Kova\u010devi\u0107 odgovoril: &#8220;\u010ce bi nas uradno povabila, zakaj ne?&#8221; <\/p>\n<p>Oglas<\/p>\n","protected":false},"excerpt":{"rendered":"Spomin na lansko izvedbo festivala Exit. Foto: Exit Photo Team Spremljajte RTVSLO.si kot prednostni vir na Google Ob\u010dutek&hellip;\n","protected":false},"author":2,"featured_media":141116,"comment_status":"","ping_status":"","sticky":false,"template":"","format":"standard","meta":{"footnotes":"","_share_on_mastodon":"0"},"categories":[18],"tags":[114,38195,3247,952,62,37,58,60,38,780,115],"class_list":["post-141115","post","type-post","status-publish","format-standard","has-post-thumbnail","category-zabava","tag-entertainment","tag-exit","tag-festival","tag-novi-sad","tag-si","tag-slovene","tag-slovenia","tag-slovenija","tag-slovenscina","tag-srbija","tag-zabava"],"share_on_mastodon":{"url":"https:\/\/pubeurope.com\/@si\/116821237892129932","error":""},"_links":{"self":[{"href":"https:\/\/www.europesays.com\/si\/wp-json\/wp\/v2\/posts\/141115","targetHints":{"allow":["GET"]}}],"collection":[{"href":"https:\/\/www.europesays.com\/si\/wp-json\/wp\/v2\/posts"}],"about":[{"href":"https:\/\/www.europesays.com\/si\/wp-json\/wp\/v2\/types\/post"}],"author":[{"embeddable":true,"href":"https:\/\/www.europesays.com\/si\/wp-json\/wp\/v2\/users\/2"}],"replies":[{"embeddable":true,"href":"https:\/\/www.europesays.com\/si\/wp-json\/wp\/v2\/comments?post=141115"}],"version-history":[{"count":0,"href":"https:\/\/www.europesays.com\/si\/wp-json\/wp\/v2\/posts\/141115\/revisions"}],"wp:featuredmedia":[{"embeddable":true,"href":"https:\/\/www.europesays.com\/si\/wp-json\/wp\/v2\/media\/141116"}],"wp:attachment":[{"href":"https:\/\/www.europesays.com\/si\/wp-json\/wp\/v2\/media?parent=141115"}],"wp:term":[{"taxonomy":"category","embeddable":true,"href":"https:\/\/www.europesays.com\/si\/wp-json\/wp\/v2\/categories?post=141115"},{"taxonomy":"post_tag","embeddable":true,"href":"https:\/\/www.europesays.com\/si\/wp-json\/wp\/v2\/tags?post=141115"}],"curies":[{"name":"wp","href":"https:\/\/api.w.org\/{rel}","templated":true}]}}