{"id":141451,"date":"2026-06-27T16:22:16","date_gmt":"2026-06-27T16:22:16","guid":{"rendered":"https:\/\/www.europesays.com\/si\/141451\/"},"modified":"2026-06-27T16:22:16","modified_gmt":"2026-06-27T16:22:16","slug":"levi-anonimnez-s-smrtjo-grozi-spletnemu-vplivniku-tudi-na-pokljuki-ne-bodo-nasli-tvojega-trupla","status":"publish","type":"post","link":"https:\/\/www.europesays.com\/si\/141451\/","title":{"rendered":"Levi anonimne\u017e s smrtjo grozi spletnemu vplivniku: \u201cTudi na Pokljuki ne bodo na\u0161li tvojega trupla \u2026\u201d"},"content":{"rendered":"<p style=\"text-align: justify;\">Znanemu blogerju anonimne\u017e grozi s smrtjo zato, ker je v v svojem podkastu gostil Zalo Klop\u010di\u010d, \u010de\u0161 da je \u201cjan\u0161ist\u201d.\u00a0<\/p>\n<p style=\"text-align: justify;\">Toma\u017e Gorec je podjetnik, pisec knjig in znan spletni vplivnik, ki se \u017ee nekaj \u010dasa soo\u010da z gro\u017enjami anonimne\u017ea, ki se je razkril le kot Grega. Slednji mu je prvi\u010d grozil preko telefona lani, \u017ee dlje \u010dasa pa mu grozi tudi preko sms sporo\u010dil. \u010ceprav ni hotel povedati za kaj gre, se je izkazalo, da je Grega o\u010ditno neke vrste levi\u010dar, ki ga razburja, da je Gorec \u010dlanico Slovenske demokratske mladine in predsednico Nove smeri Zalo Klop\u010di\u010d povabil v svoj podkast.<\/p>\n<p>Preberite tudi:<a href=\"https:\/\/nova24tv.si\/spor-znotraj-levih-struktur-ker-ni-dovolj-gorece-podpiral-svobode-ni-dobil-denarja\/\" rel=\"nofollow noopener\" target=\"_blank\">Spor znotraj levih struktur: ker ni dovolj gore\u010de podpiral Svobode, ni dobil denarja | Nova24TV<\/a>\u00a0 <\/p>\n<p>\u00a0<\/p>\n<p dir=\"ltr\" lang=\"sl\">\u010clovek z Gorenjske mi grozi s smrtjo. Razlog sta menda <a href=\"https:\/\/x.com\/zalaklopcic?ref_src=twsrc%5Etfw\" rel=\"nofollow\">@zalaklopcic<\/a> in <a href=\"https:\/\/x.com\/JJansaSDS?ref_src=twsrc%5Etfw\" rel=\"nofollow\">@JJansaSDS<\/a> Kako sem ga obiskal si poglej na <a href=\"https:\/\/t.co\/499Xqr1LFJ\" rel=\"nofollow\">https:\/\/t.co\/499Xqr1LFJ<\/a> Danes spet poizkusim sre\u010do. \ud83d\ude42 <a href=\"https:\/\/t.co\/zKEbriODhY\" rel=\"nofollow\">pic.twitter.com\/zKEbriODhY<\/a><\/p>\n<p>\u2014 Tomaz Gorec (@tomazgorec) <a href=\"https:\/\/x.com\/tomazgorec\/status\/2070792475070124078?ref_src=twsrc%5Etfw\" rel=\"nofollow\">June 27, 2026<\/a><\/p>\n<p>\u201cTudi na Pokljuki ne bojo najdl\u2019 tvojga trupla\u2026Kapi\u0161.\u201c<\/p>\n<p style=\"text-align: justify;\">Za\u010delo se je s klicem, kjer je Gorcu nekdo zagrozil, da ga bo pretepel in ga opozoril, naj vedno pazi koga ima za hrbtom. Kasneje je vplivnik z njim izmenjaval sms sporo\u010dila in ga pozval, da se v \u017eivo sre\u010data in doka\u017ee \u201ckoliko ga je v hla\u010dah\u201d. Gorec seveda izpostavlja, da bi se v primeru konfrontacije le branil, saj no\u010de, da ga nazadnje pobesneli anonimne\u017e to\u017ei. Ta je mu je med drugim napisal: \u201cTudi na Pokljuki ne bojo najdl\u2019 tvojga trupla\u2026Kapi\u0161.\u201d Kot opozarja Gorec gre za resne gro\u017enje, \u010deprav ne verjame, da se ga bo mo\u017eak res lotil. Se je pa kljub temu sku\u0161al z njim soo\u010diti.<\/p>\n<p><img fetchpriority=\"high\" decoding=\"async\" class=\"wp-image-985042\" src=\"https:\/\/www.europesays.com\/si\/wp-content\/uploads\/2026\/06\/Posnetek-zaslona-2026-06-27-151611-400x244.png.webp\" alt=\"\" width=\"736\" height=\"449\"  \/>Toma\u017e Gorec in Zala Klop\u010di\u010d<\/p>\n<p style=\"text-align: justify;\">Ko se je mudil pred nekaj dnevi v Lescah, je anonimne\u017ea kontaktiral, saj je slednji doma nekje na Gorenjskem. Slednji se ni prikazal, je pa Gorca ozmerjal za jan\u0161ista in trdil, da je bil na lokaciji v Mcdonaldsu, kjer ga je Gorec \u010dakal, a ga ni na\u0161el. Kasneje je Gorec komentiral \u201cZdi se mi razburjen in zelo neuravnove\u0161en, zato nikoli ne ve\u0161 kaj se lahko zgodi\u201d, je povedal glede smrtnih gro\u017eenj, ki jih je prejel. Obenem opozarja, da se ne misli pustiti ustrahovati ali pozabiti na te gro\u017enje: \u201c\u010ce se bom njemu pustil, bom vsak dan prejemal smrtne gro\u017enje.\u201d<\/p>\n<p style=\"text-align: justify;\">Vsekakor gre znova za zgovoren primer levi\u010darske strpnosti, rde\u010da tovari\u0161ija je zaradi nove Jan\u0161eve vlade namre\u010d te dni \u0161e posebej ob\u010dutljiva in popadljiva.<\/p>\n<p>A. S.<\/p>\n<p><script async src=\"https:\/\/platform.twitter.com\/widgets.js\" charset=\"utf-8\"><\/script><\/p>\n","protected":false},"excerpt":{"rendered":"Znanemu blogerju anonimne\u017e grozi s smrtjo zato, ker je v v svojem podkastu gostil Zalo Klop\u010di\u010d, \u010de\u0161 da&hellip;\n","protected":false},"author":2,"featured_media":141452,"comment_status":"","ping_status":"","sticky":false,"template":"","format":"standard","meta":{"footnotes":"","_share_on_mastodon":"0"},"categories":[6],"tags":[7251,59,61,62,37,58,60,38,24135,5109],"class_list":["post-141451","post","type-post","status-publish","format-standard","has-post-thumbnail","category-slovenija","tag-izpostavljeno","tag-republic-of-slovenia","tag-republika-slovenija","tag-si","tag-slovene","tag-slovenia","tag-slovenija","tag-slovenscina","tag-tomaz-gorec","tag-zala-klopcic"],"share_on_mastodon":{"url":"https:\/\/pubeurope.com\/@si\/116822995517289809","error":""},"_links":{"self":[{"href":"https:\/\/www.europesays.com\/si\/wp-json\/wp\/v2\/posts\/141451","targetHints":{"allow":["GET"]}}],"collection":[{"href":"https:\/\/www.europesays.com\/si\/wp-json\/wp\/v2\/posts"}],"about":[{"href":"https:\/\/www.europesays.com\/si\/wp-json\/wp\/v2\/types\/post"}],"author":[{"embeddable":true,"href":"https:\/\/www.europesays.com\/si\/wp-json\/wp\/v2\/users\/2"}],"replies":[{"embeddable":true,"href":"https:\/\/www.europesays.com\/si\/wp-json\/wp\/v2\/comments?post=141451"}],"version-history":[{"count":0,"href":"https:\/\/www.europesays.com\/si\/wp-json\/wp\/v2\/posts\/141451\/revisions"}],"wp:featuredmedia":[{"embeddable":true,"href":"https:\/\/www.europesays.com\/si\/wp-json\/wp\/v2\/media\/141452"}],"wp:attachment":[{"href":"https:\/\/www.europesays.com\/si\/wp-json\/wp\/v2\/media?parent=141451"}],"wp:term":[{"taxonomy":"category","embeddable":true,"href":"https:\/\/www.europesays.com\/si\/wp-json\/wp\/v2\/categories?post=141451"},{"taxonomy":"post_tag","embeddable":true,"href":"https:\/\/www.europesays.com\/si\/wp-json\/wp\/v2\/tags?post=141451"}],"curies":[{"name":"wp","href":"https:\/\/api.w.org\/{rel}","templated":true}]}}