{"id":142175,"date":"2026-06-28T13:47:13","date_gmt":"2026-06-28T13:47:13","guid":{"rendered":"https:\/\/www.europesays.com\/si\/142175\/"},"modified":"2026-06-28T13:47:13","modified_gmt":"2026-06-28T13:47:13","slug":"na-tajskem-po-najdbi-trupla-17-letnice-v-kovcku-aretirali-45-letnega-avstralca","status":"publish","type":"post","link":"https:\/\/www.europesays.com\/si\/142175\/","title":{"rendered":"Na Tajskem po najdbi trupla 17-letnice v kov\u010dku aretirali 45-letnega Avstralca"},"content":{"rendered":"<p>\t\t\t\t\t\t\t\t<a href=\"https:\/\/www.europesays.com\/si\/wp-content\/uploads\/2026\/06\/67056876.jpg\" itemprop=\"contentUrl\" data-size=\"1200x800\" data-large=\"https:\/\/www.europesays.com\/si\/wp-content\/uploads\/2026\/06\/67056876.jpg\"><br \/>\n\t\t\t\t\t\t\t\t\t<img decoding=\"async\" src=\"https:\/\/www.europesays.com\/si\/wp-content\/uploads\/2026\/06\/67056876.jpg\" title=\"Aretacija Carmana na letali\u0161\u010du. Foto: Reuters\" alt=\"Aretacija Carmana na letali\u0161\u010du. Foto: Reuters\"\/><br \/>\n\t\t\t\t\t\t\t\t<\/a><\/p>\n<p>\t\t\t\t\t\t\t\t\tAretacija Carmana na letali\u0161\u010du. Foto: Reuters<\/p>\n<p>\t\t\t\t\t\t\t<a id=\"preferredSourceBanner\" href=\"#\" target=\"_blank\" class=\"d-none align-items-center justify-content-between rounded my-3\" style=\"background-color: #F2F6FC; padding: 10px 15px;\"><br \/>\n\t\t\t\t\t\t<img decoding=\"async\" src=\"https:\/\/img.rtvslo.si\/_static\/novi\/img\/ico-google.svg\" class=\"flex-shrink-0 mr-3\"\/><br \/>\n\t\t\t\t\t\tSpremljajte RTVSLO.si kot prednostni vir na Google<\/p>\n<p>\t\t\t\t\t<\/a><\/p>\n<p>Tajska policija je sporo\u010dila, da so v soboto zjutraj na bangko\u0161kem letali\u0161\u010du Suvarnabhumi aretirali 45-letnega Avstralca, ki ga povezujejo z umorom Tun\u010danok Donhomla v priljubljenem letovi\u0161kem mestu Pattaya, pribli\u017eno 150 kilometrov vzhodno od Bangkoka.<\/p>\n<p>Oglas<\/p>\n<p>Osumljenec, identificiran kot Simon Peter Carman, je obto\u017een umora, prikrivanja trupla, premestitve oziroma uni\u010denja trupla in da je odpeljal mladoletnico z namenom spolne zlorabe.<\/p>\n<p>Po navedbah policije so pregledali posnetke nadzornih kamer, na katerih je videti, kako Carman v \u010detrtek skupaj z dekletom vstopi v stanovanjski kompleks, nekaj ur pozneje pa ga zapusti sam in s seboj odnese kov\u010dek.<\/p>\n<p>Policija je na svoji uradni strani na Facebooku zapisala, da je osumljenec kov\u010dek nalo\u017eil na motorno kolo in se odpeljal do travnatega obmo\u010dja ob \u017eelezni\u0161ki progi, kjer ga je odvrgel. V kov\u010dku so na\u0161li truplo golega dekleta.<\/p>\n<p>\t\t\t\t\t\t\t\t<a href=\"https:\/\/www.europesays.com\/si\/wp-content\/uploads\/2026\/06\/67056873.jpg\" itemprop=\"contentUrl\" data-size=\"1200x800\" data-large=\"https:\/\/www.europesays.com\/si\/wp-content\/uploads\/2026\/06\/67056873.jpg\"><br \/>\n\t\t\t\t\t\t\t\t\t<img decoding=\"async\" src=\"https:\/\/www.europesays.com\/si\/wp-content\/uploads\/2026\/06\/67056873.jpg\" title=\"Kov\u010dek s truplom so na\u0161li ob \u017eelezni\u0161ki progi v Pattayi. Foto: Reuters\" alt=\"Kov\u010dek s truplom so na\u0161li ob \u017eelezni\u0161ki progi v Pattayi. Foto: Reuters\"\/><br \/>\n\t\t\t\t\t\t\t\t<\/a><\/p>\n<p>\t\t\t\t\t\t\t\t\tKov\u010dek s truplom so na\u0161li ob \u017eelezni\u0161ki progi v Pattayi. Foto: Reuters<\/p>\n<p>Pozneje so zoper njega izdali nalog za prijetje in ga aretirali na letali\u0161\u010du, ko se je pripravljal na vkrcanje na polet proti Avstraliji.<\/p>\n<p>Po poro\u010danju avstralskih medijev je Carman zanikal vse obto\u017ebe in enkrat dejal, da je dekle izginilo iz njegove sobe, ko je spal, drugi\u010d pa povedal, da mu je Tun\u010danok grozila z no\u017eem in je ravnal v samoobrambi.<\/p>\n<p>Carman je po navedbah tajskih medijev dejal, da ni od prej poznal Tun\u010danok in da sta se pred odhodom v njegovo stanovanje dogovorila, za pla\u010dilo tiso\u010d bahtov oziroma nekaj ve\u010d kot 26 evrov, a sta se nato sprla, ko ji je ponudil le polovico tega zneska.<\/p>\n<p>Ma\u010deha \u017eeli najstro\u017ejo kazen<\/p>\n<p>Policija je za avstralsko javno radiotelevizijo ABC potrdila, da sta se sprla zaradi denarja, drugih podrobnosti pa ni \u017eelela razkriti. &#8220;Ni imela prilo\u017enosti povedati svoje plati zgodbe,&#8221; je dejal na\u010delnik policijske postaje v Pattayi Anek Srathongju. &#8220;On lahko re\u010de kar koli, mi pa tega ne moremo preveriti,&#8221; je \u0161e dodal.<\/p>\n<p>\t\t\t\t\t\t\t\t<a href=\"https:\/\/www.europesays.com\/si\/wp-content\/uploads\/2026\/06\/67056874.jpg\" itemprop=\"contentUrl\" data-size=\"1200x800\" data-large=\"https:\/\/www.europesays.com\/si\/wp-content\/uploads\/2026\/06\/67056874.jpg\"><br \/>\n\t\t\t\t\t\t\t\t\t<img decoding=\"async\" src=\"https:\/\/www.europesays.com\/si\/wp-content\/uploads\/2026\/06\/67056874.jpg\" title=\"Datum sojenja ne bo znan, dokler policija ne kon\u010da preiskave. Foto: Reuters\" alt=\"Datum sojenja ne bo znan, dokler policija ne kon\u010da preiskave. Foto: Reuters\"\/><br \/>\n\t\t\t\t\t\t\t\t<\/a><\/p>\n<p>\t\t\t\t\t\t\t\t\tDatum sojenja ne bo znan, dokler policija ne kon\u010da preiskave. Foto: Reuters<\/p>\n<p>V preiskovalni sobi na policijski postaji je Carman pred premestitvijo na pokrajinsko sodi\u0161\u010de v Pattayi dru\u017eini \u017ertve namenil kratko sporo\u010dilo. &#8220;\u017dal mi je za to, kar se je zgodilo va\u0161i h\u010derki. To ni bilo pod mojim nadzorom,&#8221; je dejal.<\/p>\n<p>O\u010de \u017ertve, 46-letni Thong\u010dai Donhomla, je povedal, da se le ste\u017eka sprijazni z izgubo. &#8220;Globoko sem pretresen. Moja h\u010di ni imela matere, zato je, kadar je kaj potrebovala, vedno sama na\u0161la pot. Vedno je pomagala tudi meni,&#8221; je dejal.<\/p>\n<p>Njena ma\u010deha Oradi Busarakum je povedala, da \u017eeli, da bi bil osumljenec kaznovan z najstro\u017ejo mogo\u010do kaznijo. &#8220;Policiji sem rekla, da \u017eelim, da ga usmrtijo. Kot ma\u010deha ne vem, kaj naj \u0161e re\u010dem &#8230; \u017delim si le, da bi nosil vse posledice svojih dejanj,&#8221; je dejala.<\/p>\n<p>Oglas<\/p>\n","protected":false},"excerpt":{"rendered":"Aretacija Carmana na letali\u0161\u010du. Foto: Reuters Spremljajte RTVSLO.si kot prednostni vir na Google Tajska policija je sporo\u010dila, da&hellip;\n","protected":false},"author":2,"featured_media":142176,"comment_status":"","ping_status":"","sticky":false,"template":"","format":"standard","meta":{"footnotes":"","_share_on_mastodon":"0"},"categories":[8],"tags":[21886,37,38,64,2315,2233,63],"class_list":["post-142175","post","type-post","status-publish","format-standard","has-post-thumbnail","category-svet","tag-mladoletnica","tag-slovene","tag-slovenscina","tag-svet","tag-tajska","tag-umor","tag-world"],"share_on_mastodon":{"url":"https:\/\/pubeurope.com\/@si\/116828048307908301","error":""},"_links":{"self":[{"href":"https:\/\/www.europesays.com\/si\/wp-json\/wp\/v2\/posts\/142175","targetHints":{"allow":["GET"]}}],"collection":[{"href":"https:\/\/www.europesays.com\/si\/wp-json\/wp\/v2\/posts"}],"about":[{"href":"https:\/\/www.europesays.com\/si\/wp-json\/wp\/v2\/types\/post"}],"author":[{"embeddable":true,"href":"https:\/\/www.europesays.com\/si\/wp-json\/wp\/v2\/users\/2"}],"replies":[{"embeddable":true,"href":"https:\/\/www.europesays.com\/si\/wp-json\/wp\/v2\/comments?post=142175"}],"version-history":[{"count":0,"href":"https:\/\/www.europesays.com\/si\/wp-json\/wp\/v2\/posts\/142175\/revisions"}],"wp:featuredmedia":[{"embeddable":true,"href":"https:\/\/www.europesays.com\/si\/wp-json\/wp\/v2\/media\/142176"}],"wp:attachment":[{"href":"https:\/\/www.europesays.com\/si\/wp-json\/wp\/v2\/media?parent=142175"}],"wp:term":[{"taxonomy":"category","embeddable":true,"href":"https:\/\/www.europesays.com\/si\/wp-json\/wp\/v2\/categories?post=142175"},{"taxonomy":"post_tag","embeddable":true,"href":"https:\/\/www.europesays.com\/si\/wp-json\/wp\/v2\/tags?post=142175"}],"curies":[{"name":"wp","href":"https:\/\/api.w.org\/{rel}","templated":true}]}}