{"id":142584,"date":"2026-06-29T00:57:10","date_gmt":"2026-06-29T00:57:10","guid":{"rendered":"https:\/\/www.europesays.com\/si\/142584\/"},"modified":"2026-06-29T00:57:10","modified_gmt":"2026-06-29T00:57:10","slug":"lepa-americanka-brutalno-ponizala-bosno-in-hercegovino","status":"publish","type":"post","link":"https:\/\/www.europesays.com\/si\/142584\/","title":{"rendered":"Lepa Ameri\u010danka brutalno poni\u017eala Bosno in Hercegovino"},"content":{"rendered":"<p>    <img decoding=\"async\" data-lb-desktop=\"\/media\/2026\/06\/28\/842371\/Orig-nogomet-velez1-1200.webp\" data-lb-mobile=\"\/media\/2026\/06\/28\/842371\/Orig-nogomet-velez1-600.webp\" class=\"main-gallery-image se_image_lb\" src=\"https:\/\/www.europesays.com\/si\/wp-content\/uploads\/2026\/06\/Wide-nogomet-velez1-1000.webp\" alt=\"abigail velez, ABC News, \u0161portna novinarka, Bosna in Hercegovine\"\/><\/p>\n<p>Abigail Velez se je po valu kritik opravi\u010dila ljudem v Bosni\u00a0in Hercegovini\u00a0ter njeni reprezentanci. Foto: Instagram<\/p>\n<p>Lepa Ameri\u010danka brutalno poni\u017eala Bosno in Hercegovino<\/p>\n<p>Ameri\u0161ka \u0161portna novinarka Abigail Velez je najprej izrekla kopico neokusnih komentarjev na ra\u010dun Bosne in Hercegovine, po \u0161tevilnih kritikah njenih besed pa se je javno opravi\u010dila.<\/p>\n<p>                        28. 06. 2026, 14.30\n                    <\/p>\n<p>                        <a href=\"https:\/\/google.com\/preferences\/source?q=dnevnik.si\" class=\"se-author-gps-cta\" target=\"_blank\" rel=\"nofollow noopener\"><br \/>\n                            <img decoding=\"async\" class=\"se-author-gps-cta-badge\" src=\"https:\/\/www.europesays.com\/si\/wp-content\/uploads\/2026\/06\/1782694630_705_dnevnik_gps_badge.png\" alt=\"Google Preferred Sources CTA\"\/><br \/>\n                        <\/a><\/p>\n<p>V svojem ogla\u0161anju v \u017eivo na televizijski postaji ABC News je \u0161portna novinarka napovedala \u010detrtfinalni dvoboj ZDA \u2013 Bosna in Hercegovina v \u0161estnajstini finala svetovnega prvenstva v nogometu v ZDA, Mehiki in Kanadi. Med drugim je izjavila, da na zemljevidu sploh ne bi znala pokazati, kje le\u017ei Bosna in Hercegovina.<\/p>\n<p>\u00bbPrav ni\u010desar ne vem o Bosni in Hercegovini. Po drugi strani pa sploh ni\u010desar no\u010dem vedeti o njej, kajti ameri\u0161ka reprezentanca je bolj\u0161a kot kadar koli v svoji zgodovini. Bosna, pripravi se, da bo\u0161 dobila, kar si iskala. Ne \u017eeli\u0161 to dobiti na tak\u0161en na\u010din, ampak bo\u0161,\u00ab je dejala Abigail Velez in\u00a0izzvala val ostrih\u00a0kritik.<\/p>\n<p>Predsednik prihaja prav iz \u2013\u00a0Bosne in Hercegovine!<\/p>\n<p>Pri vsej\u00a0zadevi je zanimivo in ironi\u010dno prav dejstvo, da predsednik ABC News prihaja iz \u2013 Bosne in Hercegovine! Gre za Sarajev\u010dana Almina Karamehmedovi\u0107a, enega najuspe\u0161nej\u0161ih televizijskih producentov in dobitnika kar 14 emmyjev. Abigail Velez se je pod plazom kritik odlo\u010dila, da se bo opravi\u010dila z objavo na dru\u017ebenih omre\u017ejih.<\/p>\n<p>Na svojem profilu na instagramu je zapisala: \u00bbV svojem nespretnem poskusu, da se malce po\u0161alim o svetovnem prvenstvu v nogometu, sem \u0161la predale\u010d in nepremi\u0161ljeno komentirala z neprimernimi besedami. Opravi\u010dujem se ljudem v Bosni in Hercegovini ter njeni nogometni reprezentanci.\u00ab<\/p>\n","protected":false},"excerpt":{"rendered":"Abigail Velez se je po valu kritik opravi\u010dila ljudem v Bosni\u00a0in Hercegovini\u00a0ter njeni reprezentanci. Foto: Instagram Lepa Ameri\u010danka&hellip;\n","protected":false},"author":2,"featured_media":142585,"comment_status":"","ping_status":"","sticky":false,"template":"","format":"standard","meta":{"footnotes":"","_share_on_mastodon":"0"},"categories":[20],"tags":[38529,38528,38530,2273,32,35,31,264,34,11767,36,37,38,11282,33,404],"class_list":["post-142584","post","type-post","status-publish","format-standard","has-post-thumbnail","category-novice","tag-abc-news","tag-abigail-velez","tag-almin-karamehmedovic","tag-bosna-in-hercegovina","tag-headlines","tag-najpomembnejse-novice","tag-news","tag-nogomet","tag-novice","tag-opravicilo","tag-osrednje-novice","tag-slovene","tag-slovenscina","tag-sp-2026","tag-top-stories","tag-zda"],"share_on_mastodon":{"url":"https:\/\/pubeurope.com\/@si\/116830683133386298","error":""},"_links":{"self":[{"href":"https:\/\/www.europesays.com\/si\/wp-json\/wp\/v2\/posts\/142584","targetHints":{"allow":["GET"]}}],"collection":[{"href":"https:\/\/www.europesays.com\/si\/wp-json\/wp\/v2\/posts"}],"about":[{"href":"https:\/\/www.europesays.com\/si\/wp-json\/wp\/v2\/types\/post"}],"author":[{"embeddable":true,"href":"https:\/\/www.europesays.com\/si\/wp-json\/wp\/v2\/users\/2"}],"replies":[{"embeddable":true,"href":"https:\/\/www.europesays.com\/si\/wp-json\/wp\/v2\/comments?post=142584"}],"version-history":[{"count":0,"href":"https:\/\/www.europesays.com\/si\/wp-json\/wp\/v2\/posts\/142584\/revisions"}],"wp:featuredmedia":[{"embeddable":true,"href":"https:\/\/www.europesays.com\/si\/wp-json\/wp\/v2\/media\/142585"}],"wp:attachment":[{"href":"https:\/\/www.europesays.com\/si\/wp-json\/wp\/v2\/media?parent=142584"}],"wp:term":[{"taxonomy":"category","embeddable":true,"href":"https:\/\/www.europesays.com\/si\/wp-json\/wp\/v2\/categories?post=142584"},{"taxonomy":"post_tag","embeddable":true,"href":"https:\/\/www.europesays.com\/si\/wp-json\/wp\/v2\/tags?post=142584"}],"curies":[{"name":"wp","href":"https:\/\/api.w.org\/{rel}","templated":true}]}}