{"id":142941,"date":"2026-06-29T09:32:08","date_gmt":"2026-06-29T09:32:08","guid":{"rendered":"https:\/\/www.europesays.com\/si\/142941\/"},"modified":"2026-06-29T09:32:08","modified_gmt":"2026-06-29T09:32:08","slug":"v-ognju-je-videl-umreti-mater-in-sina","status":"publish","type":"post","link":"https:\/\/www.europesays.com\/si\/142941\/","title":{"rendered":"V ognju je videl umreti mater in sina&#8230;"},"content":{"rendered":"<p>Letos mineva 84 let od tragi\u010dnega dogodka, ko so nem\u0161ki okupatorji 30. junija 1942 na tem mestu obesili osem kamni\u0161kih talcev, med njimi tudi tri \u010dlane takratne Gorske re\u0161evalne slu\u017ebe. Spomenik, delo in\u017e. arh. Bojana Schlegla, so odkrili julija 1972.<\/p>\n<p>V petek, 26. junija 2026, so Zdru\u017eenje za vrednote NOB Kamnik, Ob\u010dina Kamnik in Dru\u0161tvo Gorska re\u0161evalna slu\u017eba Kamnik pripravili spominsko slovesnost na Trgu talcev pri spominski fontani.<\/p>\n<p>Zbrane je uvodoma pozdravila Alenka Jev\u0161nik, predsednica ZB NOB Kamnik Center in ob\u010dinska svetnica. V svojem nagovoru je poudarila, da se na Trgu talcev ne zbiramo zaradi obujanja sovra\u0161tva ali delitev, temve\u010d zaradi spo\u0161tovanja do ljudi, ki so postali \u017ertve vojnega nasilja. Izpostavila je, da zgodovinski spomin ostaja pomemben temelj na\u0161e skupne prihodnosti ter da je spomenik opomin, kako hitro lahko \u010dlovek izgubi svobodo, kadar prevladajo nasilje, nestrpnost in prepri\u010danje, da je \u017eivljenje drugega \u010dloveka manj vredno.<\/p>\n<p><a href=\"https:\/\/www.europesays.com\/si\/wp-content\/uploads\/2026\/06\/trg-talcev-spominska-7-2026.jpg\"><img loading=\"lazy\" decoding=\"async\" class=\"aligncenter size-full wp-image-202981\" src=\"data:image\/svg+xml,%3Csvg%20xmlns=\" http:=\"\" alt=\"\" width=\"1024\" height=\"683\" data-lazy- data-lazy- data-lazy-src=\"https:\/\/www.europesays.com\/si\/wp-content\/uploads\/2026\/06\/trg-talcev-spominska-7-2026.jpg\"\/><img loading=\"lazy\" decoding=\"async\" class=\"aligncenter size-full wp-image-202981\" src=\"https:\/\/www.europesays.com\/si\/wp-content\/uploads\/2026\/06\/trg-talcev-spominska-7-2026.jpg\" alt=\"\" width=\"1024\" height=\"683\"  \/><\/a><\/p>\n<p>Ob tem je na\u0161tela imena osmih doma\u010dinov, ki jih je okupator usmrtil na tem mestu:<\/p>\n<p> Zorko Rebernik iz Podgorice (21 let),<br \/>\n France Erjav\u0161ek iz \u017dupanjih Njiv (22 let),<br \/>\n Julij Osenar iz Vrhpolja (22 let),<br \/>\n Karel Kregar iz Kregarjevega (26 let),<br \/>\n Franc Jeras iz Stahovice (31 let),<br \/>\n Miha Preklet iz Stahovice (40 let),<br \/>\n Janez Grabnar iz Nevelj (41 let),<br \/>\n Anton Balanti\u010d iz Godi\u010da (42 let).<\/p>\n<p>Poudarila je, da so bili po usmrtitvi njihovi podatki objavljeni na dvojezi\u010dnih plakatih, katerih namen ni bil obve\u0161\u010danje, temve\u010d zastra\u0161evanje prebivalstva. Danes se po njenih besedah ne spominjamo oznak, ki jim jih je pripisal okupator, temve\u010d ljudi, njihovih \u017eivljenj, dru\u017ein in njihovega dostojanstva. Ob zaklju\u010dku je poudarila odgovornost sedanjih rodov, da zgodovinski spomin ohranjajo in ga prena\u0161ajo naprej kot opomin, kako dragoceni so mir, svoboda, demokracija in \u010dlovekovo dostojanstvo.<\/p>\n<p><a href=\"https:\/\/www.europesays.com\/si\/wp-content\/uploads\/2026\/06\/trg-talcev-spominska-9-2026.jpg\"><img loading=\"lazy\" decoding=\"async\" class=\"aligncenter size-full wp-image-202984\" src=\"data:image\/svg+xml,%3Csvg%20xmlns=\" http:=\"\" alt=\"\" width=\"1024\" height=\"683\" data-lazy- data-lazy- data-lazy-src=\"https:\/\/www.europesays.com\/si\/wp-content\/uploads\/2026\/06\/trg-talcev-spominska-9-2026.jpg\"\/><img loading=\"lazy\" decoding=\"async\" class=\"aligncenter size-full wp-image-202984\" src=\"https:\/\/www.europesays.com\/si\/wp-content\/uploads\/2026\/06\/trg-talcev-spominska-9-2026.jpg\" alt=\"\" width=\"1024\" height=\"683\"  \/><\/a><\/p>\n<p>Navzo\u010de je nagovoril tudi \u017eupan Ob\u010dine Kamnik Matej Slapar, ki je dejal, da je Trg talcev kraj z zgodbo, ki je \u010das ne more izbrisati. Poudaril je, da je bila \u017eelja slovenskega naroda po svobodi mo\u010dnej\u0161a od strahu ter da so mir, svoboda in \u010dlovekovo dostojanstvo vrednote, za katere si moramo prizadevati vsak dan. Ob tem je izpostavil tudi pomen pri\u010devanja o\u010dividca, ki ohranja dragoceno vez med preteklostjo in sedanjostjo.<\/p>\n<p><a href=\"https:\/\/www.europesays.com\/si\/wp-content\/uploads\/2026\/06\/trg-talcev-spominska-6-2026.jpg\"><img loading=\"lazy\" decoding=\"async\" class=\"aligncenter size-full wp-image-202980\" src=\"data:image\/svg+xml,%3Csvg%20xmlns=\" http:=\"\" alt=\"\" width=\"1024\" height=\"683\" data-lazy- data-lazy- data-lazy-src=\"https:\/\/www.europesays.com\/si\/wp-content\/uploads\/2026\/06\/trg-talcev-spominska-6-2026.jpg\"\/><img loading=\"lazy\" decoding=\"async\" class=\"aligncenter size-full wp-image-202980\" src=\"https:\/\/www.europesays.com\/si\/wp-content\/uploads\/2026\/06\/trg-talcev-spominska-6-2026.jpg\" alt=\"\" width=\"1024\" height=\"683\"  \/><\/a><\/p>\n<p>V spremstvu prapor\u0161\u010dakov so k spomeniku venec polo\u017eili predsednica ZB NOB Kamnik Center Alenka Jev\u0161nik, predstavnik Dru\u0161tva Gorska re\u0161evalna slu\u017eba Kamnik Cene Griljc ter \u017eupan Ob\u010dine Kamnik Matej Slapar.<\/p>\n<p><a href=\"https:\/\/www.europesays.com\/si\/wp-content\/uploads\/2026\/06\/trg-talcev-spominska-5-2026.jpg\"><img loading=\"lazy\" decoding=\"async\" class=\"aligncenter size-full wp-image-202979\" src=\"data:image\/svg+xml,%3Csvg%20xmlns=\" http:=\"\" alt=\"\" width=\"1024\" height=\"683\" data-lazy- data-lazy- data-lazy-src=\"https:\/\/www.europesays.com\/si\/wp-content\/uploads\/2026\/06\/trg-talcev-spominska-5-2026.jpg\"\/><img loading=\"lazy\" decoding=\"async\" class=\"aligncenter size-full wp-image-202979\" src=\"https:\/\/www.europesays.com\/si\/wp-content\/uploads\/2026\/06\/trg-talcev-spominska-5-2026.jpg\" alt=\"\" width=\"1024\" height=\"683\"  \/><\/a><\/p>\n<p>Posebno te\u017eo slovesnosti je dalo pretresljivo pri\u010devanje Ceneta Griljca, \u010dlana Dru\u0161tva Gorska re\u0161evalna slu\u017eba Kamnik, ki je kot enajstletni de\u010dek do\u017eivel enega izmed tragi\u010dnih dogodkov druge svetovne vojne.<\/p>\n<p><a href=\"https:\/\/www.europesays.com\/si\/wp-content\/uploads\/2026\/06\/trg-talcev-spominska-4-2026.jpg\"><img loading=\"lazy\" decoding=\"async\" class=\"aligncenter size-full wp-image-202978\" src=\"data:image\/svg+xml,%3Csvg%20xmlns=\" http:=\"\" alt=\"\" width=\"1024\" height=\"683\" data-lazy- data-lazy- data-lazy-src=\"https:\/\/www.europesays.com\/si\/wp-content\/uploads\/2026\/06\/trg-talcev-spominska-4-2026.jpg\"\/><img loading=\"lazy\" decoding=\"async\" class=\"aligncenter size-full wp-image-202978\" src=\"https:\/\/www.europesays.com\/si\/wp-content\/uploads\/2026\/06\/trg-talcev-spominska-4-2026.jpg\" alt=\"\" width=\"1024\" height=\"683\"  \/><\/a><\/p>\n<p>\u00bbVelikokrat se spomnim tega dogodka. Kadarkoli razmi\u0161ljam o njem, mi postane tako hudo, da mi privrejo solze \u2013 tak\u0161ne, kot sem jih do\u017eivel takrat,\u00ab je dejal. Povedal je, da je nekega zimskega jutra opazil gost \u010drn dim, ki se je vil iz doline, in stekel proti kraju dogajanja. Splezal je na kozolec, od koder je opazoval gore\u010do samotno kmetijo. V ognju je videl umreti mater in sina, ki so ju okupatorji vrgli v gore\u010do hi\u0161o, h\u010derko, ki je sku\u0161ala pobegniti, pa so ustrelili. Podoben prizor se je kmalu zatem ponovil \u0161e pri sosednji hi\u0161i. Kot je povedal, se takrat kot otrok \u0161e ni v celoti zavedal razse\u017enosti dogodka, danes pa ga spomini na vojno nasilje vedno znova spremljajo. Ob tem je dodal, da so na kmetijo pred tem redno prihajali partizani, njeno lokacijo pa je po njegovih besedah okupatorju izdal eden izmed njih.<\/p>\n<p>\u00a0<\/p>\n<p>Kulturni program sta sooblikovala recitator in povezovalec Goran Per\u0161in ter Kvartet Krt. Ob koncu je Per\u0161in povabil vse prisotne na prihodnji dve spominski prireditvi \u2013 v soboto, 4. julija 2026, pri Planinskem domu na Menini planini, ter na slovesnost ob Titanovi brvi, ki bo\u00a027. julija, v Kamniku.<\/p>\n<p>Besedilo in fotografije: Ob\u010dina Kamnik<\/p>\n","protected":false},"excerpt":{"rendered":"Letos mineva 84 let od tragi\u010dnega dogodka, ko so nem\u0161ki okupatorji 30. junija 1942 na tem mestu obesili&hellip;\n","protected":false},"author":2,"featured_media":142942,"comment_status":"","ping_status":"","sticky":false,"template":"","format":"standard","meta":{"footnotes":"","_share_on_mastodon":"0"},"categories":[30],"tags":[38601,164,14960,62,37,58,60,38,33157,38602],"class_list":["post-142941","post","type-post","status-publish","format-standard","has-post-thumbnail","category-kamnik","tag-cene-griljc","tag-kamnik","tag-nob","tag-si","tag-slovene","tag-slovenia","tag-slovenija","tag-slovenscina","tag-spominska-slovesnost","tag-talci"],"share_on_mastodon":{"url":"https:\/\/pubeurope.com\/@si\/116832707979682503","error":""},"_links":{"self":[{"href":"https:\/\/www.europesays.com\/si\/wp-json\/wp\/v2\/posts\/142941","targetHints":{"allow":["GET"]}}],"collection":[{"href":"https:\/\/www.europesays.com\/si\/wp-json\/wp\/v2\/posts"}],"about":[{"href":"https:\/\/www.europesays.com\/si\/wp-json\/wp\/v2\/types\/post"}],"author":[{"embeddable":true,"href":"https:\/\/www.europesays.com\/si\/wp-json\/wp\/v2\/users\/2"}],"replies":[{"embeddable":true,"href":"https:\/\/www.europesays.com\/si\/wp-json\/wp\/v2\/comments?post=142941"}],"version-history":[{"count":0,"href":"https:\/\/www.europesays.com\/si\/wp-json\/wp\/v2\/posts\/142941\/revisions"}],"wp:featuredmedia":[{"embeddable":true,"href":"https:\/\/www.europesays.com\/si\/wp-json\/wp\/v2\/media\/142942"}],"wp:attachment":[{"href":"https:\/\/www.europesays.com\/si\/wp-json\/wp\/v2\/media?parent=142941"}],"wp:term":[{"taxonomy":"category","embeddable":true,"href":"https:\/\/www.europesays.com\/si\/wp-json\/wp\/v2\/categories?post=142941"},{"taxonomy":"post_tag","embeddable":true,"href":"https:\/\/www.europesays.com\/si\/wp-json\/wp\/v2\/tags?post=142941"}],"curies":[{"name":"wp","href":"https:\/\/api.w.org\/{rel}","templated":true}]}}