{"id":144100,"date":"2026-06-30T09:39:08","date_gmt":"2026-06-30T09:39:08","guid":{"rendered":"https:\/\/www.europesays.com\/si\/144100\/"},"modified":"2026-06-30T09:39:08","modified_gmt":"2026-06-30T09:39:08","slug":"nemski-turist-si-bo-zal-zapomnil-dopust-v-enem-izmed-kampov-na-obmocju-bohinja","status":"publish","type":"post","link":"https:\/\/www.europesays.com\/si\/144100\/","title":{"rendered":"Nem\u0161ki turist si bo \u017eal zapomnil dopust v enem izmed kampov na obmo\u010dju Bohinja"},"content":{"rendered":"<p>Gorenjski operativno komunikacijski center je na \u0161tevilko 113 v zadnjih 24 urah sprejel 155 klicev. Za posredovanje v interventnih dogodkih jih je bilo 45,\u00a0osem s podro\u010dja kriminalitete, od tega eden o vlomu v poslovni prostor, dva o tatvini, eden o tatvini mopeda in eden o tatvini kolesa.<\/p>\n<p>Tatvina kolesa<\/p>\n<p>Blejski policisti so v\u010deraj, 29. junija 2026, okoli 10.30 obravnavali tatvino dveh koles v enem izmed kampov na obmo\u010dju Bohinja. Po podatkih s katerimi razpolagajo je storilec \u010dez dan izvr\u0161il tatvino dveh koles, ki ju je imel lastnik, dr\u017eavljan Nem\u010dije, priklenjeni za drevo. O\u0161kodovan je za ve\u010d kot 2000 evrov. Policisti o dejanju zbirajo obvestila in bodo o vseh ugotovitvah obvestili pristojno okro\u017eno dr\u017eavno to\u017eilstvo, sporo\u010dajo s PU Kranj.<\/p>\n","protected":false},"excerpt":{"rendered":"Gorenjski operativno komunikacijski center je na \u0161tevilko 113 v zadnjih 24 urah sprejel 155 klicev. Za posredovanje v&hellip;\n","protected":false},"author":2,"featured_media":144101,"comment_status":"","ping_status":"","sticky":false,"template":"","format":"standard","meta":{"footnotes":"","_share_on_mastodon":"0"},"categories":[20],"tags":[2784,32,2197,2398,35,31,34,36,504,268,37,38,33],"class_list":["post-144100","post","type-post","status-publish","format-standard","has-post-thumbnail","category-novice","tag-bohinj","tag-headlines","tag-kaznivo-dejanje","tag-kraja","tag-najpomembnejse-novice","tag-news","tag-novice","tag-osrednje-novice","tag-policisti","tag-pu-kranj","tag-slovene","tag-slovenscina","tag-top-stories"],"share_on_mastodon":{"url":"https:\/\/pubeurope.com\/@si\/116838397539304735","error":""},"_links":{"self":[{"href":"https:\/\/www.europesays.com\/si\/wp-json\/wp\/v2\/posts\/144100","targetHints":{"allow":["GET"]}}],"collection":[{"href":"https:\/\/www.europesays.com\/si\/wp-json\/wp\/v2\/posts"}],"about":[{"href":"https:\/\/www.europesays.com\/si\/wp-json\/wp\/v2\/types\/post"}],"author":[{"embeddable":true,"href":"https:\/\/www.europesays.com\/si\/wp-json\/wp\/v2\/users\/2"}],"replies":[{"embeddable":true,"href":"https:\/\/www.europesays.com\/si\/wp-json\/wp\/v2\/comments?post=144100"}],"version-history":[{"count":0,"href":"https:\/\/www.europesays.com\/si\/wp-json\/wp\/v2\/posts\/144100\/revisions"}],"wp:featuredmedia":[{"embeddable":true,"href":"https:\/\/www.europesays.com\/si\/wp-json\/wp\/v2\/media\/144101"}],"wp:attachment":[{"href":"https:\/\/www.europesays.com\/si\/wp-json\/wp\/v2\/media?parent=144100"}],"wp:term":[{"taxonomy":"category","embeddable":true,"href":"https:\/\/www.europesays.com\/si\/wp-json\/wp\/v2\/categories?post=144100"},{"taxonomy":"post_tag","embeddable":true,"href":"https:\/\/www.europesays.com\/si\/wp-json\/wp\/v2\/tags?post=144100"}],"curies":[{"name":"wp","href":"https:\/\/api.w.org\/{rel}","templated":true}]}}