{"id":144179,"date":"2026-06-30T11:08:08","date_gmt":"2026-06-30T11:08:08","guid":{"rendered":"https:\/\/www.europesays.com\/si\/144179\/"},"modified":"2026-06-30T11:08:08","modified_gmt":"2026-06-30T11:08:08","slug":"hrvaska-napoveduje-strozje-kazni-za-prometne-prekrske-sodniki-jih-ne-bodo-vec-mogli-znizevati","status":"publish","type":"post","link":"https:\/\/www.europesays.com\/si\/144179\/","title":{"rendered":"Hrva\u0161ka napoveduje stro\u017eje kazni za prometne prekr\u0161ke: sodniki jih ne bodo ve\u010d mogli zni\u017eevati"},"content":{"rendered":"<p>Na hrva\u0161kem ministrstvu za pravosodje pripravljajo pomembne spremembe na podro\u010dju prometnih prekr\u0161kov, ki bi lahko ob\u010dutno vplivale na voznike. Med klju\u010dnimi novostmi je ukinitev mo\u017enosti, da bi sodi\u0161\u010da po lastni presoji zni\u017eevala zakonsko predpisane globe za najhuj\u0161e prometne prekr\u0161ke. Namen ukrepa je zagotoviti enotnej\u0161e kaznovanje in pove\u010dati prometno varnost.<\/p>\n<p>Predlog\u00a0sprememb predvideva vi\u0161je kazni za vrsto najpogostej\u0161ih in najnevarnej\u0161ih kr\u0161itev. Med njimi so uporaba mobilnega telefona med vo\u017enjo, neuporaba varnostnega pasu, vo\u017enja pod vplivom alkohola ali drog, prekomerna hitrost ter vo\u017enja skozi rde\u010do lu\u010d. Za uporabo mobilnega telefona za volanom bi se kazen lahko zvi\u0161ala na 300 evrov, medtem ko bi se za najte\u017eje prekr\u0161ke globe povzpele tudi do 2.700 evrov.<\/p>\n<p>Gre za \u0161ir\u0161i paket ukrepov, s katerimi \u017eeli Hrva\u0161ka zmanj\u0161ati \u0161tevilo prometnih nesre\u010d in smrtnih \u017ertev na cestah. Oblasti menijo, da dosedanja praksa, ko so sodi\u0161\u010da pogosto zni\u017eevala izre\u010dene globe, ni dosegla \u017eelenega preventivnega u\u010dinka.<\/p>\n<p>Poleg vi\u0161jih kazni naj bi dr\u017eava izbolj\u0161ala tudi u\u010dinkovitost njihovega pobiranja. Predvideno je zvi\u0161anje najvi\u0161jega zneska globe, ki jo je mogo\u010de poravnati na kraju prekr\u0161ka, prav tako pa se nadaljuje digitalizacija prekr\u0161kovnih postopkov.<\/p>\n<p>Stro\u017eje kaznovanje ponavljajo\u010dih se kr\u0161iteljev<\/p>\n<p><img decoding=\"async\" alt=\"Damir Habijan, hrva\u0161ki minister za pravosodje | Foto: Marko Prpic\/PIXSELL\" class=\"article_content__inline_image js_imageLightbox is-clickable\" data-author=\"Marko Prpic\/PIXSELL\" data-caption=\"Damir Habijan, hrva\u0161ki minister za pravosodje\" data-height=\"1014\" data-href=\"https:\/\/siol.net\/media\/img\/e5\/94\/045ff5118497bba318e9-damir-habijan-minister-za-pravosodje-hrvaska-ministrstvo-za-pravosodje.jpeg\" data-width=\"1600\" loading=\"lazy\" src=\"\/media\/img\/e2\/59\/f385b71d9550566df5a2-damir-habijan-minister-za-pravosodje-hrvaska-ministrstvo-za-pravosodje.jpeg\" title=\"Damir Habijan, minister za pravosodje, Hrva\u0161ka, ministrstvo za pravosodje\"\/><\/p>\n<p> Damir Habijan, hrva\u0161ki minister za pravosodje<br \/>\n Foto: Marko Prpic\/PIXSELL <\/p>\n<p>Spremembe zakona bodo posebej ob\u010dutili ponavljajo\u010di\u00a0se kr\u0161itelji. Za ponavljanje prekr\u0161ka v treh letih\u00a0grozi odvzem vozni\u0161kega dovoljenja za \u0161est mesecev, za vsak nadaljnji prekr\u0161ek pa za leto dni.<\/p>\n<p>&#8220;Kar zadeva globe, je pomembno, da jih sodi\u0161\u010de ne bo moglo ve\u010d omiliti, \u010de je bil izdan tak\u0161en nalog. Mislim, da je to dobro. Obstaja tudi mo\u017enost pla\u010dila na kraju samem oziroma\u00a0v roku, ki ga imate za pla\u010dilo globe, preden zadeva kon\u010da na sodi\u0161\u010du,&#8221;\u00a0je dejal Damir Habijan, minister za pravosodje.\u00a0<\/p>\n<p>Globe predstavljajo le petino celotne prometne slike, pa je dejal\u00a0Marko \u0160o\u0161tari\u0107 s Fakultete za prometne vede. &#8220;Druga podro\u010dja so projektiranje za varnej\u0161e ceste in vozila, izobra\u017eevanje ter\u00a0izbolj\u0161anje slu\u017eb za nujne primere. Evalvacija pa bi morala\u00a0analizirati celoten cestni sistem in ponuditi re\u0161itve tam, kjer so lahko naju\u010dinkovitej\u0161e.&#8221;\u00a0<\/p>\n<p><img decoding=\"async\" alt=\"policija, Hrva\u0161ka, hrva\u0161ka policija | Foto: Shutterstock\" class=\"article_content__inline_image js_imageLightbox is-clickable\" data-author=\"Shutterstock\" data-caption=\"\" data-height=\"4024\" data-href=\"https:\/\/siol.net\/media\/img\/0c\/bf\/064229d3d16a7f115078-policija-hrvaska-hrvaska-policija.jpeg\" data-width=\"6048\" loading=\"lazy\" src=\"\/media\/img\/5f\/76\/497af4c31d406a02a90d-policija-hrvaska-hrvaska-policija.jpeg\" title=\"policija, Hrva\u0161ka, hrva\u0161ka policija\"\/><\/p>\n<p> Foto: Shutterstock <\/p>\n<p>Nekateri vozniki pa se strinjajo, da je udarec\u00a0po denarnici naju\u010dinkovitej\u0161i ukrep. &#8220;Samo globe re\u0161ijo problem. To se najbolje vidi, ko nem\u0161ki ali avstrijski vozniki pridejo na Hrva\u0161ko. V Nem\u010diji vsi vozijo v skladu z omejitvami, ker prejemajo globe po e-po\u0161ti in navadni po\u0161ti, ki se hitro izterjajo, ko pa pridejo k nam, vozijo, kakor se jim zljubi, in parkirajo, kjer jim ustreza. Globe niso slaba stvar,&#8221;\u00a0meni \u017deljko Mi\u0161kulin iz Zagreba. &#8220;Tudi kajenje v avtomobilu bi morali kaznovati. Veliko sem prevozil v \u017eivljenju &#8230;\u00a0pepel pada dol in hitro\u00a0lahko nastane problem,&#8221; je \u0161e dejal Mi\u0161kulin.<\/p>\n","protected":false},"excerpt":{"rendered":"Na hrva\u0161kem ministrstvu za pravosodje pripravljajo pomembne spremembe na podro\u010dju prometnih prekr\u0161kov, ki bi lahko ob\u010dutno vplivale na&hellip;\n","protected":false},"author":2,"featured_media":144180,"comment_status":"","ping_status":"","sticky":false,"template":"","format":"standard","meta":{"footnotes":"","_share_on_mastodon":"0"},"categories":[8],"tags":[5129,585,2197,7227,326,6227,37,38,864,4016,64,63],"class_list":["post-144179","post","type-post","status-publish","format-standard","has-post-thumbnail","category-svet","tag-globa","tag-hrvaska","tag-kaznivo-dejanje","tag-ministrstvo-za-pravosodje","tag-policija","tag-prekrsek","tag-slovene","tag-slovenscina","tag-sodisce","tag-spremembe","tag-svet","tag-world"],"share_on_mastodon":{"url":"https:\/\/pubeurope.com\/@si\/116838747941316129","error":""},"_links":{"self":[{"href":"https:\/\/www.europesays.com\/si\/wp-json\/wp\/v2\/posts\/144179","targetHints":{"allow":["GET"]}}],"collection":[{"href":"https:\/\/www.europesays.com\/si\/wp-json\/wp\/v2\/posts"}],"about":[{"href":"https:\/\/www.europesays.com\/si\/wp-json\/wp\/v2\/types\/post"}],"author":[{"embeddable":true,"href":"https:\/\/www.europesays.com\/si\/wp-json\/wp\/v2\/users\/2"}],"replies":[{"embeddable":true,"href":"https:\/\/www.europesays.com\/si\/wp-json\/wp\/v2\/comments?post=144179"}],"version-history":[{"count":0,"href":"https:\/\/www.europesays.com\/si\/wp-json\/wp\/v2\/posts\/144179\/revisions"}],"wp:featuredmedia":[{"embeddable":true,"href":"https:\/\/www.europesays.com\/si\/wp-json\/wp\/v2\/media\/144180"}],"wp:attachment":[{"href":"https:\/\/www.europesays.com\/si\/wp-json\/wp\/v2\/media?parent=144179"}],"wp:term":[{"taxonomy":"category","embeddable":true,"href":"https:\/\/www.europesays.com\/si\/wp-json\/wp\/v2\/categories?post=144179"},{"taxonomy":"post_tag","embeddable":true,"href":"https:\/\/www.europesays.com\/si\/wp-json\/wp\/v2\/tags?post=144179"}],"curies":[{"name":"wp","href":"https:\/\/api.w.org\/{rel}","templated":true}]}}